
{"id":1243,"date":"2021-11-30T20:19:00","date_gmt":"2021-11-30T19:19:00","guid":{"rendered":"https:\/\/odraniemen.org\/polacy-na-swiecie\/2021\/11\/30\/klawisze-wolnosci-promocja-postaci-ignacego-jana-paderewskiego\/"},"modified":"2021-12-30T22:08:07","modified_gmt":"2021-12-30T21:08:07","slug":"klawisze-wolnosci-promocja-postaci-ignacego-jana-paderewskiego","status":"publish","type":"post","link":"https:\/\/odraniemen.org\/polacy-na-swiecie\/2021\/11\/30\/klawisze-wolnosci-promocja-postaci-ignacego-jana-paderewskiego\/","title":{"rendered":"Klawisze wolno\u015bci &#8211; Ignacy Jan Paderewski"},"content":{"rendered":"\t\t<div data-elementor-type=\"wp-post\" data-elementor-id=\"1243\" class=\"elementor elementor-1243\">\n\t\t\t\t\t\t\t\t\t<section class=\"has_eae_slider elementor-section elementor-top-section elementor-element elementor-element-2f99ef2 elementor-section-boxed elementor-section-height-default elementor-section-height-default\" data-id=\"2f99ef2\" data-element_type=\"section\">\n\t\t\t\t\t\t<div class=\"elementor-container elementor-column-gap-default\">\n\t\t\t\t\t<div class=\"has_eae_slider elementor-column elementor-col-50 elementor-top-column elementor-element elementor-element-b5dd73a\" data-id=\"b5dd73a\" data-element_type=\"column\">\n\t\t\t<div class=\"elementor-widget-wrap elementor-element-populated\">\n\t\t\t\t\t\t\t\t<div class=\"elementor-element elementor-element-c1c4c24 elementor-widget elementor-widget-text-editor\" data-id=\"c1c4c24\" data-element_type=\"widget\" data-widget_type=\"text-editor.default\">\n\t\t\t\t<div class=\"elementor-widget-container\">\n\t\t\t\t\t\t\t<p><strong>Ignacy Jan Paderewski<\/strong> to jedna z najwa\u017cniejszych postaci w polskiej historii &#8211; bez niego, by\u0107 mo\u017ce nie by\u0142oby dzi\u015b Polski na mapie \u015bwiata.<\/p><p>A jednak, mimo, \u017ce niegdy\u015b elektryzowa\u0142 ca\u0142\u0105 Ameryk\u0105, a media rozpisywa\u0142y si\u0119 o tzw. &#8220;paddymanii&#8221;, dzi\u015b posta\u0107 Ignacego Jana Paderewskiego jest szerzej nieznana poza Polsk\u0105.<\/p><p>Historia Ignacego Jana Paderewskiego to historia artysty, muzyka, wielkiego pianisty, kt\u00f3ry swoje warto\u015bci, swoje d\u0105\u017cenie do wolno\u015bci swego narodu i suwerenno\u015bci swojego pa\u0144stwa prze\u0142o\u017cy\u0142 ponad w\u0142asn\u0105 karier\u0119. Si\u0142a jego historii polega na jej uniwersalizmie.<\/p>\t\t\t\t\t\t<\/div>\n\t\t\t\t<\/div>\n\t\t\t\t\t<\/div>\n\t\t<\/div>\n\t\t\t\t<div class=\"has_eae_slider elementor-column elementor-col-50 elementor-top-column elementor-element elementor-element-57e8a7d\" data-id=\"57e8a7d\" data-element_type=\"column\">\n\t\t\t<div class=\"elementor-widget-wrap elementor-element-populated\">\n\t\t\t\t\t\t\t\t<div class=\"elementor-element elementor-element-11bcf28 elementor-widget elementor-widget-image\" data-id=\"11bcf28\" data-element_type=\"widget\" data-widget_type=\"image.default\">\n\t\t\t\t<div class=\"elementor-widget-container\">\n\t\t\t\t\t\t\t\t\t\t\t\t\t\t\t\t<a href=\"https:\/\/odraniemen.org\/wp-content\/uploads\/2021\/12\/Paderewski6.jpg\" data-elementor-open-lightbox=\"yes\" data-e-action-hash=\"#elementor-action%3Aaction%3Dlightbox%26settings%3DeyJpZCI6IjI0MDIyIiwidXJsIjpmYWxzZX0%3D\">\n\t\t\t\t\t\t\t<img decoding=\"async\" src=\"https:\/\/odraniemen.org\/wp-content\/uploads\/2021\/12\/Paderewski6.jpg\" title=\"\" alt=\"\" loading=\"lazy\" \/>\t\t\t\t\t\t\t\t<\/a>\n\t\t\t\t\t\t\t\t\t\t\t\t\t\t\t<\/div>\n\t\t\t\t<\/div>\n\t\t\t\t\t<\/div>\n\t\t<\/div>\n\t\t\t\t\t\t\t<\/div>\n\t\t<\/section>\n\t\t\t\t<section class=\"has_eae_slider elementor-section elementor-top-section elementor-element elementor-element-de9a47e elementor-section-boxed elementor-section-height-default elementor-section-height-default\" data-id=\"de9a47e\" data-element_type=\"section\">\n\t\t\t\t\t\t<div class=\"elementor-container elementor-column-gap-default\">\n\t\t\t\t\t<div class=\"has_eae_slider elementor-column elementor-col-100 elementor-top-column elementor-element elementor-element-0bb25a4\" data-id=\"0bb25a4\" data-element_type=\"column\">\n\t\t\t<div class=\"elementor-widget-wrap elementor-element-populated\">\n\t\t\t\t\t\t\t\t<div class=\"elementor-element elementor-element-92c0d5b elementor-widget elementor-widget-heading\" data-id=\"92c0d5b\" data-element_type=\"widget\" data-widget_type=\"heading.default\">\n\t\t\t\t<div class=\"elementor-widget-container\">\n\t\t\t<h2 class=\"elementor-heading-title elementor-size-default\">Opis projektu<\/h2>\t\t<\/div>\n\t\t\t\t<\/div>\n\t\t\t\t\t<\/div>\n\t\t<\/div>\n\t\t\t\t\t\t\t<\/div>\n\t\t<\/section>\n\t\t\t\t<section class=\"has_eae_slider elementor-section elementor-top-section elementor-element elementor-element-f4de83d elementor-section-boxed elementor-section-height-default elementor-section-height-default\" data-id=\"f4de83d\" data-element_type=\"section\">\n\t\t\t\t\t\t<div class=\"elementor-container elementor-column-gap-default\">\n\t\t\t\t\t<div class=\"has_eae_slider elementor-column elementor-col-50 elementor-top-column elementor-element elementor-element-ec2f606\" data-id=\"ec2f606\" data-element_type=\"column\">\n\t\t\t<div class=\"elementor-widget-wrap elementor-element-populated\">\n\t\t\t\t\t\t\t\t<div class=\"elementor-element elementor-element-d2ed9f9 elementor-widget elementor-widget-text-editor\" data-id=\"d2ed9f9\" data-element_type=\"widget\" data-widget_type=\"text-editor.default\">\n\t\t\t\t<div class=\"elementor-widget-container\">\n\t\t\t\t\t\t\t<p>Projekt\u00a0<strong>\u201eKlawisze wolno\u015bci &#8211; promocja postaci Ignacego Jana Paderewskiego\u201d, <\/strong>to zadanie realizowane przez <strong>Podlaski Oddzia\u0142 Stowarzyszenia Odra-Niemen<\/strong> we wsp\u00f3\u0142pracy z polonijnym portalem <strong>British Poles.<\/strong><\/p><p>Projekt zosta\u0142 z\u0142o\u017cony do <strong>Funduszu Patriotycznego <\/strong>i nawi\u0105zuje do dw\u00f3ch cel\u00f3w programu Funduszu Patriotycznego.<\/p><p>1\/ Upowszechnianie wiedzy o historii i dziedzictwie Polski, ze szczeg\u00f3lnym uwzgl\u0119dnieniem polskiej my\u015bli narodowej, katolicko-spo\u0142ecznej i konserwatywnej.<\/p><p>2\/ Inspirowanie, wspieranie i upowszechnianie zjawisk w nauce, kulturze i sztuce nawi\u0105zuj\u0105cych do dziedzictwa polskiej historii.\u00a0<\/p>\t\t\t\t\t\t<\/div>\n\t\t\t\t<\/div>\n\t\t\t\t\t<\/div>\n\t\t<\/div>\n\t\t\t\t<div class=\"has_eae_slider elementor-column elementor-col-50 elementor-top-column elementor-element elementor-element-1268537\" data-id=\"1268537\" data-element_type=\"column\">\n\t\t\t<div class=\"elementor-widget-wrap elementor-element-populated\">\n\t\t\t\t\t\t\t\t<div class=\"elementor-element elementor-element-7702eff elementor-widget elementor-widget-image\" data-id=\"7702eff\" data-element_type=\"widget\" data-widget_type=\"image.default\">\n\t\t\t\t<div class=\"elementor-widget-container\">\n\t\t\t\t\t\t\t\t\t\t\t\t\t\t\t<img decoding=\"async\" src=\"https:\/\/odraniemen.org\/wp-content\/uploads\/2021\/12\/fp_logo.jpg\" title=\"\" alt=\"\" loading=\"lazy\" \/>\t\t\t\t\t\t\t\t\t\t\t\t\t\t\t<\/div>\n\t\t\t\t<\/div>\n\t\t\t\t<div class=\"elementor-element elementor-element-7edf84b elementor-widget elementor-widget-image\" data-id=\"7edf84b\" data-element_type=\"widget\" data-widget_type=\"image.default\">\n\t\t\t\t<div class=\"elementor-widget-container\">\n\t\t\t\t\t\t\t\t\t\t\t\t\t\t\t<img decoding=\"async\" src=\"https:\/\/odraniemen.org\/wp-content\/uploads\/2021\/12\/British-Poles-Logo3.png\" title=\"\" alt=\"\" loading=\"lazy\" \/>\t\t\t\t\t\t\t\t\t\t\t\t\t\t\t<\/div>\n\t\t\t\t<\/div>\n\t\t\t\t<div class=\"elementor-element elementor-element-2256990 elementor-widget elementor-widget-image\" data-id=\"2256990\" data-element_type=\"widget\" data-widget_type=\"image.default\">\n\t\t\t\t<div class=\"elementor-widget-container\">\n\t\t\t\t\t\t\t\t\t\t\t\t\t\t\t<img decoding=\"async\" src=\"https:\/\/odraniemen.org\/wp-content\/uploads\/2020\/02\/Bialystok_N.png\" title=\"\" alt=\"\" loading=\"lazy\" \/>\t\t\t\t\t\t\t\t\t\t\t\t\t\t\t<\/div>\n\t\t\t\t<\/div>\n\t\t\t\t\t<\/div>\n\t\t<\/div>\n\t\t\t\t\t\t\t<\/div>\n\t\t<\/section>\n\t\t\t\t<section class=\"has_eae_slider elementor-section elementor-top-section elementor-element elementor-element-0bf5d47 elementor-section-boxed elementor-section-height-default elementor-section-height-default\" data-id=\"0bf5d47\" data-element_type=\"section\">\n\t\t\t\t\t\t<div class=\"elementor-container elementor-column-gap-default\">\n\t\t\t\t\t<div class=\"has_eae_slider elementor-column elementor-col-100 elementor-top-column elementor-element elementor-element-a9a7816\" data-id=\"a9a7816\" data-element_type=\"column\">\n\t\t\t<div class=\"elementor-widget-wrap elementor-element-populated\">\n\t\t\t\t\t\t\t\t<div class=\"elementor-element elementor-element-a7345fa elementor-widget elementor-widget-heading\" data-id=\"a7345fa\" data-element_type=\"widget\" data-widget_type=\"heading.default\">\n\t\t\t\t<div class=\"elementor-widget-container\">\n\t\t\t<h3 class=\"elementor-heading-title elementor-size-default\">Cele zadania<\/h3>\t\t<\/div>\n\t\t\t\t<\/div>\n\t\t\t\t\t<\/div>\n\t\t<\/div>\n\t\t\t\t\t\t\t<\/div>\n\t\t<\/section>\n\t\t\t\t<section class=\"has_eae_slider elementor-section elementor-top-section elementor-element elementor-element-1e99e26 elementor-section-boxed elementor-section-height-default elementor-section-height-default\" data-id=\"1e99e26\" data-element_type=\"section\">\n\t\t\t\t\t\t<div class=\"elementor-container elementor-column-gap-default\">\n\t\t\t\t\t<div class=\"has_eae_slider elementor-column elementor-col-50 elementor-top-column elementor-element elementor-element-a8b94a0\" data-id=\"a8b94a0\" data-element_type=\"column\">\n\t\t\t<div class=\"elementor-widget-wrap elementor-element-populated\">\n\t\t\t\t\t\t\t\t<div class=\"elementor-element elementor-element-d006e78 elementor-widget elementor-widget-text-editor\" data-id=\"d006e78\" data-element_type=\"widget\" data-widget_type=\"text-editor.default\">\n\t\t\t\t<div class=\"elementor-widget-container\">\n\t\t\t\t\t\t\t<p>Projekt ma przybli\u017ca\u0107 Paderewskiego, kluczow\u0105 dla nas, historyczn\u0105 posta\u0107 obywatelom r\u00f3\u017cnych kraj\u00f3w \u015bwiata.<\/p><p>Posta\u0107 Ignacego Jana Paderewskiego jest ma\u0142o znana na Zachodzie. W internecie jest niewiele artyku\u0142\u00f3w i nie ma prawie \u017cadnych angloj\u0119zycznych materia\u0142\u00f3w audiowizualnych.\u00a0Nie ma spot\u00f3w, filmik\u00f3w, reporta\u017cy, program\u00f3w czy dokument\u00f3w.<\/p><p><strong>G\u0142\u00f3wnym celem dzia\u0142a\u0144 by\u0142o wypromowanie Ignacego Jana Paderewskiego na Zachodzie, szczeg\u00f3lnie w Ameryce i Wielkiej Brytanii, jako unikalnej historii pianisty, kt\u00f3ry przyczyni\u0142 si\u0119 do odzyskania naszej niepodleg\u0142o\u015bci.\u00a0Projekt upowszechnia te\u017c wiedz\u0119 o historii Polski, gdy\u017c posta\u0107 Ignacego Jana Paderewskiego jest zjawiskiem w kulturze, a jednocze\u015bnie nawi\u0105zuje wyj\u0105tkowo mocno do polskiej historii.<\/strong><\/p><p>Si\u0142a historii Paderewskiego polega na uniwersalnym poszukiwaniu wolno\u015bci. Jest to historia cz\u0142owieka, kt\u00f3ry walczy o wolno\u015b\u0107 i niepodleg\u0142o\u015b\u0107, a zarazem, jego \u017cyciorys ma bardzo unikalny aspekt. Niewiele jest przyk\u0142ad\u00f3w na \u015bwiecie, w kt\u00f3rych muzycy byli r\u00f3wnie\u017c politykami.<\/p>\t\t\t\t\t\t<\/div>\n\t\t\t\t<\/div>\n\t\t\t\t\t<\/div>\n\t\t<\/div>\n\t\t\t\t<div class=\"has_eae_slider elementor-column elementor-col-50 elementor-top-column elementor-element elementor-element-401e90e\" data-id=\"401e90e\" data-element_type=\"column\">\n\t\t\t<div class=\"elementor-widget-wrap elementor-element-populated\">\n\t\t\t\t\t\t\t\t<div class=\"elementor-element elementor-element-d07e5e4 elementor-widget elementor-widget-image-gallery\" data-id=\"d07e5e4\" data-element_type=\"widget\" data-widget_type=\"image-gallery.default\">\n\t\t\t\t<div class=\"elementor-widget-container\">\n\t\t\t\t\t<div class=\"elementor-image-gallery\">\n\t\t\t\t\t<\/div>\n\t\t\t\t<\/div>\n\t\t\t\t<\/div>\n\t\t\t\t\t<\/div>\n\t\t<\/div>\n\t\t\t\t\t\t\t<\/div>\n\t\t<\/section>\n\t\t\t\t<section class=\"has_eae_slider elementor-section elementor-top-section elementor-element elementor-element-ab1a987 elementor-section-boxed elementor-section-height-default elementor-section-height-default\" data-id=\"ab1a987\" data-element_type=\"section\">\n\t\t\t\t\t\t<div class=\"elementor-container elementor-column-gap-default\">\n\t\t\t\t\t<div class=\"has_eae_slider elementor-column elementor-col-100 elementor-top-column elementor-element elementor-element-b18fb4e\" data-id=\"b18fb4e\" data-element_type=\"column\">\n\t\t\t<div class=\"elementor-widget-wrap elementor-element-populated\">\n\t\t\t\t\t\t\t\t<div class=\"elementor-element elementor-element-bc4ff7f elementor-widget elementor-widget-heading\" data-id=\"bc4ff7f\" data-element_type=\"widget\" data-widget_type=\"heading.default\">\n\t\t\t\t<div class=\"elementor-widget-container\">\n\t\t\t<h3 class=\"elementor-heading-title elementor-size-default\">Dzia\u0142ania<\/h3>\t\t<\/div>\n\t\t\t\t<\/div>\n\t\t\t\t\t<\/div>\n\t\t<\/div>\n\t\t\t\t\t\t\t<\/div>\n\t\t<\/section>\n\t\t\t\t<section class=\"has_eae_slider elementor-section elementor-top-section elementor-element elementor-element-542b2a3 elementor-section-boxed elementor-section-height-default elementor-section-height-default\" data-id=\"542b2a3\" data-element_type=\"section\">\n\t\t\t\t\t\t<div class=\"elementor-container elementor-column-gap-default\">\n\t\t\t\t\t<div class=\"has_eae_slider elementor-column elementor-col-50 elementor-top-column elementor-element elementor-element-97fbb3e\" data-id=\"97fbb3e\" data-element_type=\"column\">\n\t\t\t<div class=\"elementor-widget-wrap elementor-element-populated\">\n\t\t\t\t\t\t\t\t<div class=\"elementor-element elementor-element-f5a0ae1 elementor-widget elementor-widget-text-editor\" data-id=\"f5a0ae1\" data-element_type=\"widget\" data-widget_type=\"text-editor.default\">\n\t\t\t\t<div class=\"elementor-widget-container\">\n\t\t\t\t\t\t\t\t\t\t\t\t\t<\/div>\n\t\t\t\t<\/div>\n\t\t\t\t<div class=\"elementor-element elementor-element-b1b167c elementor-icon-list--layout-traditional elementor-list-item-link-full_width elementor-widget elementor-widget-icon-list\" data-id=\"b1b167c\" data-element_type=\"widget\" data-widget_type=\"icon-list.default\">\n\t\t\t\t<div class=\"elementor-widget-container\">\n\t\t\t\t\t<ul class=\"elementor-icon-list-items\">\n\t\t\t\t\t\t\t<li class=\"elementor-icon-list-item\">\n\t\t\t\t\t\t\t\t\t\t\t<a href=\"https:\/\/www.facebook.com\/britishpoles\/videos\/312350030548623\">\n\n\t\t\t\t\t\t\t\t\t\t\t\t<span class=\"elementor-icon-list-icon\">\n\t\t\t\t\t\t\t<i aria-hidden=\"true\" class=\"fas fa-dot-circle\"><\/i>\t\t\t\t\t\t<\/span>\n\t\t\t\t\t\t\t\t\t\t<span class=\"elementor-icon-list-text\">Spot \"Klawisze Wolno\u015bci\" KLIKNIJ<\/span>\n\t\t\t\t\t\t\t\t\t\t\t<\/a>\n\t\t\t\t\t\t\t\t\t<\/li>\n\t\t\t\t\t\t<\/ul>\n\t\t\t\t<\/div>\n\t\t\t\t<\/div>\n\t\t\t\t<div class=\"elementor-element elementor-element-bf4006a elementor-widget elementor-widget-text-editor\" data-id=\"bf4006a\" data-element_type=\"widget\" data-widget_type=\"text-editor.default\">\n\t\t\t\t<div class=\"elementor-widget-container\">\n\t\t\t\t\t\t\t<p>Stworzono kr\u00f3tki angloj\u0119zyczny spot dla odbiorc\u00f3w zachodnich (przede wszystkim Ameryka i Wielka Brytania), kt\u00f3ry przypomina o Ignacym Janie Paderewskim w przyst\u0119pny, m\u0142odzie\u017cowy i &#8220;internetowy&#8221; spos\u00f3b.<\/p><p>Spot promuje Ignacego Jana Paderewskiego w przebojowy spos\u00f3b. Polska historia nie jest zbyt dobrze znana obcokrajowcom, a Paderewski to wielowektorowa i skomplikowana posta\u0107, dlatego wykorzystano kr\u00f3tk\u0105 form\u0119 multimedialn\u0105. Materia\u0142 ma dotrze\u0107 do m\u0142odych zagranicznych odbiorc\u00f3w i promowa\u0107 Polsk\u0119 w\u015br\u00f3d tych os\u00f3b. To tez stworzenie materia\u0142u, kt\u00f3ry b\u0119dzie s\u0142u\u017cy\u0142 w ka\u017cd\u0105 rocznic\u0119 odzyskania niepodleg\u0142o\u015bci oraz okoliczno\u015bci rocznicowe zwi\u0105zane z Paderewskim.<\/p>\t\t\t\t\t\t<\/div>\n\t\t\t\t<\/div>\n\t\t\t\t\t<\/div>\n\t\t<\/div>\n\t\t\t\t<div class=\"has_eae_slider elementor-column elementor-col-50 elementor-top-column elementor-element elementor-element-3331d19\" data-id=\"3331d19\" data-element_type=\"column\">\n\t\t\t<div class=\"elementor-widget-wrap elementor-element-populated\">\n\t\t\t\t\t\t\t\t<div class=\"elementor-element elementor-element-e16af0f elementor-widget elementor-widget-spacer\" data-id=\"e16af0f\" data-element_type=\"widget\" data-widget_type=\"spacer.default\">\n\t\t\t\t<div class=\"elementor-widget-container\">\n\t\t\t\t\t<div class=\"elementor-spacer\">\n\t\t\t<div class=\"elementor-spacer-inner\"><\/div>\n\t\t<\/div>\n\t\t\t\t<\/div>\n\t\t\t\t<\/div>\n\t\t\t\t<div class=\"elementor-element elementor-element-878a5cc elementor-widget elementor-widget-image\" data-id=\"878a5cc\" data-element_type=\"widget\" data-widget_type=\"image.default\">\n\t\t\t\t<div class=\"elementor-widget-container\">\n\t\t\t\t\t\t\t\t\t\t\t\t\t\t\t\t<a href=\"https:\/\/odraniemen.org\/wp-content\/uploads\/2021\/12\/screen.jpg\" data-elementor-open-lightbox=\"yes\" data-e-action-hash=\"#elementor-action%3Aaction%3Dlightbox%26settings%3DeyJpZCI6IjI0MDM0IiwidXJsIjpmYWxzZX0%3D\">\n\t\t\t\t\t\t\t<img decoding=\"async\" src=\"https:\/\/odraniemen.org\/wp-content\/uploads\/2021\/12\/screen.jpg\" title=\"\" alt=\"\" loading=\"lazy\" \/>\t\t\t\t\t\t\t\t<\/a>\n\t\t\t\t\t\t\t\t\t\t\t\t\t\t\t<\/div>\n\t\t\t\t<\/div>\n\t\t\t\t<div class=\"elementor-element elementor-element-8d93cd7 elementor-widget elementor-widget-text-editor\" data-id=\"8d93cd7\" data-element_type=\"widget\" data-widget_type=\"text-editor.default\">\n\t\t\t\t<div class=\"elementor-widget-container\">\n\t\t\t\t\t\t\t<p><strong>Narratorem w filmie jest <span class=\"nc684nl6\">Stefan Tompson, Polak urodzony w Wielkiej Brytanii.<\/span><\/strong><\/p>\t\t\t\t\t\t<\/div>\n\t\t\t\t<\/div>\n\t\t\t\t\t<\/div>\n\t\t<\/div>\n\t\t\t\t\t\t\t<\/div>\n\t\t<\/section>\n\t\t\t\t<section class=\"has_eae_slider elementor-section elementor-top-section elementor-element elementor-element-5251dfd elementor-section-boxed elementor-section-height-default elementor-section-height-default\" data-id=\"5251dfd\" data-element_type=\"section\">\n\t\t\t\t\t\t<div class=\"elementor-container elementor-column-gap-default\">\n\t\t\t\t\t<div class=\"has_eae_slider elementor-column elementor-col-50 elementor-top-column elementor-element elementor-element-584ec11\" data-id=\"584ec11\" data-element_type=\"column\">\n\t\t\t<div class=\"elementor-widget-wrap elementor-element-populated\">\n\t\t\t\t\t\t\t\t<div class=\"elementor-element elementor-element-2d024c4 elementor-widget elementor-widget-text-editor\" data-id=\"2d024c4\" data-element_type=\"widget\" data-widget_type=\"text-editor.default\">\n\t\t\t\t<div class=\"elementor-widget-container\">\n\t\t\t\t\t\t\t\t\t\t\t\t\t<\/div>\n\t\t\t\t<\/div>\n\t\t\t\t<div class=\"elementor-element elementor-element-039882e elementor-icon-list--layout-traditional elementor-list-item-link-full_width elementor-widget elementor-widget-icon-list\" data-id=\"039882e\" data-element_type=\"widget\" data-widget_type=\"icon-list.default\">\n\t\t\t\t<div class=\"elementor-widget-container\">\n\t\t\t\t\t<ul class=\"elementor-icon-list-items\">\n\t\t\t\t\t\t\t<li class=\"elementor-icon-list-item\">\n\t\t\t\t\t\t\t\t\t\t\t<span class=\"elementor-icon-list-icon\">\n\t\t\t\t\t\t\t<i aria-hidden=\"true\" class=\"fas fa-dot-circle\"><\/i>\t\t\t\t\t\t<\/span>\n\t\t\t\t\t\t\t\t\t\t<span class=\"elementor-icon-list-text\">Kampania w mediach spo\u0142eczno\u015bciowych<\/span>\n\t\t\t\t\t\t\t\t\t<\/li>\n\t\t\t\t\t\t<\/ul>\n\t\t\t\t<\/div>\n\t\t\t\t<\/div>\n\t\t\t\t<div class=\"elementor-element elementor-element-7340d0b elementor-widget elementor-widget-text-editor\" data-id=\"7340d0b\" data-element_type=\"widget\" data-widget_type=\"text-editor.default\">\n\t\t\t\t<div class=\"elementor-widget-container\">\n\t\t\t\t\t\t\t<p>Wykorzystano dost\u0119pne\u00a0 kana\u0142y portalu British Poles, jednego z najwi\u0119kszych polonijnych medi\u00f3w elektronicznych do promowania spot\u00f3w oraz Ignacego Paderewskiego. Kana\u0142y British Poles s\u0105 opracowywane w j\u0119zyku polskim i angielskim i ka\u017cdy wpis ma szerokie zasi\u0119gi. Opracowano kampani\u0119 graficzn\u0105 i informacyjn\u0105 oraz wygenerowano wysokie zasi\u0119gi w mediach spo\u0142eczno\u015bciowych.<\/p><p>Wykorzystano nast\u0119puj\u0105ce kana\u0142y do dystrybucji informacji:<\/p><p><strong>Facebook &#8211; \u0142\u0105cznie uzyskano 816.397 wy\u015bwietle\u0144.<\/strong><\/p><p><strong>Instagram &#8211; \u0142\u0105cznie uzyskano 2.023 wy\u015bwietle\u0144\/relacji.<\/strong><\/p><p><strong>Twitter &#8211; \u0142\u0105cznie uzyskano 174.512 wy\u015bwietle\u0144.<\/strong><\/p><p>Ca\u0142kowita ilo\u015b\u0107 publikacji w mediach spo\u0142eczno\u015bciowych to <strong>34 publikacje.<\/strong> <strong>Uzyska\u0142y one \u0142\u0105cznie 992.932 wy\u015bwietle\u0144.<\/strong> Wy\u015bwietlenia w liczbie oko\u0142o miliona to znakomity wynik projektu, uzyskany w kr\u00f3tkim czasie.<\/p>\t\t\t\t\t\t<\/div>\n\t\t\t\t<\/div>\n\t\t\t\t\t<\/div>\n\t\t<\/div>\n\t\t\t\t<div class=\"has_eae_slider elementor-column elementor-col-50 elementor-top-column elementor-element elementor-element-95ab45c\" data-id=\"95ab45c\" data-element_type=\"column\">\n\t\t\t<div class=\"elementor-widget-wrap elementor-element-populated\">\n\t\t\t\t\t\t\t\t<div class=\"elementor-element elementor-element-f97d610 elementor-widget elementor-widget-spacer\" data-id=\"f97d610\" data-element_type=\"widget\" data-widget_type=\"spacer.default\">\n\t\t\t\t<div class=\"elementor-widget-container\">\n\t\t\t\t\t<div class=\"elementor-spacer\">\n\t\t\t<div class=\"elementor-spacer-inner\"><\/div>\n\t\t<\/div>\n\t\t\t\t<\/div>\n\t\t\t\t<\/div>\n\t\t\t\t<div class=\"elementor-element elementor-element-c833300 elementor-widget elementor-widget-image\" data-id=\"c833300\" data-element_type=\"widget\" data-widget_type=\"image.default\">\n\t\t\t\t<div class=\"elementor-widget-container\">\n\t\t\t\t\t\t\t\t\t\t\t\t\t\t\t\t<a href=\"https:\/\/odraniemen.org\/wp-content\/uploads\/2021\/12\/260679278_5063888076962997_3155273688883127000_n-2.png\" data-elementor-open-lightbox=\"yes\" data-e-action-hash=\"#elementor-action%3Aaction%3Dlightbox%26settings%3DeyJpZCI6IjI0MDI4IiwidXJsIjpmYWxzZX0%3D\">\n\t\t\t\t\t\t\t<img decoding=\"async\" src=\"https:\/\/odraniemen.org\/wp-content\/uploads\/2021\/12\/260679278_5063888076962997_3155273688883127000_n-2.png\" title=\"\" alt=\"\" loading=\"lazy\" \/>\t\t\t\t\t\t\t\t<\/a>\n\t\t\t\t\t\t\t\t\t\t\t\t\t\t\t<\/div>\n\t\t\t\t<\/div>\n\t\t\t\t<div class=\"elementor-element elementor-element-b986d53 elementor-widget elementor-widget-text-editor\" data-id=\"b986d53\" data-element_type=\"widget\" data-widget_type=\"text-editor.default\">\n\t\t\t\t<div class=\"elementor-widget-container\">\n\t\t\t\t\t\t\t<p><strong>Przyk\u0142adowe linki publikacji:<\/strong><\/p>\t\t\t\t\t\t<\/div>\n\t\t\t\t<\/div>\n\t\t\t\t<div class=\"elementor-element elementor-element-2fa084d elementor-align-center elementor-icon-list--layout-traditional elementor-list-item-link-full_width elementor-widget elementor-widget-icon-list\" data-id=\"2fa084d\" data-element_type=\"widget\" data-widget_type=\"icon-list.default\">\n\t\t\t\t<div class=\"elementor-widget-container\">\n\t\t\t\t\t<ul class=\"elementor-icon-list-items\">\n\t\t\t\t\t\t\t<li class=\"elementor-icon-list-item\">\n\t\t\t\t\t\t\t\t\t\t\t<a href=\"https:\/\/www.facebook.com\/britishpoles\/posts\/4985057198179419\">\n\n\t\t\t\t\t\t\t\t\t\t\t\t<span class=\"elementor-icon-list-icon\">\n\t\t\t\t\t\t\t<i aria-hidden=\"true\" class=\"fas fa-dot-circle\"><\/i>\t\t\t\t\t\t<\/span>\n\t\t\t\t\t\t\t\t\t\t<span class=\"elementor-icon-list-text\">Wpis na Facebooku #1<\/span>\n\t\t\t\t\t\t\t\t\t\t\t<\/a>\n\t\t\t\t\t\t\t\t\t<\/li>\n\t\t\t\t\t\t\t\t<li class=\"elementor-icon-list-item\">\n\t\t\t\t\t\t\t\t\t\t\t<a href=\"https:\/\/www.facebook.com\/britishpoles\/posts\/4983971571621315\">\n\n\t\t\t\t\t\t\t\t\t\t\t\t<span class=\"elementor-icon-list-icon\">\n\t\t\t\t\t\t\t<i aria-hidden=\"true\" class=\"fas fa-dot-circle\"><\/i>\t\t\t\t\t\t<\/span>\n\t\t\t\t\t\t\t\t\t\t<span class=\"elementor-icon-list-text\">Wpis na Facebooku #2<\/span>\n\t\t\t\t\t\t\t\t\t\t\t<\/a>\n\t\t\t\t\t\t\t\t\t<\/li>\n\t\t\t\t\t\t\t\t<li class=\"elementor-icon-list-item\">\n\t\t\t\t\t\t\t\t\t\t\t<a href=\"https:\/\/www.facebook.com\/britishpoles\/posts\/5063893360295802\">\n\n\t\t\t\t\t\t\t\t\t\t\t\t<span class=\"elementor-icon-list-icon\">\n\t\t\t\t\t\t\t<i aria-hidden=\"true\" class=\"fas fa-dot-circle\"><\/i>\t\t\t\t\t\t<\/span>\n\t\t\t\t\t\t\t\t\t\t<span class=\"elementor-icon-list-text\">Wpis na Facebooku #3<\/span>\n\t\t\t\t\t\t\t\t\t\t\t<\/a>\n\t\t\t\t\t\t\t\t\t<\/li>\n\t\t\t\t\t\t<\/ul>\n\t\t\t\t<\/div>\n\t\t\t\t<\/div>\n\t\t\t\t\t<\/div>\n\t\t<\/div>\n\t\t\t\t\t\t\t<\/div>\n\t\t<\/section>\n\t\t\t\t<section class=\"has_eae_slider elementor-section elementor-top-section elementor-element elementor-element-d31f278 elementor-section-boxed elementor-section-height-default elementor-section-height-default\" data-id=\"d31f278\" data-element_type=\"section\">\n\t\t\t\t\t\t<div class=\"elementor-container elementor-column-gap-default\">\n\t\t\t\t\t<div class=\"has_eae_slider elementor-column elementor-col-50 elementor-top-column elementor-element elementor-element-2ea6603\" data-id=\"2ea6603\" data-element_type=\"column\">\n\t\t\t<div class=\"elementor-widget-wrap elementor-element-populated\">\n\t\t\t\t\t\t\t\t<div class=\"elementor-element elementor-element-e7f11e3 elementor-widget elementor-widget-text-editor\" data-id=\"e7f11e3\" data-element_type=\"widget\" data-widget_type=\"text-editor.default\">\n\t\t\t\t<div class=\"elementor-widget-container\">\n\t\t\t\t\t\t\t\t\t\t\t\t\t<\/div>\n\t\t\t\t<\/div>\n\t\t\t\t<div class=\"elementor-element elementor-element-13b169b elementor-icon-list--layout-traditional elementor-list-item-link-full_width elementor-widget elementor-widget-icon-list\" data-id=\"13b169b\" data-element_type=\"widget\" data-widget_type=\"icon-list.default\">\n\t\t\t\t<div class=\"elementor-widget-container\">\n\t\t\t\t\t<ul class=\"elementor-icon-list-items\">\n\t\t\t\t\t\t\t<li class=\"elementor-icon-list-item\">\n\t\t\t\t\t\t\t\t\t\t\t<span class=\"elementor-icon-list-icon\">\n\t\t\t\t\t\t\t<i aria-hidden=\"true\" class=\"fas fa-dot-circle\"><\/i>\t\t\t\t\t\t<\/span>\n\t\t\t\t\t\t\t\t\t\t<span class=\"elementor-icon-list-text\">Artyku\u0142y w mediach polskich i zagranicznych<\/span>\n\t\t\t\t\t\t\t\t\t<\/li>\n\t\t\t\t\t\t<\/ul>\n\t\t\t\t<\/div>\n\t\t\t\t<\/div>\n\t\t\t\t<div class=\"elementor-element elementor-element-35b75d8 elementor-widget elementor-widget-text-editor\" data-id=\"35b75d8\" data-element_type=\"widget\" data-widget_type=\"text-editor.default\">\n\t\t\t\t<div class=\"elementor-widget-container\">\n\t\t\t\t\t\t\t<p>Artyku\u0142 pod tytu\u0142em <strong>\u201eIgnacy Paderewski: the virtuoso of Polish independence\u201d<\/strong> powsta\u0142 i uka\u017ce si\u0119 w najbli\u017cszym wydaniu kwartalnika Musical Opinion w kwietniu 2022 roku. Kwartalnik Musical Opinion jest jednym z najstarszych i najbardziej presti\u017cowych magazyn\u00f3w muzycznych w Wielkiej Brytanii. Musical Opinion wychodzi nieprzerwanie od 1877 r. Artyku\u0142 jest tak\u017ce dost\u0119pny na polsko-brytyjskim portalu British Poles, kt\u00f3ry jest jednym z najwi\u0119kszych portali polonijnych na \u015bwiecie.<\/p><p><strong><a href=\"https:\/\/www.musicalopinion.com\/\">Strona internetowa Musical Opinion ZOBACZ\u00a0<\/a><\/strong><\/p><p><a href=\"https:\/\/www.britishpoles.uk\/ignacy-paderewski-the-virtuoso-of-polish-independence\/\"><strong>Strona internetowa British Poles z artyku\u0142em ZOBACZ<\/strong><\/a><\/p>\t\t\t\t\t\t<\/div>\n\t\t\t\t<\/div>\n\t\t\t\t\t<\/div>\n\t\t<\/div>\n\t\t\t\t<div class=\"has_eae_slider elementor-column elementor-col-50 elementor-top-column elementor-element elementor-element-e9e6e19\" data-id=\"e9e6e19\" data-element_type=\"column\">\n\t\t\t<div class=\"elementor-widget-wrap elementor-element-populated\">\n\t\t\t\t\t\t\t\t<div class=\"elementor-element elementor-element-7988492 elementor-widget elementor-widget-spacer\" data-id=\"7988492\" data-element_type=\"widget\" data-widget_type=\"spacer.default\">\n\t\t\t\t<div class=\"elementor-widget-container\">\n\t\t\t\t\t<div class=\"elementor-spacer\">\n\t\t\t<div class=\"elementor-spacer-inner\"><\/div>\n\t\t<\/div>\n\t\t\t\t<\/div>\n\t\t\t\t<\/div>\n\t\t\t\t<div class=\"elementor-element elementor-element-e04a16b elementor-widget elementor-widget-image\" data-id=\"e04a16b\" data-element_type=\"widget\" data-widget_type=\"image.default\">\n\t\t\t\t<div class=\"elementor-widget-container\">\n\t\t\t\t\t\t\t\t\t\t\t\t\t\t\t\t<a href=\"https:\/\/odraniemen.org\/wp-content\/uploads\/2021\/12\/Paderewski7.jpg\" data-elementor-open-lightbox=\"yes\" data-e-action-hash=\"#elementor-action%3Aaction%3Dlightbox%26settings%3DeyJpZCI6IjI0MDM1IiwidXJsIjpmYWxzZX0%3D\">\n\t\t\t\t\t\t\t<img decoding=\"async\" src=\"https:\/\/odraniemen.org\/wp-content\/uploads\/2021\/12\/Paderewski7.jpg\" title=\"\" alt=\"\" loading=\"lazy\" \/>\t\t\t\t\t\t\t\t<\/a>\n\t\t\t\t\t\t\t\t\t\t\t\t\t\t\t<\/div>\n\t\t\t\t<\/div>\n\t\t\t\t\t<\/div>\n\t\t<\/div>\n\t\t\t\t\t\t\t<\/div>\n\t\t<\/section>\n\t\t\t\t<section class=\"has_eae_slider elementor-section elementor-top-section elementor-element elementor-element-05bd636 elementor-section-boxed elementor-section-height-default elementor-section-height-default\" data-id=\"05bd636\" data-element_type=\"section\">\n\t\t\t\t\t\t<div class=\"elementor-container elementor-column-gap-default\">\n\t\t\t\t\t<div class=\"has_eae_slider elementor-column elementor-col-100 elementor-top-column elementor-element elementor-element-cb040f2\" data-id=\"cb040f2\" data-element_type=\"column\">\n\t\t\t<div class=\"elementor-widget-wrap elementor-element-populated\">\n\t\t\t\t\t\t\t\t<div class=\"elementor-element elementor-element-96cb685 elementor-widget elementor-widget-spacer\" data-id=\"96cb685\" data-element_type=\"widget\" data-widget_type=\"spacer.default\">\n\t\t\t\t<div class=\"elementor-widget-container\">\n\t\t\t\t\t<div class=\"elementor-spacer\">\n\t\t\t<div class=\"elementor-spacer-inner\"><\/div>\n\t\t<\/div>\n\t\t\t\t<\/div>\n\t\t\t\t<\/div>\n\t\t\t\t<div class=\"elementor-element elementor-element-a00abdf elementor-widget elementor-widget-heading\" data-id=\"a00abdf\" data-element_type=\"widget\" data-widget_type=\"heading.default\">\n\t\t\t\t<div class=\"elementor-widget-container\">\n\t\t\t<h2 class=\"elementor-heading-title elementor-size-default\">Partnerzy finansowi<\/h2>\t\t<\/div>\n\t\t\t\t<\/div>\n\t\t\t\t\t<\/div>\n\t\t<\/div>\n\t\t\t\t\t\t\t<\/div>\n\t\t<\/section>\n\t\t\t\t<section class=\"has_eae_slider elementor-section elementor-top-section elementor-element elementor-element-a6e4284 elementor-section-boxed elementor-section-height-default elementor-section-height-default\" data-id=\"a6e4284\" data-element_type=\"section\">\n\t\t\t\t\t\t<div class=\"elementor-container elementor-column-gap-default\">\n\t\t\t\t\t<div class=\"has_eae_slider elementor-column elementor-col-100 elementor-top-column elementor-element elementor-element-88bbc54\" data-id=\"88bbc54\" data-element_type=\"column\">\n\t\t\t<div class=\"elementor-widget-wrap elementor-element-populated\">\n\t\t\t\t\t\t\t\t<div class=\"elementor-element elementor-element-18d1aa5 elementor-widget elementor-widget-text-editor\" data-id=\"18d1aa5\" data-element_type=\"widget\" data-widget_type=\"text-editor.default\">\n\t\t\t\t<div class=\"elementor-widget-container\">\n\t\t\t\t\t\t\t<p><strong>Projekt dofinansowano ze \u015brodk\u00f3w Instytutu Dziedzictwa My\u015bli Narodowej im. Romana Dmowskiego i Ignacego Jana Paderewskiego w ramach Funduszu Patriotycznego.<\/strong><\/p>\t\t\t\t\t\t<\/div>\n\t\t\t\t<\/div>\n\t\t\t\t\t<\/div>\n\t\t<\/div>\n\t\t\t\t\t\t\t<\/div>\n\t\t<\/section>\n\t\t\t\t<section class=\"has_eae_slider elementor-section elementor-top-section elementor-element elementor-element-6adefb3 elementor-section-boxed elementor-section-height-default elementor-section-height-default\" data-id=\"6adefb3\" data-element_type=\"section\">\n\t\t\t\t\t\t<div class=\"elementor-container elementor-column-gap-default\">\n\t\t\t\t\t<div class=\"has_eae_slider elementor-column elementor-col-100 elementor-top-column elementor-element elementor-element-a3a8a7b\" data-id=\"a3a8a7b\" data-element_type=\"column\">\n\t\t\t<div class=\"elementor-widget-wrap elementor-element-populated\">\n\t\t\t\t\t\t\t\t<div class=\"elementor-element elementor-element-ebaaa0b elementor-widget elementor-widget-image-gallery\" data-id=\"ebaaa0b\" data-element_type=\"widget\" data-widget_type=\"image-gallery.default\">\n\t\t\t\t<div class=\"elementor-widget-container\">\n\t\t\t\t\t<div class=\"elementor-image-gallery\">\n\t\t\t\t\t<\/div>\n\t\t\t\t<\/div>\n\t\t\t\t<\/div>\n\t\t\t\t\t<\/div>\n\t\t<\/div>\n\t\t\t\t\t\t\t<\/div>\n\t\t<\/section>\n\t\t\t\t<section class=\"has_eae_slider elementor-section elementor-top-section elementor-element elementor-element-f705efa elementor-section-boxed elementor-section-height-default elementor-section-height-default\" data-id=\"f705efa\" data-element_type=\"section\">\n\t\t\t\t\t\t<div class=\"elementor-container elementor-column-gap-default\">\n\t\t\t\t\t<div class=\"has_eae_slider elementor-column elementor-col-100 elementor-top-column elementor-element elementor-element-db9f5f8\" data-id=\"db9f5f8\" data-element_type=\"column\">\n\t\t\t<div class=\"elementor-widget-wrap elementor-element-populated\">\n\t\t\t\t\t\t\t\t<div class=\"elementor-element elementor-element-22ca03c elementor-widget elementor-widget-spacer\" data-id=\"22ca03c\" data-element_type=\"widget\" data-widget_type=\"spacer.default\">\n\t\t\t\t<div class=\"elementor-widget-container\">\n\t\t\t\t\t<div class=\"elementor-spacer\">\n\t\t\t<div class=\"elementor-spacer-inner\"><\/div>\n\t\t<\/div>\n\t\t\t\t<\/div>\n\t\t\t\t<\/div>\n\t\t\t\t\t<\/div>\n\t\t<\/div>\n\t\t\t\t\t\t\t<\/div>\n\t\t<\/section>\n\t\t\t\t\t\t\t<\/div>\n\t\t","protected":false},"excerpt":{"rendered":"<p>Ignacy Jan Paderewski to jedna z najwa\u017cniejszych postaci w polskiej historii &#8211; bez niego, by\u0107 mo\u017ce nie by\u0142oby dzi\u015b Polski na mapie \u015bwiata. A jednak, mimo, \u017ce niegdy\u015b elektryzowa\u0142 ca\u0142\u0105 Ameryk\u0105, a media rozpisywa\u0142y si\u0119 o tzw. &#8220;paddymanii&#8221;, dzi\u015b posta\u0107 Ignacego Jana Paderewskiego jest szerzej nieznana poza Polsk\u0105. Historia Ignacego Jana Paderewskiego to historia artysty, &hellip;<\/p>\n<p class=\"read-more\"> <a class=\"\" href=\"https:\/\/odraniemen.org\/polacy-na-swiecie\/2021\/11\/30\/klawisze-wolnosci-promocja-postaci-ignacego-jana-paderewskiego\/\"> <span class=\"screen-reader-text\">Klawisze wolno\u015bci &#8211; Ignacy Jan Paderewski<\/span> Read More &raquo;<\/a><\/p>\n","protected":false},"author":2564,"featured_media":1248,"comment_status":"closed","ping_status":"closed","sticky":false,"template":"","format":"standard","meta":{"site-sidebar-layout":"default","site-content-layout":"default","ast-site-content-layout":"","site-content-style":"default","site-sidebar-style":"default","ast-global-header-display":"","ast-banner-title-visibility":"","ast-main-header-display":"","ast-hfb-above-header-display":"","ast-hfb-below-header-display":"","ast-hfb-mobile-header-display":"","site-post-title":"","ast-breadcrumbs-content":"","ast-featured-img":"disabled","footer-sml-layout":"","theme-transparent-header-meta":"default","adv-header-id-meta":"","stick-header-meta":"","header-above-stick-meta":"","header-main-stick-meta":"","header-below-stick-meta":"","astra-migrate-meta-layouts":"","ast-page-background-enabled":"default","ast-page-background-meta":{"desktop":{"background-color":"","background-image":"","background-repeat":"repeat","background-position":"center center","background-size":"auto","background-attachment":"scroll","background-type":"","background-media":"","overlay-type":"","overlay-color":"","overlay-gradient":""},"tablet":{"background-color":"","background-image":"","background-repeat":"repeat","background-position":"center center","background-size":"auto","background-attachment":"scroll","background-type":"","background-media":"","overlay-type":"","overlay-color":"","overlay-gradient":""},"mobile":{"background-color":"","background-image":"","background-repeat":"repeat","background-position":"center center","background-size":"auto","background-attachment":"scroll","background-type":"","background-media":"","overlay-type":"","overlay-color":"","overlay-gradient":""}},"ast-content-background-meta":{"desktop":{"background-color":"var(--ast-global-color-5)","background-image":"","background-repeat":"repeat","background-position":"center center","background-size":"auto","background-attachment":"scroll","background-type":"","background-media":"","overlay-type":"","overlay-color":"","overlay-gradient":""},"tablet":{"background-color":"var(--ast-global-color-5)","background-image":"","background-repeat":"repeat","background-position":"center center","background-size":"auto","background-attachment":"scroll","background-type":"","background-media":"","overlay-type":"","overlay-color":"","overlay-gradient":""},"mobile":{"background-color":"var(--ast-global-color-5)","background-image":"","background-repeat":"repeat","background-position":"center center","background-size":"auto","background-attachment":"scroll","background-type":"","background-media":"","overlay-type":"","overlay-color":"","overlay-gradient":""}},"footnotes":""},"categories":[17,74,107,53,135],"tags":[159,88,160,139,140,113],"yoast_head":"<!-- This site is optimized with the Yoast SEO plugin v21.6 - https:\/\/yoast.com\/wordpress\/plugins\/seo\/ -->\n<title>Klawisze wolno\u015bci - Ignacy Jan Paderewski - Polacy Ponad Granicami<\/title>\n<meta name=\"robots\" content=\"index, follow, max-snippet:-1, max-image-preview:large, max-video-preview:-1\" \/>\n<link rel=\"canonical\" href=\"https:\/\/odraniemen.org\/polacy-na-swiecie\/2021\/11\/30\/klawisze-wolnosci-promocja-postaci-ignacego-jana-paderewskiego\/\" \/>\n<meta property=\"og:locale\" content=\"pl_PL\" \/>\n<meta property=\"og:type\" content=\"article\" \/>\n<meta property=\"og:title\" content=\"Klawisze wolno\u015bci - Ignacy Jan Paderewski - Polacy Ponad Granicami\" \/>\n<meta property=\"og:description\" content=\"Ignacy Jan Paderewski to jedna z najwa\u017cniejszych postaci w polskiej historii &#8211; bez niego, by\u0107 mo\u017ce nie by\u0142oby dzi\u015b Polski na mapie \u015bwiata. A jednak, mimo, \u017ce niegdy\u015b elektryzowa\u0142 ca\u0142\u0105 Ameryk\u0105, a media rozpisywa\u0142y si\u0119 o tzw. &#8220;paddymanii&#8221;, dzi\u015b posta\u0107 Ignacego Jana Paderewskiego jest szerzej nieznana poza Polsk\u0105. Historia Ignacego Jana Paderewskiego to historia artysty, &hellip; Klawisze wolno\u015bci &#8211; Ignacy Jan Paderewski Read More &raquo;\" \/>\n<meta property=\"og:url\" content=\"https:\/\/odraniemen.org\/polacy-na-swiecie\/2021\/11\/30\/klawisze-wolnosci-promocja-postaci-ignacego-jana-paderewskiego\/\" \/>\n<meta property=\"og:site_name\" content=\"Polacy Ponad Granicami\" \/>\n<meta property=\"article:published_time\" content=\"2021-11-30T19:19:00+00:00\" \/>\n<meta property=\"article:modified_time\" content=\"2021-12-30T21:08:07+00:00\" \/>\n<meta property=\"og:image\" content=\"https:\/\/odraniemen.org\/polacy-na-swiecie\/wp-content\/uploads\/sites\/10\/2021\/12\/260679278_5063888076962997_3155273688883127000_n-2.png\" \/>\n\t<meta property=\"og:image:width\" content=\"598\" \/>\n\t<meta property=\"og:image:height\" content=\"596\" \/>\n\t<meta property=\"og:image:type\" content=\"image\/png\" \/>\n<meta name=\"author\" content=\"ilonagosiewska\" \/>\n<meta name=\"twitter:card\" content=\"summary_large_image\" \/>\n<meta name=\"twitter:label1\" content=\"Napisane przez\" \/>\n\t<meta name=\"twitter:data1\" content=\"ilonagosiewska\" \/>\n\t<meta name=\"twitter:label2\" content=\"Szacowany czas czytania\" \/>\n\t<meta name=\"twitter:data2\" content=\"4 minuty\" \/>\n<script type=\"application\/ld+json\" class=\"yoast-schema-graph\">{\"@context\":\"https:\/\/schema.org\",\"@graph\":[{\"@type\":\"Article\",\"@id\":\"https:\/\/odraniemen.org\/polacy-na-swiecie\/2021\/11\/30\/klawisze-wolnosci-promocja-postaci-ignacego-jana-paderewskiego\/#article\",\"isPartOf\":{\"@id\":\"https:\/\/odraniemen.org\/polacy-na-swiecie\/2021\/11\/30\/klawisze-wolnosci-promocja-postaci-ignacego-jana-paderewskiego\/\"},\"author\":{\"name\":\"ilonagosiewska\",\"@id\":\"https:\/\/odraniemen.org\/polacy-na-swiecie\/#\/schema\/person\/5c71972185655e691b23f285224cfb82\"},\"headline\":\"Klawisze wolno\u015bci &#8211; Ignacy Jan Paderewski\",\"datePublished\":\"2021-11-30T19:19:00+00:00\",\"dateModified\":\"2021-12-30T21:08:07+00:00\",\"mainEntityOfPage\":{\"@id\":\"https:\/\/odraniemen.org\/polacy-na-swiecie\/2021\/11\/30\/klawisze-wolnosci-promocja-postaci-ignacego-jana-paderewskiego\/\"},\"wordCount\":736,\"publisher\":{\"@id\":\"https:\/\/odraniemen.org\/polacy-na-swiecie\/#organization\"},\"keywords\":[\"britishpoles\",\"edukacjahistoryczna\",\"Paderewski\",\"polacyna\u015bwiecie\",\"sonpodlasie\",\"wsp\u00f3\u0142praca\"],\"articleSection\":[\"Aktualno\u015bci\",\"Edukacja historyczna\",\"Podlasie\",\"Polonia i Polacy poza granicami\",\"Projekty podlasie\"],\"inLanguage\":\"pl-PL\"},{\"@type\":\"WebPage\",\"@id\":\"https:\/\/odraniemen.org\/polacy-na-swiecie\/2021\/11\/30\/klawisze-wolnosci-promocja-postaci-ignacego-jana-paderewskiego\/\",\"url\":\"https:\/\/odraniemen.org\/polacy-na-swiecie\/2021\/11\/30\/klawisze-wolnosci-promocja-postaci-ignacego-jana-paderewskiego\/\",\"name\":\"Klawisze wolno\u015bci - Ignacy Jan Paderewski - Polacy Ponad Granicami\",\"isPartOf\":{\"@id\":\"https:\/\/odraniemen.org\/polacy-na-swiecie\/#website\"},\"datePublished\":\"2021-11-30T19:19:00+00:00\",\"dateModified\":\"2021-12-30T21:08:07+00:00\",\"breadcrumb\":{\"@id\":\"https:\/\/odraniemen.org\/polacy-na-swiecie\/2021\/11\/30\/klawisze-wolnosci-promocja-postaci-ignacego-jana-paderewskiego\/#breadcrumb\"},\"inLanguage\":\"pl-PL\",\"potentialAction\":[{\"@type\":\"ReadAction\",\"target\":[\"https:\/\/odraniemen.org\/polacy-na-swiecie\/2021\/11\/30\/klawisze-wolnosci-promocja-postaci-ignacego-jana-paderewskiego\/\"]}]},{\"@type\":\"BreadcrumbList\",\"@id\":\"https:\/\/odraniemen.org\/polacy-na-swiecie\/2021\/11\/30\/klawisze-wolnosci-promocja-postaci-ignacego-jana-paderewskiego\/#breadcrumb\",\"itemListElement\":[{\"@type\":\"ListItem\",\"position\":1,\"name\":\"Strona g\u0142\u00f3wna\",\"item\":\"https:\/\/odraniemen.org\/polacy-na-swiecie\/\"},{\"@type\":\"ListItem\",\"position\":2,\"name\":\"Klawisze wolno\u015bci &#8211; Ignacy Jan Paderewski\"}]},{\"@type\":\"WebSite\",\"@id\":\"https:\/\/odraniemen.org\/polacy-na-swiecie\/#website\",\"url\":\"https:\/\/odraniemen.org\/polacy-na-swiecie\/\",\"name\":\"Polacy Ponad Granicami\",\"description\":\"Kolejna witryna sieci \u201eOdra-Niemen Witryny\u201d\",\"publisher\":{\"@id\":\"https:\/\/odraniemen.org\/polacy-na-swiecie\/#organization\"},\"potentialAction\":[{\"@type\":\"SearchAction\",\"target\":{\"@type\":\"EntryPoint\",\"urlTemplate\":\"https:\/\/odraniemen.org\/polacy-na-swiecie\/?s={search_term_string}\"},\"query-input\":\"required name=search_term_string\"}],\"inLanguage\":\"pl-PL\"},{\"@type\":\"Organization\",\"@id\":\"https:\/\/odraniemen.org\/polacy-na-swiecie\/#organization\",\"name\":\"Polacy Ponad Granicami\",\"url\":\"https:\/\/odraniemen.org\/polacy-na-swiecie\/\",\"logo\":{\"@type\":\"ImageObject\",\"inLanguage\":\"pl-PL\",\"@id\":\"https:\/\/odraniemen.org\/polacy-na-swiecie\/#\/schema\/logo\/image\/\",\"url\":\"https:\/\/odraniemen.org\/polacy-na-swiecie\/wp-content\/uploads\/sites\/10\/2025\/06\/cropped-Polacy-PONAD-GRANICAMI-logo.png\",\"contentUrl\":\"https:\/\/odraniemen.org\/polacy-na-swiecie\/wp-content\/uploads\/sites\/10\/2025\/06\/cropped-Polacy-PONAD-GRANICAMI-logo.png\",\"width\":1546,\"height\":454,\"caption\":\"Polacy Ponad Granicami\"},\"image\":{\"@id\":\"https:\/\/odraniemen.org\/polacy-na-swiecie\/#\/schema\/logo\/image\/\"}},{\"@type\":\"Person\",\"@id\":\"https:\/\/odraniemen.org\/polacy-na-swiecie\/#\/schema\/person\/5c71972185655e691b23f285224cfb82\",\"name\":\"ilonagosiewska\",\"image\":{\"@type\":\"ImageObject\",\"inLanguage\":\"pl-PL\",\"@id\":\"https:\/\/odraniemen.org\/polacy-na-swiecie\/#\/schema\/person\/image\/\",\"url\":\"https:\/\/secure.gravatar.com\/avatar\/6cdd8387a1361f58c6681edae3184b00?s=96&d=mm&r=g\",\"contentUrl\":\"https:\/\/secure.gravatar.com\/avatar\/6cdd8387a1361f58c6681edae3184b00?s=96&d=mm&r=g\",\"caption\":\"ilonagosiewska\"},\"url\":\"https:\/\/odraniemen.org\/polacy-na-swiecie\/author\/ilonagosiewska\/\"}]}<\/script>\n<!-- \/ Yoast SEO plugin. -->","yoast_head_json":{"title":"Klawisze wolno\u015bci - Ignacy Jan Paderewski - Polacy Ponad Granicami","robots":{"index":"index","follow":"follow","max-snippet":"max-snippet:-1","max-image-preview":"max-image-preview:large","max-video-preview":"max-video-preview:-1"},"canonical":"https:\/\/odraniemen.org\/polacy-na-swiecie\/2021\/11\/30\/klawisze-wolnosci-promocja-postaci-ignacego-jana-paderewskiego\/","og_locale":"pl_PL","og_type":"article","og_title":"Klawisze wolno\u015bci - Ignacy Jan Paderewski - Polacy Ponad Granicami","og_description":"Ignacy Jan Paderewski to jedna z najwa\u017cniejszych postaci w polskiej historii &#8211; bez niego, by\u0107 mo\u017ce nie by\u0142oby dzi\u015b Polski na mapie \u015bwiata. A jednak, mimo, \u017ce niegdy\u015b elektryzowa\u0142 ca\u0142\u0105 Ameryk\u0105, a media rozpisywa\u0142y si\u0119 o tzw. &#8220;paddymanii&#8221;, dzi\u015b posta\u0107 Ignacego Jana Paderewskiego jest szerzej nieznana poza Polsk\u0105. Historia Ignacego Jana Paderewskiego to historia artysty, &hellip; Klawisze wolno\u015bci &#8211; Ignacy Jan Paderewski Read More &raquo;","og_url":"https:\/\/odraniemen.org\/polacy-na-swiecie\/2021\/11\/30\/klawisze-wolnosci-promocja-postaci-ignacego-jana-paderewskiego\/","og_site_name":"Polacy Ponad Granicami","article_published_time":"2021-11-30T19:19:00+00:00","article_modified_time":"2021-12-30T21:08:07+00:00","og_image":[{"width":598,"height":596,"url":"https:\/\/odraniemen.org\/polacy-na-swiecie\/wp-content\/uploads\/sites\/10\/2021\/12\/260679278_5063888076962997_3155273688883127000_n-2.png","type":"image\/png"}],"author":"ilonagosiewska","twitter_card":"summary_large_image","twitter_misc":{"Napisane przez":"ilonagosiewska","Szacowany czas czytania":"4 minuty"},"schema":{"@context":"https:\/\/schema.org","@graph":[{"@type":"Article","@id":"https:\/\/odraniemen.org\/polacy-na-swiecie\/2021\/11\/30\/klawisze-wolnosci-promocja-postaci-ignacego-jana-paderewskiego\/#article","isPartOf":{"@id":"https:\/\/odraniemen.org\/polacy-na-swiecie\/2021\/11\/30\/klawisze-wolnosci-promocja-postaci-ignacego-jana-paderewskiego\/"},"author":{"name":"ilonagosiewska","@id":"https:\/\/odraniemen.org\/polacy-na-swiecie\/#\/schema\/person\/5c71972185655e691b23f285224cfb82"},"headline":"Klawisze wolno\u015bci &#8211; Ignacy Jan Paderewski","datePublished":"2021-11-30T19:19:00+00:00","dateModified":"2021-12-30T21:08:07+00:00","mainEntityOfPage":{"@id":"https:\/\/odraniemen.org\/polacy-na-swiecie\/2021\/11\/30\/klawisze-wolnosci-promocja-postaci-ignacego-jana-paderewskiego\/"},"wordCount":736,"publisher":{"@id":"https:\/\/odraniemen.org\/polacy-na-swiecie\/#organization"},"keywords":["britishpoles","edukacjahistoryczna","Paderewski","polacyna\u015bwiecie","sonpodlasie","wsp\u00f3\u0142praca"],"articleSection":["Aktualno\u015bci","Edukacja historyczna","Podlasie","Polonia i Polacy poza granicami","Projekty podlasie"],"inLanguage":"pl-PL"},{"@type":"WebPage","@id":"https:\/\/odraniemen.org\/polacy-na-swiecie\/2021\/11\/30\/klawisze-wolnosci-promocja-postaci-ignacego-jana-paderewskiego\/","url":"https:\/\/odraniemen.org\/polacy-na-swiecie\/2021\/11\/30\/klawisze-wolnosci-promocja-postaci-ignacego-jana-paderewskiego\/","name":"Klawisze wolno\u015bci - Ignacy Jan Paderewski - Polacy Ponad Granicami","isPartOf":{"@id":"https:\/\/odraniemen.org\/polacy-na-swiecie\/#website"},"datePublished":"2021-11-30T19:19:00+00:00","dateModified":"2021-12-30T21:08:07+00:00","breadcrumb":{"@id":"https:\/\/odraniemen.org\/polacy-na-swiecie\/2021\/11\/30\/klawisze-wolnosci-promocja-postaci-ignacego-jana-paderewskiego\/#breadcrumb"},"inLanguage":"pl-PL","potentialAction":[{"@type":"ReadAction","target":["https:\/\/odraniemen.org\/polacy-na-swiecie\/2021\/11\/30\/klawisze-wolnosci-promocja-postaci-ignacego-jana-paderewskiego\/"]}]},{"@type":"BreadcrumbList","@id":"https:\/\/odraniemen.org\/polacy-na-swiecie\/2021\/11\/30\/klawisze-wolnosci-promocja-postaci-ignacego-jana-paderewskiego\/#breadcrumb","itemListElement":[{"@type":"ListItem","position":1,"name":"Strona g\u0142\u00f3wna","item":"https:\/\/odraniemen.org\/polacy-na-swiecie\/"},{"@type":"ListItem","position":2,"name":"Klawisze wolno\u015bci &#8211; Ignacy Jan Paderewski"}]},{"@type":"WebSite","@id":"https:\/\/odraniemen.org\/polacy-na-swiecie\/#website","url":"https:\/\/odraniemen.org\/polacy-na-swiecie\/","name":"Polacy Ponad Granicami","description":"Kolejna witryna sieci \u201eOdra-Niemen Witryny\u201d","publisher":{"@id":"https:\/\/odraniemen.org\/polacy-na-swiecie\/#organization"},"potentialAction":[{"@type":"SearchAction","target":{"@type":"EntryPoint","urlTemplate":"https:\/\/odraniemen.org\/polacy-na-swiecie\/?s={search_term_string}"},"query-input":"required name=search_term_string"}],"inLanguage":"pl-PL"},{"@type":"Organization","@id":"https:\/\/odraniemen.org\/polacy-na-swiecie\/#organization","name":"Polacy Ponad Granicami","url":"https:\/\/odraniemen.org\/polacy-na-swiecie\/","logo":{"@type":"ImageObject","inLanguage":"pl-PL","@id":"https:\/\/odraniemen.org\/polacy-na-swiecie\/#\/schema\/logo\/image\/","url":"https:\/\/odraniemen.org\/polacy-na-swiecie\/wp-content\/uploads\/sites\/10\/2025\/06\/cropped-Polacy-PONAD-GRANICAMI-logo.png","contentUrl":"https:\/\/odraniemen.org\/polacy-na-swiecie\/wp-content\/uploads\/sites\/10\/2025\/06\/cropped-Polacy-PONAD-GRANICAMI-logo.png","width":1546,"height":454,"caption":"Polacy Ponad Granicami"},"image":{"@id":"https:\/\/odraniemen.org\/polacy-na-swiecie\/#\/schema\/logo\/image\/"}},{"@type":"Person","@id":"https:\/\/odraniemen.org\/polacy-na-swiecie\/#\/schema\/person\/5c71972185655e691b23f285224cfb82","name":"ilonagosiewska","image":{"@type":"ImageObject","inLanguage":"pl-PL","@id":"https:\/\/odraniemen.org\/polacy-na-swiecie\/#\/schema\/person\/image\/","url":"https:\/\/secure.gravatar.com\/avatar\/6cdd8387a1361f58c6681edae3184b00?s=96&d=mm&r=g","contentUrl":"https:\/\/secure.gravatar.com\/avatar\/6cdd8387a1361f58c6681edae3184b00?s=96&d=mm&r=g","caption":"ilonagosiewska"},"url":"https:\/\/odraniemen.org\/polacy-na-swiecie\/author\/ilonagosiewska\/"}]}},"_links":{"self":[{"href":"https:\/\/odraniemen.org\/polacy-na-swiecie\/wp-json\/wp\/v2\/posts\/1243"}],"collection":[{"href":"https:\/\/odraniemen.org\/polacy-na-swiecie\/wp-json\/wp\/v2\/posts"}],"about":[{"href":"https:\/\/odraniemen.org\/polacy-na-swiecie\/wp-json\/wp\/v2\/types\/post"}],"author":[{"embeddable":true,"href":"https:\/\/odraniemen.org\/polacy-na-swiecie\/wp-json\/wp\/v2\/users\/2564"}],"replies":[{"embeddable":true,"href":"https:\/\/odraniemen.org\/polacy-na-swiecie\/wp-json\/wp\/v2\/comments?post=1243"}],"version-history":[{"count":11,"href":"https:\/\/odraniemen.org\/polacy-na-swiecie\/wp-json\/wp\/v2\/posts\/1243\/revisions"}],"predecessor-version":[{"id":1270,"href":"https:\/\/odraniemen.org\/polacy-na-swiecie\/wp-json\/wp\/v2\/posts\/1243\/revisions\/1270"}],"wp:featuredmedia":[{"embeddable":true,"href":"https:\/\/odraniemen.org\/polacy-na-swiecie\/wp-json\/wp\/v2\/media\/1248"}],"wp:attachment":[{"href":"https:\/\/odraniemen.org\/polacy-na-swiecie\/wp-json\/wp\/v2\/media?parent=1243"}],"wp:term":[{"taxonomy":"category","embeddable":true,"href":"https:\/\/odraniemen.org\/polacy-na-swiecie\/wp-json\/wp\/v2\/categories?post=1243"},{"taxonomy":"post_tag","embeddable":true,"href":"https:\/\/odraniemen.org\/polacy-na-swiecie\/wp-json\/wp\/v2\/tags?post=1243"}],"curies":[{"name":"wp","href":"https:\/\/api.w.org\/{rel}","templated":true}]}}