
{"id":2323,"date":"2021-12-31T18:44:00","date_gmt":"2021-12-31T16:44:00","guid":{"rendered":"https:\/\/odraniemen.org\/polacy-na-swiecie\/2021\/12\/31\/wzmocnienie-odra-niemen-grant-crso-niw\/"},"modified":"2023-03-30T18:08:25","modified_gmt":"2023-03-30T16:08:25","slug":"wzmocnienie-odra-niemen-grant-crso-niw","status":"publish","type":"post","link":"https:\/\/odraniemen.org\/polacy-na-swiecie\/2021\/12\/31\/wzmocnienie-odra-niemen-grant-crso-niw\/","title":{"rendered":"Wzmocnienie Odra-Niemen- Grant CRSO-NIW"},"content":{"rendered":"\t\t<div data-elementor-type=\"wp-post\" data-elementor-id=\"2323\" class=\"elementor elementor-2323\">\n\t\t\t\t\t\t\t\t\t<section class=\"has_eae_slider elementor-section elementor-top-section elementor-element elementor-element-37cdb44b elementor-section-full_width elementor-section-height-default elementor-section-height-default\" data-id=\"37cdb44b\" data-element_type=\"section\">\n\t\t\t\t\t\t<div class=\"elementor-container elementor-column-gap-default\">\n\t\t\t\t\t<div class=\"has_eae_slider elementor-column elementor-col-100 elementor-top-column elementor-element elementor-element-7373590a\" data-id=\"7373590a\" data-element_type=\"column\">\n\t\t\t<div class=\"elementor-widget-wrap elementor-element-populated\">\n\t\t\t\t\t\t\t\t<div class=\"elementor-element elementor-element-77a65ff elementor-widget elementor-widget-heading\" data-id=\"77a65ff\" data-element_type=\"widget\" data-widget_type=\"heading.default\">\n\t\t\t\t<div class=\"elementor-widget-container\">\n\t\t\t<h2 class=\"elementor-heading-title elementor-size-default\">O projekcie<\/h2>\t\t<\/div>\n\t\t\t\t<\/div>\n\t\t\t\t<div class=\"elementor-element elementor-element-c637316 elementor-widget elementor-widget-text-editor\" data-id=\"c637316\" data-element_type=\"widget\" data-widget_type=\"text-editor.default\">\n\t\t\t\t<div class=\"elementor-widget-container\">\n\t\t\t\t\t\t\t<p style=\"font-size: 16px;font-style: normal;font-weight: 400;font-family: 'Open Sans', sans-serif;letter-spacing: 0.8px\"><span style=\"letter-spacing: 0.8px\">W 2019 roku Stowarzyszenie Odra-Niemen rozpocz\u0119\u0142o 3-letni projekt rozwojowy finansowany z dotacji Narodowego Instytutu Wolno\u015bci -CRSO.\u00a0 <\/span><\/p><p style=\"font-size: 16px;font-style: normal;font-weight: 400;font-family: 'Open Sans', sans-serif;letter-spacing: 0.8px\"><span style=\"letter-spacing: 0.8px\">Stowarzyszenie Odra-Niemen przez 10 lat dzia\u0142ania ponad podzia\u0142ami\u00a0 i w \u015bcis\u0142ej wsp\u00f3\u0142pracy z innymi organizacjami, zbudowa\u0142o mocny i liczny wolontariat i silne koalicje. Mimo wielu ogranicze\u0144, zbudowali\u015bmy struktur\u0119 organizacji z\u0142o\u017con\u0105 z centrali i 7 oddzia\u0142\u00f3w i mamy sie\u0107 ponad 50 podmiot\u00f3w, z kt\u00f3rymi pracujemy przy akcji Rodacy-Bohaterom.<\/span><\/p><p>Na koniec projektu zako\u0144czonego w 2021 roku mamy zbudowany kolejny nowy oddzia\u0142 na Podkarpaciu, stworzon\u0105 i zarejestrowana Federacj\u0119 Patriotyczn\u0105, nowoczesne biura Zarz\u0105du G\u0142\u00f3wnego we Wroc\u0142awiu, zestaw wyprodukowanych materia\u0142\u00f3w edukacyjnych i reklamowych, zintegrowany zesp\u00f3\u0142 i wzmocnion\u0105 pozycj\u0119 w III Sektorze.\u00a0<\/p>\t\t\t\t\t\t<\/div>\n\t\t\t\t<\/div>\n\t\t\t\t<section class=\"has_eae_slider elementor-section elementor-inner-section elementor-element elementor-element-fdd45a7 elementor-section-boxed elementor-section-height-default elementor-section-height-default\" data-id=\"fdd45a7\" data-element_type=\"section\">\n\t\t\t\t\t\t<div class=\"elementor-container elementor-column-gap-default\">\n\t\t\t\t\t<div class=\"has_eae_slider elementor-column elementor-col-100 elementor-inner-column elementor-element elementor-element-e02183f\" data-id=\"e02183f\" data-element_type=\"column\">\n\t\t\t<div class=\"elementor-widget-wrap elementor-element-populated\">\n\t\t\t\t\t\t\t\t<div class=\"elementor-element elementor-element-498cbfa elementor-widget elementor-widget-image\" data-id=\"498cbfa\" data-element_type=\"widget\" data-widget_type=\"image.default\">\n\t\t\t\t<div class=\"elementor-widget-container\">\n\t\t\t\t\t\t\t\t\t\t\t\t\t\t\t<img decoding=\"async\" src=\"https:\/\/odraniemen.org\/wp-content\/uploads\/2019\/12\/78719763_2735377983167522_81388307409272832_o.jpg\" title=\"\" alt=\"\" loading=\"lazy\" \/>\t\t\t\t\t\t\t\t\t\t\t\t\t\t\t<\/div>\n\t\t\t\t<\/div>\n\t\t\t\t\t<\/div>\n\t\t<\/div>\n\t\t\t\t\t\t\t<\/div>\n\t\t<\/section>\n\t\t\t\t<div class=\"elementor-element elementor-element-36b9611 elementor-widget elementor-widget-text-editor\" data-id=\"36b9611\" data-element_type=\"widget\" data-widget_type=\"text-editor.default\">\n\t\t\t\t<div class=\"elementor-widget-container\">\n\t\t\t\t\t\t\t<p>Zdobywane przez nas fundusze, z dotacji lub od darczy\u0144c\u00f3w, przeznaczamy w 100% na realizacj\u0119 ka\u017cdego realizowanego przez nas zadania. Projekty dotycz\u0105 g\u0142\u00f3wnie wsp\u00f3\u0142pracy ze \u015brodowiskiem kombatant\u00f3w i Polakami mieszkaj\u0105cymi poza granicami. S\u0105 to nasze g\u0142\u00f3wne cele statutowe. Byli\u015bmy te\u017c zobligowani do sta\u0142ego w\u0142\u0105czania w zadania dotacyjne w\u0142asnych wk\u0142ad\u00f3w finansowych.<\/p><p>To wszystko powodowa\u0142o, \u017ce nie mieli\u015bmy przez lata dodatkowych \u015brodk\u00f3w na rozw\u00f3j stowarzyszenia, na zakup sprz\u0119tu biurowego (pracowali\u015bmy przez lata na zu\u017cytych, darowanych urz\u0105dzeniach), nie mogli\u015bmy sobie pozwoli\u0107 na szkolenie i wzmocnienie merytoryczne zespo\u0142u.\u00a0<\/p>\t\t\t\t\t\t<\/div>\n\t\t\t\t<\/div>\n\t\t\t\t<section class=\"has_eae_slider elementor-section elementor-inner-section elementor-element elementor-element-de21f97 elementor-section-boxed elementor-section-height-default elementor-section-height-default\" data-id=\"de21f97\" data-element_type=\"section\">\n\t\t\t\t\t\t<div class=\"elementor-container elementor-column-gap-default\">\n\t\t\t\t\t<div class=\"has_eae_slider elementor-column elementor-col-50 elementor-inner-column elementor-element elementor-element-9c9dced\" data-id=\"9c9dced\" data-element_type=\"column\">\n\t\t\t<div class=\"elementor-widget-wrap elementor-element-populated\">\n\t\t\t\t\t\t\t\t<div class=\"elementor-element elementor-element-6950efb elementor-widget elementor-widget-image\" data-id=\"6950efb\" data-element_type=\"widget\" data-widget_type=\"image.default\">\n\t\t\t\t<div class=\"elementor-widget-container\">\n\t\t\t\t\t\t\t\t\t\t\t\t\t\t\t<img decoding=\"async\" src=\"https:\/\/odraniemen.org\/wp-content\/uploads\/2020\/02\/10-lecie-Stowarzyszenia-Odra-Niemen-213-of-207.jpg\" title=\"\" alt=\"\" loading=\"lazy\" \/>\t\t\t\t\t\t\t\t\t\t\t\t\t\t\t<\/div>\n\t\t\t\t<\/div>\n\t\t\t\t\t<\/div>\n\t\t<\/div>\n\t\t\t\t<div class=\"has_eae_slider elementor-column elementor-col-50 elementor-inner-column elementor-element elementor-element-110d34f\" data-id=\"110d34f\" data-element_type=\"column\">\n\t\t\t<div class=\"elementor-widget-wrap elementor-element-populated\">\n\t\t\t\t\t\t\t\t<div class=\"elementor-element elementor-element-8516b24 elementor-widget elementor-widget-text-editor\" data-id=\"8516b24\" data-element_type=\"widget\" data-widget_type=\"text-editor.default\">\n\t\t\t\t<div class=\"elementor-widget-container\">\n\t\t\t\t\t\t\t<p><strong>Projekt jest realizowany w 3-letnim cyklu, w latach 2019-2021.\u00a0<\/strong><strong>Za\u0142o\u017cenia projektu to:\u00a0<\/strong><\/p><p><strong>WZMOCNIENIE SPRZ\u0118TOWE, OSOBOWE I WIZERUNKOWE STOWARZYSZENIA<\/strong><\/p><p><strong>STWORZENIE NARZ\u0118DZI DO POSZUKIWANIA NOWYCH\u00a0 \u0179R\u00d3DE\u0141 FINANSOWANIA<\/strong><\/p>\t\t\t\t\t\t<\/div>\n\t\t\t\t<\/div>\n\t\t\t\t\t<\/div>\n\t\t<\/div>\n\t\t\t\t\t\t\t<\/div>\n\t\t<\/section>\n\t\t\t\t<div class=\"elementor-element elementor-element-3a4422f elementor-widget elementor-widget-heading\" data-id=\"3a4422f\" data-element_type=\"widget\" data-widget_type=\"heading.default\">\n\t\t\t\t<div class=\"elementor-widget-container\">\n\t\t\t<h2 class=\"elementor-heading-title elementor-size-default\">Dzia\u0142ania w 2019 roku<\/h2>\t\t<\/div>\n\t\t\t\t<\/div>\n\t\t\t\t<div class=\"elementor-element elementor-element-06d23cd elementor-icon-list--layout-traditional elementor-list-item-link-full_width elementor-widget elementor-widget-icon-list\" data-id=\"06d23cd\" data-element_type=\"widget\" data-widget_type=\"icon-list.default\">\n\t\t\t\t<div class=\"elementor-widget-container\">\n\t\t\t\t\t<ul class=\"elementor-icon-list-items\">\n\t\t\t\t\t\t\t<li class=\"elementor-icon-list-item\">\n\t\t\t\t\t\t\t\t\t\t\t<span class=\"elementor-icon-list-icon\">\n\t\t\t\t\t\t\t<i aria-hidden=\"true\" class=\"fas fa-check\"><\/i>\t\t\t\t\t\t<\/span>\n\t\t\t\t\t\t\t\t\t\t<span class=\"elementor-icon-list-text\">Zakupili\u015bmy pierwsz\u0105 cz\u0119\u015b\u0107 sprz\u0119t\u00f3w biurowych i plenerowych: kombajn ksero, skanery przeno\u015bne, aparaty fotograficzne z akcesoriami<\/span>\n\t\t\t\t\t\t\t\t\t<\/li>\n\t\t\t\t\t\t\t\t<li class=\"elementor-icon-list-item\">\n\t\t\t\t\t\t\t\t\t\t\t<span class=\"elementor-icon-list-icon\">\n\t\t\t\t\t\t\t<i aria-hidden=\"true\" class=\"fas fa-check\"><\/i>\t\t\t\t\t\t<\/span>\n\t\t\t\t\t\t\t\t\t\t<span class=\"elementor-icon-list-text\">Przeprowadzili\u015bmy po raz pierwszy od 10 lat audyt naszego \u015brodowiska, stworzyli\u015bmy podsumowanie tych dzia\u0142a\u0144 oraz strategi\u0119 rozwoju naszego stowarzyszenia<\/span>\n\t\t\t\t\t\t\t\t\t<\/li>\n\t\t\t\t\t\t\t\t<li class=\"elementor-icon-list-item\">\n\t\t\t\t\t\t\t\t\t\t\t<span class=\"elementor-icon-list-icon\">\n\t\t\t\t\t\t\t<i aria-hidden=\"true\" class=\"fas fa-check\"><\/i>\t\t\t\t\t\t<\/span>\n\t\t\t\t\t\t\t\t\t\t<span class=\"elementor-icon-list-text\">Wzmocnili\u015bmy kadr\u0119 szkoleniami, w tym 3-dniowym spotkaniem wyjazdowym na Zaolziu<\/span>\n\t\t\t\t\t\t\t\t\t<\/li>\n\t\t\t\t\t\t\t\t<li class=\"elementor-icon-list-item\">\n\t\t\t\t\t\t\t\t\t\t\t<span class=\"elementor-icon-list-icon\">\n\t\t\t\t\t\t\t<i aria-hidden=\"true\" class=\"fas fa-check\"><\/i>\t\t\t\t\t\t<\/span>\n\t\t\t\t\t\t\t\t\t\t<span class=\"elementor-icon-list-text\">Wyremontowali\u015bmy g\u0142\u00f3wne pomieszczenie w siedzibie, w kt\u00f3rej przyjmujemy kombatant\u00f3w i Rodak\u00f3w ze \u015bwiata.<\/span>\n\t\t\t\t\t\t\t\t\t<\/li>\n\t\t\t\t\t\t\t\t<li class=\"elementor-icon-list-item\">\n\t\t\t\t\t\t\t\t\t\t\t<span class=\"elementor-icon-list-icon\">\n\t\t\t\t\t\t\t<i aria-hidden=\"true\" class=\"fas fa-check\"><\/i>\t\t\t\t\t\t<\/span>\n\t\t\t\t\t\t\t\t\t\t<span class=\"elementor-icon-list-text\">Stworzyli\u015bmy po raz pierwszy kompleksow\u0105 grafik\u0119 materia\u0142\u00f3w reklamowych i merytorycznych oraz ksi\u0119g\u0119 znaku naszego \u015brodowiska.<\/span>\n\t\t\t\t\t\t\t\t\t<\/li>\n\t\t\t\t\t\t\t\t<li class=\"elementor-icon-list-item\">\n\t\t\t\t\t\t\t\t\t\t\t<span class=\"elementor-icon-list-icon\">\n\t\t\t\t\t\t\t<i aria-hidden=\"true\" class=\"fas fa-check\"><\/i>\t\t\t\t\t\t<\/span>\n\t\t\t\t\t\t\t\t\t\t<span class=\"elementor-icon-list-text\">Przebudowali\u015bmy ca\u0142kowicie nasze strony internetowe, tworz\u0105c nowoczesny portal.<\/span>\n\t\t\t\t\t\t\t\t\t<\/li>\n\t\t\t\t\t\t\t\t<li class=\"elementor-icon-list-item\">\n\t\t\t\t\t\t\t\t\t\t\t<span class=\"elementor-icon-list-icon\">\n\t\t\t\t\t\t\t<i aria-hidden=\"true\" class=\"fas fa-check\"><\/i>\t\t\t\t\t\t<\/span>\n\t\t\t\t\t\t\t\t\t\t<span class=\"elementor-icon-list-text\">Stworzyli\u015bmy od podstaw ofert\u0119 pozyskiwania funduszy i rozpocz\u0119li\u015bmy akcj\u0119 spo\u0142eczn\u0105 zwi\u0105zan\u0105 z pozyskiwaniem 1%<\/span>\n\t\t\t\t\t\t\t\t\t<\/li>\n\t\t\t\t\t\t\t\t<li class=\"elementor-icon-list-item\">\n\t\t\t\t\t\t\t\t\t\t\t<span class=\"elementor-icon-list-icon\">\n\t\t\t\t\t\t\t<i aria-hidden=\"true\" class=\"fas fa-check\"><\/i>\t\t\t\t\t\t<\/span>\n\t\t\t\t\t\t\t\t\t\t<span class=\"elementor-icon-list-text\">Zbudowali\u015bmy ofert\u0119 wsp\u00f3\u0142pracy z otoczeniem, w tym szczeg\u00f3lnie wa\u017cny dla osi\u0105gni\u0119cia niezale\u017cno\u015bci finansowej, plan wsp\u00f3\u0142pracy z biznesem\u00a0<\/span>\n\t\t\t\t\t\t\t\t\t<\/li>\n\t\t\t\t\t\t<\/ul>\n\t\t\t\t<\/div>\n\t\t\t\t<\/div>\n\t\t\t\t<div class=\"elementor-element elementor-element-b520b13 elementor-widget elementor-widget-image-gallery\" data-id=\"b520b13\" data-element_type=\"widget\" data-widget_type=\"image-gallery.default\">\n\t\t\t\t<div class=\"elementor-widget-container\">\n\t\t\t\t\t<div class=\"elementor-image-gallery\">\n\t\t\t<div id='gallery-1' class='gallery galleryid-2323 gallery-columns-4 gallery-size-thumbnail'><figure class='gallery-item'>\n\t\t\t<div class='gallery-icon landscape'>\n\t\t\t\t<a data-elementor-open-lightbox=\"yes\" data-elementor-lightbox-slideshow=\"b520b13\" data-elementor-lightbox-title=\"311704669_483102893844671_2398108227971103082_n\" data-e-action-hash=\"#elementor-action%3Aaction%3Dlightbox%26settings%3DeyJpZCI6MTk4OCwidXJsIjoiaHR0cHM6XC9cL29kcmFuaWVtZW4ub3JnXC9wb2xhY3ktbmEtc3dpZWNpZVwvd3AtY29udGVudFwvdXBsb2Fkc1wvc2l0ZXNcLzEwXC8yMDIzXC8wMlwvMzExNzA0NjY5XzQ4MzEwMjg5Mzg0NDY3MV8yMzk4MTA4MjI3OTcxMTAzMDgyX24uanBnIiwic2xpZGVzaG93IjoiYjUyMGIxMyJ9\" href='https:\/\/odraniemen.org\/polacy-na-swiecie\/wp-content\/uploads\/sites\/10\/2023\/02\/311704669_483102893844671_2398108227971103082_n.jpg'><img loading=\"lazy\" decoding=\"async\" width=\"150\" height=\"150\" src=\"https:\/\/odraniemen.org\/polacy-na-swiecie\/wp-content\/uploads\/sites\/10\/2023\/02\/311704669_483102893844671_2398108227971103082_n-150x150.jpg\" class=\"attachment-thumbnail size-thumbnail\" alt=\"\" srcset=\"https:\/\/odraniemen.org\/polacy-na-swiecie\/wp-content\/uploads\/sites\/10\/2023\/02\/311704669_483102893844671_2398108227971103082_n-150x150.jpg 150w, https:\/\/odraniemen.org\/polacy-na-swiecie\/wp-content\/uploads\/sites\/10\/2023\/02\/311704669_483102893844671_2398108227971103082_n-300x300.jpg 300w, https:\/\/odraniemen.org\/polacy-na-swiecie\/wp-content\/uploads\/sites\/10\/2023\/02\/311704669_483102893844671_2398108227971103082_n-100x100.jpg 100w\" sizes=\"(max-width: 150px) 100vw, 150px\" \/><\/a>\n\t\t\t<\/div><\/figure>\n\t\t<\/div>\n\t\t<\/div>\n\t\t\t\t<\/div>\n\t\t\t\t<\/div>\n\t\t\t\t<div class=\"elementor-element elementor-element-b4efd14 elementor-widget elementor-widget-text-editor\" data-id=\"b4efd14\" data-element_type=\"widget\" data-widget_type=\"text-editor.default\">\n\t\t\t\t<div class=\"elementor-widget-container\">\n\t\t\t\t\t\t\t<p>Bardzo wa\u017cnym elementem zadania, niezb\u0119dnym dla naszego \u015brodowiska, by\u0142a mo\u017cliwo\u015b\u0107 stworzenie sp\u00f3jnej szaty graficznej na materia\u0142y reklamowe i merytoryczne, przygotowanie dla \u015brodowiska pakiet\u00f3w reklamowych. Ta sp\u00f3jna wizualizacja by\u0142a nam bardzo potrzebna i b\u0119dzie wspiera\u0142a dalsze dzia\u0142ania organizacji.\u00a0 \u00a0Wszystkie poni\u017csze materia\u0142y zosta\u0142y zaprojektowane i stworzone w ramach otrzymanej <strong>dotacji <span style=\"letter-spacing: 0.8px\">z NIW-CRSO z Programu Rozwoju Organizacji Obywatelskich na lata 2018-2030.\u00a0<\/span><\/strong><\/p>\t\t\t\t\t\t<\/div>\n\t\t\t\t<\/div>\n\t\t\t\t<div class=\"elementor-element elementor-element-f56ab24 elementor-icon-list--layout-traditional elementor-list-item-link-full_width elementor-widget elementor-widget-icon-list\" data-id=\"f56ab24\" data-element_type=\"widget\" data-widget_type=\"icon-list.default\">\n\t\t\t\t<div class=\"elementor-widget-container\">\n\t\t\t\t\t<ul class=\"elementor-icon-list-items\">\n\t\t\t\t\t\t\t<li class=\"elementor-icon-list-item\">\n\t\t\t\t\t\t\t\t\t\t\t<span class=\"elementor-icon-list-icon\">\n\t\t\t\t\t\t\t<i aria-hidden=\"true\" class=\"fas fa-check\"><\/i>\t\t\t\t\t\t<\/span>\n\t\t\t\t\t\t\t\t\t\t<span class=\"elementor-icon-list-text\">ulotka, roll-up Stowarzyszenia Odra-Niemen<\/span>\n\t\t\t\t\t\t\t\t\t<\/li>\n\t\t\t\t\t\t\t\t<li class=\"elementor-icon-list-item\">\n\t\t\t\t\t\t\t\t\t\t\t<span class=\"elementor-icon-list-icon\">\n\t\t\t\t\t\t\t<i aria-hidden=\"true\" class=\"fas fa-check\"><\/i>\t\t\t\t\t\t<\/span>\n\t\t\t\t\t\t\t\t\t\t<span class=\"elementor-icon-list-text\">ulotka, plakat, wpinka, roll-up akcji Rodacy-Bohaterom<\/span>\n\t\t\t\t\t\t\t\t\t<\/li>\n\t\t\t\t\t\t\t\t<li class=\"elementor-icon-list-item\">\n\t\t\t\t\t\t\t\t\t\t\t<span class=\"elementor-icon-list-icon\">\n\t\t\t\t\t\t\t<i aria-hidden=\"true\" class=\"fas fa-check\"><\/i>\t\t\t\t\t\t<\/span>\n\t\t\t\t\t\t\t\t\t\t<span class=\"elementor-icon-list-text\">ulotka, roll-up akcji 1%<\/span>\n\t\t\t\t\t\t\t\t\t<\/li>\n\t\t\t\t\t\t\t\t<li class=\"elementor-icon-list-item\">\n\t\t\t\t\t\t\t\t\t\t\t<span class=\"elementor-icon-list-icon\">\n\t\t\t\t\t\t\t<i aria-hidden=\"true\" class=\"fas fa-check\"><\/i>\t\t\t\t\t\t<\/span>\n\t\t\t\t\t\t\t\t\t\t<span class=\"elementor-icon-list-text\">zestaw dla cz\u0142onk\u00f3w Odry-Niemen: wpinka, koszulka i bluza z logotypem organizacji<\/span>\n\t\t\t\t\t\t\t\t\t<\/li>\n\t\t\t\t\t\t<\/ul>\n\t\t\t\t<\/div>\n\t\t\t\t<\/div>\n\t\t\t\t<section class=\"has_eae_slider elementor-section elementor-inner-section elementor-element elementor-element-24e930e elementor-section-boxed elementor-section-height-default elementor-section-height-default\" data-id=\"24e930e\" data-element_type=\"section\">\n\t\t\t\t\t\t<div class=\"elementor-container elementor-column-gap-default\">\n\t\t\t\t\t<div class=\"has_eae_slider elementor-column elementor-col-50 elementor-inner-column elementor-element elementor-element-66fb157\" data-id=\"66fb157\" data-element_type=\"column\">\n\t\t\t<div class=\"elementor-widget-wrap elementor-element-populated\">\n\t\t\t\t\t\t\t\t<div class=\"elementor-element elementor-element-23d8153 elementor-widget elementor-widget-image\" data-id=\"23d8153\" data-element_type=\"widget\" data-widget_type=\"image.default\">\n\t\t\t\t<div class=\"elementor-widget-container\">\n\t\t\t\t\t\t\t\t\t\t\t\t\t\t\t<img decoding=\"async\" src=\"https:\/\/odraniemen.org\/wp-content\/uploads\/2019\/01\/page2.jpg\" title=\"\" alt=\"\" loading=\"lazy\" \/>\t\t\t\t\t\t\t\t\t\t\t\t\t\t\t<\/div>\n\t\t\t\t<\/div>\n\t\t\t\t\t<\/div>\n\t\t<\/div>\n\t\t\t\t<div class=\"has_eae_slider elementor-column elementor-col-50 elementor-inner-column elementor-element elementor-element-baffdbf\" data-id=\"baffdbf\" data-element_type=\"column\">\n\t\t\t<div class=\"elementor-widget-wrap elementor-element-populated\">\n\t\t\t\t\t\t\t\t<div class=\"elementor-element elementor-element-40f15d3 elementor-widget elementor-widget-image\" data-id=\"40f15d3\" data-element_type=\"widget\" data-widget_type=\"image.default\">\n\t\t\t\t<div class=\"elementor-widget-container\">\n\t\t\t\t\t\t\t\t\t\t\t\t\t\t\t<img decoding=\"async\" src=\"https:\/\/odraniemen.org\/wp-content\/uploads\/2019\/01\/page.jpg\" title=\"\" alt=\"\" loading=\"lazy\" \/>\t\t\t\t\t\t\t\t\t\t\t\t\t\t\t<\/div>\n\t\t\t\t<\/div>\n\t\t\t\t\t<\/div>\n\t\t<\/div>\n\t\t\t\t\t\t\t<\/div>\n\t\t<\/section>\n\t\t\t\t<div class=\"elementor-element elementor-element-d193154 elementor-widget elementor-widget-text-editor\" data-id=\"d193154\" data-element_type=\"widget\" data-widget_type=\"text-editor.default\">\n\t\t\t\t<div class=\"elementor-widget-container\">\n\t\t\t\t\t\t\t<p>Najwa\u017cniejszym i najwi\u0119kszym wydarzeniem 2019 roku, kt\u00f3re mogli\u015bmy zrealizowa\u0107 m.in. dzi\u0119ki\u00a0 funduszom NIW, to Gala z okazji 10 Lecia naszej organizacji. Przyby\u0142o ponad 300 uczestnik\u00f3w z kraju i \u015bwiata, kombatant\u00f3w, Rodak\u00f3w, delegacji wielu organizacji, przedstawicieli instytucji. Mogli\u015bmy po raz pierwszy zgromadzi\u0107 wszystkich i podzi\u0119kowa\u0107 za wsp\u00f3lne 10 lat. To by\u0142 te\u017c czas rozm\u00f3w, warsztat\u00f3w, debat na nowe dzia\u0142ania. To by\u0142o praktyczne \u015bwi\u0119to wolontariatu i wzmocnienia wizerunku \u015brodowiska.\u00a0<\/p>\t\t\t\t\t\t<\/div>\n\t\t\t\t<\/div>\n\t\t\t\t<section class=\"has_eae_slider elementor-section elementor-inner-section elementor-element elementor-element-9048ba2 elementor-section-boxed elementor-section-height-default elementor-section-height-default\" data-id=\"9048ba2\" data-element_type=\"section\">\n\t\t\t\t\t\t<div class=\"elementor-container elementor-column-gap-default\">\n\t\t\t\t\t<div class=\"has_eae_slider elementor-column elementor-col-50 elementor-inner-column elementor-element elementor-element-dfd1726\" data-id=\"dfd1726\" data-element_type=\"column\">\n\t\t\t<div class=\"elementor-widget-wrap elementor-element-populated\">\n\t\t\t\t\t\t\t\t<div class=\"elementor-element elementor-element-cc629b7 elementor-widget elementor-widget-image\" data-id=\"cc629b7\" data-element_type=\"widget\" data-widget_type=\"image.default\">\n\t\t\t\t<div class=\"elementor-widget-container\">\n\t\t\t\t\t\t\t\t\t\t\t\t\t\t\t\t<a href=\"https:\/\/odraniemen.org\/wp-content\/uploads\/2020\/02\/10-lecie-Stowarzyszenia-Odra-Niemen-37-of-207.jpg\" data-elementor-open-lightbox=\"yes\" data-e-action-hash=\"#elementor-action%3Aaction%3Dlightbox%26settings%3DeyJpZCI6IjQ4ODEiLCJ1cmwiOmZhbHNlfQ%3D%3D\">\n\t\t\t\t\t\t\t<img decoding=\"async\" src=\"https:\/\/odraniemen.org\/wp-content\/uploads\/2020\/02\/10-lecie-Stowarzyszenia-Odra-Niemen-37-of-207.jpg\" title=\"\" alt=\"\" loading=\"lazy\" \/>\t\t\t\t\t\t\t\t<\/a>\n\t\t\t\t\t\t\t\t\t\t\t\t\t\t\t<\/div>\n\t\t\t\t<\/div>\n\t\t\t\t\t<\/div>\n\t\t<\/div>\n\t\t\t\t<div class=\"has_eae_slider elementor-column elementor-col-50 elementor-inner-column elementor-element elementor-element-928753b\" data-id=\"928753b\" data-element_type=\"column\">\n\t\t\t<div class=\"elementor-widget-wrap elementor-element-populated\">\n\t\t\t\t\t\t\t\t<div class=\"elementor-element elementor-element-0f9e4ba elementor-widget elementor-widget-image\" data-id=\"0f9e4ba\" data-element_type=\"widget\" data-widget_type=\"image.default\">\n\t\t\t\t<div class=\"elementor-widget-container\">\n\t\t\t\t\t\t\t\t\t\t\t\t\t\t\t\t<a href=\"https:\/\/odraniemen.org\/wp-content\/uploads\/2020\/01\/10-lecie-Stowarzyszenia-Odra-Niemen-210-of-207.jpg\" data-elementor-open-lightbox=\"yes\" data-e-action-hash=\"#elementor-action%3Aaction%3Dlightbox%26settings%3DeyJpZCI6IjUwMjMiLCJ1cmwiOmZhbHNlfQ%3D%3D\">\n\t\t\t\t\t\t\t<img decoding=\"async\" src=\"https:\/\/odraniemen.org\/wp-content\/uploads\/2020\/01\/10-lecie-Stowarzyszenia-Odra-Niemen-210-of-207.jpg\" title=\"\" alt=\"\" loading=\"lazy\" \/>\t\t\t\t\t\t\t\t<\/a>\n\t\t\t\t\t\t\t\t\t\t\t\t\t\t\t<\/div>\n\t\t\t\t<\/div>\n\t\t\t\t\t<\/div>\n\t\t<\/div>\n\t\t\t\t\t\t\t<\/div>\n\t\t<\/section>\n\t\t\t\t<section class=\"has_eae_slider elementor-section elementor-inner-section elementor-element elementor-element-00387e8 elementor-section-full_width elementor-section-height-default elementor-section-height-default\" data-id=\"00387e8\" data-element_type=\"section\">\n\t\t\t\t\t\t<div class=\"elementor-container elementor-column-gap-default\">\n\t\t\t\t\t<div class=\"has_eae_slider elementor-column elementor-col-100 elementor-inner-column elementor-element elementor-element-c5e51c6\" data-id=\"c5e51c6\" data-element_type=\"column\">\n\t\t\t<div class=\"elementor-widget-wrap elementor-element-populated\">\n\t\t\t\t\t\t\t\t<div class=\"elementor-element elementor-element-14ea586 elementor-widget elementor-widget-text-editor\" data-id=\"14ea586\" data-element_type=\"widget\" data-widget_type=\"text-editor.default\">\n\t\t\t\t<div class=\"elementor-widget-container\">\n\t\t\t\t\t\t\t<p>Dodatkowym\u00a0wzmocnieniem wizerunkowym oraz promocji wolontariatu, wa\u017cne punkty zawarte w ofercie, by\u0142o tak\u017ce stworzenie w nowym portalu dw\u00f3ch nowych stron tematycznych: <b><a href=\"https:\/\/odraniemen.org\/polacy-na-swiecie\/\">Polacy na \u015bwiecie<\/a> <\/b>oraz <strong><a href=\"https:\/\/odraniemen.org\/projekty\/centrum-aktywnosci-miedzypokoleniowej-wolontariat\/\">Centrum Wolontariatu\u00a0<\/a><\/strong><\/p>\t\t\t\t\t\t<\/div>\n\t\t\t\t<\/div>\n\t\t\t\t\t<\/div>\n\t\t<\/div>\n\t\t\t\t\t\t\t<\/div>\n\t\t<\/section>\n\t\t\t\t<div class=\"elementor-element elementor-element-879d892 elementor-widget elementor-widget-heading\" data-id=\"879d892\" data-element_type=\"widget\" data-widget_type=\"heading.default\">\n\t\t\t\t<div class=\"elementor-widget-container\">\n\t\t\t<h2 class=\"elementor-heading-title elementor-size-default\">Dzia\u0142ania w latach 2020-2021<\/h2>\t\t<\/div>\n\t\t\t\t<\/div>\n\t\t\t\t<div class=\"elementor-element elementor-element-3f053f9 elementor-widget elementor-widget-text-editor\" data-id=\"3f053f9\" data-element_type=\"widget\" data-widget_type=\"text-editor.default\">\n\t\t\t\t<div class=\"elementor-widget-container\">\n\t\t\t\t\t\t\t<p>Kolejne lata prowadzenia projektu to dalsze wzmocnienie zespo\u0142u poprzez cykl szkole\u0144 tematycznych i integracyjnych, kampanie spo\u0142eczne, dalsze wzmocnienie sprz\u0119towe, reklamowe. G\u0142\u00f3wnym celem tego okresu s\u0105 czynno\u015bci, wydarzenia, kampanie, kt\u00f3re maj\u0105 wzmocni\u0107 pozyskiwanie nowych \u017ar\u00f3de\u0142 finansowania organizacji.<\/p>\t\t\t\t\t\t<\/div>\n\t\t\t\t<\/div>\n\t\t\t\t<div class=\"elementor-element elementor-element-5dd994d elementor-widget elementor-widget-image\" data-id=\"5dd994d\" data-element_type=\"widget\" data-widget_type=\"image.default\">\n\t\t\t\t<div class=\"elementor-widget-container\">\n\t\t\t\t\t\t\t\t\t\t\t\t\t\t\t<img decoding=\"async\" src=\"https:\/\/odraniemen.org\/wp-content\/uploads\/2020\/02\/DSC_0171-crop-e1582312810239.jpg\" title=\"\" alt=\"\" loading=\"lazy\" \/>\t\t\t\t\t\t\t\t\t\t\t\t\t\t\t<\/div>\n\t\t\t\t<\/div>\n\t\t\t\t\t<\/div>\n\t\t<\/div>\n\t\t\t\t\t\t\t<\/div>\n\t\t<\/section>\n\t\t\t\t<section class=\"has_eae_slider elementor-section elementor-top-section elementor-element elementor-element-c270872 elementor-section-full_width elementor-section-height-default elementor-section-height-default\" data-id=\"c270872\" data-element_type=\"section\">\n\t\t\t\t\t\t<div class=\"elementor-container elementor-column-gap-default\">\n\t\t\t\t\t<div class=\"has_eae_slider elementor-column elementor-col-100 elementor-top-column elementor-element elementor-element-7dfe7eae\" data-id=\"7dfe7eae\" data-element_type=\"column\">\n\t\t\t<div class=\"elementor-widget-wrap elementor-element-populated\">\n\t\t\t\t\t\t\t\t<section class=\"has_eae_slider elementor-section elementor-inner-section elementor-element elementor-element-26d05cfe elementor-section-full_width elementor-section-height-default elementor-section-height-default\" data-id=\"26d05cfe\" data-element_type=\"section\">\n\t\t\t\t\t\t<div class=\"elementor-container elementor-column-gap-default\">\n\t\t\t\t\t<div class=\"has_eae_slider elementor-column elementor-col-50 elementor-inner-column elementor-element elementor-element-57451cd2\" data-id=\"57451cd2\" data-element_type=\"column\">\n\t\t\t<div class=\"elementor-widget-wrap elementor-element-populated\">\n\t\t\t\t\t\t\t\t<div class=\"elementor-element elementor-element-59a7e03 elementor-widget elementor-widget-heading\" data-id=\"59a7e03\" data-element_type=\"widget\" data-widget_type=\"heading.default\">\n\t\t\t\t<div class=\"elementor-widget-container\">\n\t\t\t<h3 class=\"elementor-heading-title elementor-size-default\">Materia\u0142y projektowe<\/h3>\t\t<\/div>\n\t\t\t\t<\/div>\n\t\t\t\t<div class=\"elementor-element elementor-element-16b0783 elementor-widget elementor-widget-text-editor\" data-id=\"16b0783\" data-element_type=\"widget\" data-widget_type=\"text-editor.default\">\n\t\t\t\t<div class=\"elementor-widget-container\">\n\t\t\t\t\t\t\t<p>W ramach projektu, z zebranych materia\u0142\u00f3w filmowych Stowarzyszenia Odra-Niemen, z r\u00f3\u017cnych wypraw w ramach akcji Rodacy-Bohaterom, ze spotka\u0144 z Rodakami zza wschodniej granicy, powsta\u0142y 2 dokumenty. Obrazuj\u0105 one dzia\u0142ania wolontaryjne organizacji i s\u0105 wzmocnieniem wizerunkowym \u015brodowiska Odry-Niemen.\u00a0 \u00a0<\/p>\t\t\t\t\t\t<\/div>\n\t\t\t\t<\/div>\n\t\t\t\t<div class=\"elementor-element elementor-element-2f35476 elementor-widget elementor-widget-eael-feature-list\" data-id=\"2f35476\" data-element_type=\"widget\" data-widget_type=\"eael-feature-list.default\">\n\t\t\t\t<div class=\"elementor-widget-container\">\n\t\t\t\t\t<div class=\"-icon-position-left -tablet-icon-position-left -mobile-icon-position-left\">\n\t\t\t<ul id=\"eael-feature-list-2f35476\" class=\"eael-feature-list-items circle stacked \">\n\t\t\t                <li class=\"eael-feature-list-item elementor-repeater-item-bc34ee9\">\n                    \n\t\t\t\t\t\t<div class=\"eael-feature-list-icon-box\">\n\t\t\t\t\t\t\t<div class=\"eael-feature-list-icon-inner\">\n\n\t\t\t\t\t\t\t\t<a class=\"eael-feature-list-icon fl-icon-0\"href=\"https:\/\/www.youtube.com\/watch?v=mfRsyn_hS9Q&#038;list=PLHscmD-doRzpqzslTcQVIYdZkbqTg3zbw&#038;index=2&#038;t=0s\">\n\n\t\t<i aria-hidden=\"true\" class=\"fas fa-film\"><\/i>\t\t\t\t\t\t\t\t<\/a>\n\t\t\t\t\t\t\t<\/div>\n\t\t\t\t\t\t<\/div>\n\t\t\t\t\t\t<div class=\"eael-feature-list-content-box\">\n\t\t\t\t\t\t\t<h3 class=\"eael-feature-list-title\"\t\t\t\t\t\t\t><a href=\"https:\/\/www.youtube.com\/watch?v=mfRsyn_hS9Q&#038;list=PLHscmD-doRzpqzslTcQVIYdZkbqTg3zbw&#038;index=2&#038;t=0s\">Spotkania na Polesiu I cz\u0119\u015b\u0107<\/a><\/h3\t\t\t\t\t\t>\n\t\t\t\t\t\t<p class=\"eael-feature-list-content\"><\/p>\n\t\t\t\t\t\t<\/div>\n\n\t\t\t\t\t<\/li>\n\t\t\t\t                <li class=\"eael-feature-list-item elementor-repeater-item-53d910b\">\n                    \n\t\t\t\t\t\t<div class=\"eael-feature-list-icon-box\">\n\t\t\t\t\t\t\t<div class=\"eael-feature-list-icon-inner\">\n\n\t\t\t\t\t\t\t\t<a class=\"eael-feature-list-icon fl-icon-1\"href=\"https:\/\/www.youtube.com\/watch?v=cB6NgmQ2-E4&#038;list=PLHscmD-doRzrcitxzrXF7iwiyMDYF_-Db&#038;index=6&#038;t=0s\">\n\n\t\t<i aria-hidden=\"true\" class=\"fas fa-film\"><\/i>\t\t\t\t\t\t\t\t<\/a>\n\t\t\t\t\t\t\t<\/div>\n\t\t\t\t\t\t<\/div>\n\t\t\t\t\t\t<div class=\"eael-feature-list-content-box\">\n\t\t\t\t\t\t\t<h3 class=\"eael-feature-list-title\"\t\t\t\t\t\t\t><a href=\"https:\/\/www.youtube.com\/watch?v=cB6NgmQ2-E4&#038;list=PLHscmD-doRzrcitxzrXF7iwiyMDYF_-Db&#038;index=6&#038;t=0s\">Spotkania na Polesiu II cz\u0119\u015b\u0107<\/a><\/h3\t\t\t\t\t\t>\n\t\t\t\t\t\t<p class=\"eael-feature-list-content\"><\/p>\n\t\t\t\t\t\t<\/div>\n\n\t\t\t\t\t<\/li>\n\t\t\t\t\t\t\t<\/ul>\n\t\t<\/div>\n\t\t\t\t<\/div>\n\t\t\t\t<\/div>\n\t\t\t\t<div class=\"elementor-element elementor-element-d09e124 elementor-widget elementor-widget-text-editor\" data-id=\"d09e124\" data-element_type=\"widget\" data-widget_type=\"text-editor.default\">\n\t\t\t\t<div class=\"elementor-widget-container\">\n\t\t\t\t\t\t\t<p>Poni\u017cej linki do materia\u0142\u00f3w zwi\u0105zanych z realizacj\u0105 zadania.\u00a0<\/p>\t\t\t\t\t\t<\/div>\n\t\t\t\t<\/div>\n\t\t\t\t<div class=\"elementor-element elementor-element-45b1dcbd elementor-widget elementor-widget-eael-feature-list\" data-id=\"45b1dcbd\" data-element_type=\"widget\" data-widget_type=\"eael-feature-list.default\">\n\t\t\t\t<div class=\"elementor-widget-container\">\n\t\t\t\t\t<div class=\"-icon-position-left -tablet-icon-position-left -mobile-icon-position-left\">\n\t\t\t<ul id=\"eael-feature-list-45b1dcbd\" class=\"eael-feature-list-items circle stacked \">\n\t\t\t                <li class=\"eael-feature-list-item elementor-repeater-item-bc34ee9\">\n                    \n\t\t\t\t\t\t<div class=\"eael-feature-list-icon-box\">\n\t\t\t\t\t\t\t<div class=\"eael-feature-list-icon-inner\">\n\n\t\t\t\t\t\t\t\t<a class=\"eael-feature-list-icon fl-icon-0\"href=\"https:\/\/federacja-patriotyczna.pl\">\n\n\t\t<i aria-hidden=\"true\" class=\"fas fa-check\"><\/i>\t\t\t\t\t\t\t\t<\/a>\n\t\t\t\t\t\t\t<\/div>\n\t\t\t\t\t\t<\/div>\n\t\t\t\t\t\t<div class=\"eael-feature-list-content-box\">\n\t\t\t\t\t\t\t<h3 class=\"eael-feature-list-title\"\t\t\t\t\t\t\t><a href=\"https:\/\/federacja-patriotyczna.pl\">Strona Federacji<\/a><\/h3\t\t\t\t\t\t>\n\t\t\t\t\t\t<p class=\"eael-feature-list-content\"><\/p>\n\t\t\t\t\t\t<\/div>\n\n\t\t\t\t\t<\/li>\n\t\t\t\t                <li class=\"eael-feature-list-item elementor-repeater-item-ffd55bf\">\n                    \n\t\t\t\t\t\t<div class=\"eael-feature-list-icon-box\">\n\t\t\t\t\t\t\t<div class=\"eael-feature-list-icon-inner\">\n\n\t\t\t\t\t\t\t\t<a class=\"eael-feature-list-icon fl-icon-1\"href=\"https:\/\/odraniemen.org\/projekty\/centrum-aktywnosci-miedzypokoleniowej-wolontariat\/\">\n\n\t\t<i aria-hidden=\"true\" class=\"fas fa-check\"><\/i>\t\t\t\t\t\t\t\t<\/a>\n\t\t\t\t\t\t\t<\/div>\n\t\t\t\t\t\t<\/div>\n\t\t\t\t\t\t<div class=\"eael-feature-list-content-box\">\n\t\t\t\t\t\t\t<h3 class=\"eael-feature-list-title\"\t\t\t\t\t\t\t><a href=\"https:\/\/odraniemen.org\/projekty\/centrum-aktywnosci-miedzypokoleniowej-wolontariat\/\">Centrum Wolontariatu<\/a><\/h3\t\t\t\t\t\t>\n\t\t\t\t\t\t<p class=\"eael-feature-list-content\"><\/p>\n\t\t\t\t\t\t<\/div>\n\n\t\t\t\t\t<\/li>\n\t\t\t\t\t\t\t<\/ul>\n\t\t<\/div>\n\t\t\t\t<\/div>\n\t\t\t\t<\/div>\n\t\t\t\t<div class=\"elementor-element elementor-element-3036e29 elementor-widget elementor-widget-text-editor\" data-id=\"3036e29\" data-element_type=\"widget\" data-widget_type=\"text-editor.default\">\n\t\t\t\t<div class=\"elementor-widget-container\">\n\t\t\t\t\t\t\t<p>W 2021 roku stworzyli\u015bmy i pokazywali\u015bmy tematyczne spoty filmowe wzmacniaj\u0105ce wizerunek ca\u0142ej organizacji.<\/p>\t\t\t\t\t\t<\/div>\n\t\t\t\t<\/div>\n\t\t\t\t<div class=\"elementor-element elementor-element-e99be50 elementor-widget elementor-widget-eael-feature-list\" data-id=\"e99be50\" data-element_type=\"widget\" data-widget_type=\"eael-feature-list.default\">\n\t\t\t\t<div class=\"elementor-widget-container\">\n\t\t\t\t\t<div class=\"-icon-position-left -tablet-icon-position-left -mobile-icon-position-left\">\n\t\t\t<ul id=\"eael-feature-list-e99be50\" class=\"eael-feature-list-items circle stacked \">\n\t\t\t                <li class=\"eael-feature-list-item elementor-repeater-item-bc34ee9\">\n                    \n\t\t\t\t\t\t<div class=\"eael-feature-list-icon-box\">\n\t\t\t\t\t\t\t<div class=\"eael-feature-list-icon-inner\">\n\n\t\t\t\t\t\t\t\t<a class=\"eael-feature-list-icon fl-icon-0\"href=\"https:\/\/youtu.be\/xT8XcJadmlM\">\n\n\t\t<i aria-hidden=\"true\" class=\"fas fa-check\"><\/i>\t\t\t\t\t\t\t\t<\/a>\n\t\t\t\t\t\t\t<\/div>\n\t\t\t\t\t\t<\/div>\n\t\t\t\t\t\t<div class=\"eael-feature-list-content-box\">\n\t\t\t\t\t\t\t<h3 class=\"eael-feature-list-title\"\t\t\t\t\t\t\t><a href=\"https:\/\/youtu.be\/xT8XcJadmlM\">Wolontariat<\/a><\/h3\t\t\t\t\t\t>\n\t\t\t\t\t\t<p class=\"eael-feature-list-content\"><\/p>\n\t\t\t\t\t\t<\/div>\n\n\t\t\t\t\t<\/li>\n\t\t\t\t                <li class=\"eael-feature-list-item elementor-repeater-item-62524e8\">\n                    \n\t\t\t\t\t\t<div class=\"eael-feature-list-icon-box\">\n\t\t\t\t\t\t\t<div class=\"eael-feature-list-icon-inner\">\n\n\t\t\t\t\t\t\t\t<a class=\"eael-feature-list-icon fl-icon-1\"href=\"https:\/\/youtu.be\/0807CIuv9Jk\">\n\n\t\t<i aria-hidden=\"true\" class=\"fas fa-check\"><\/i>\t\t\t\t\t\t\t\t<\/a>\n\t\t\t\t\t\t\t<\/div>\n\t\t\t\t\t\t<\/div>\n\t\t\t\t\t\t<div class=\"eael-feature-list-content-box\">\n\t\t\t\t\t\t\t<h3 class=\"eael-feature-list-title\"\t\t\t\t\t\t\t><a href=\"https:\/\/youtu.be\/0807CIuv9Jk\">Rodacy-Bohaterom<\/a><\/h3\t\t\t\t\t\t>\n\t\t\t\t\t\t<p class=\"eael-feature-list-content\"><\/p>\n\t\t\t\t\t\t<\/div>\n\n\t\t\t\t\t<\/li>\n\t\t\t\t                <li class=\"eael-feature-list-item elementor-repeater-item-4452f8e\">\n                    \n\t\t\t\t\t\t<div class=\"eael-feature-list-icon-box\">\n\t\t\t\t\t\t\t<div class=\"eael-feature-list-icon-inner\">\n\n\t\t\t\t\t\t\t\t<a class=\"eael-feature-list-icon fl-icon-2\"href=\"https:\/\/youtu.be\/o0124JV-Hbk\">\n\n\t\t<i aria-hidden=\"true\" class=\"fas fa-check\"><\/i>\t\t\t\t\t\t\t\t<\/a>\n\t\t\t\t\t\t\t<\/div>\n\t\t\t\t\t\t<\/div>\n\t\t\t\t\t\t<div class=\"eael-feature-list-content-box\">\n\t\t\t\t\t\t\t<h3 class=\"eael-feature-list-title\"\t\t\t\t\t\t\t><a href=\"https:\/\/youtu.be\/o0124JV-Hbk\">Galeria Pami\u0105tek<\/a><\/h3\t\t\t\t\t\t>\n\t\t\t\t\t\t<p class=\"eael-feature-list-content\"><\/p>\n\t\t\t\t\t\t<\/div>\n\n\t\t\t\t\t<\/li>\n\t\t\t\t                <li class=\"eael-feature-list-item elementor-repeater-item-6424e8c\">\n                    \n\t\t\t\t\t\t<div class=\"eael-feature-list-icon-box\">\n\t\t\t\t\t\t\t<div class=\"eael-feature-list-icon-inner\">\n\n\t\t\t\t\t\t\t\t<a class=\"eael-feature-list-icon fl-icon-3\"href=\"https:\/\/youtu.be\/MLRqAVD-2ys\">\n\n\t\t<i aria-hidden=\"true\" class=\"fas fa-check\"><\/i>\t\t\t\t\t\t\t\t<\/a>\n\t\t\t\t\t\t\t<\/div>\n\t\t\t\t\t\t<\/div>\n\t\t\t\t\t\t<div class=\"eael-feature-list-content-box\">\n\t\t\t\t\t\t\t<h3 class=\"eael-feature-list-title\"\t\t\t\t\t\t\t><a href=\"https:\/\/youtu.be\/MLRqAVD-2ys\">1% dla Odry-Niemen<\/a><\/h3\t\t\t\t\t\t>\n\t\t\t\t\t\t<p class=\"eael-feature-list-content\"><\/p>\n\t\t\t\t\t\t<\/div>\n\n\t\t\t\t\t<\/li>\n\t\t\t\t                <li class=\"eael-feature-list-item elementor-repeater-item-569f51d\">\n                    \n\t\t\t\t\t\t<div class=\"eael-feature-list-icon-box\">\n\t\t\t\t\t\t\t<div class=\"eael-feature-list-icon-inner\">\n\n\t\t\t\t\t\t\t\t<a class=\"eael-feature-list-icon fl-icon-4\"href=\"https:\/\/youtu.be\/ObFXC2cLc34\">\n\n\t\t<i aria-hidden=\"true\" class=\"fas fa-check\"><\/i>\t\t\t\t\t\t\t\t<\/a>\n\t\t\t\t\t\t\t<\/div>\n\t\t\t\t\t\t<\/div>\n\t\t\t\t\t\t<div class=\"eael-feature-list-content-box\">\n\t\t\t\t\t\t\t<h3 class=\"eael-feature-list-title\"\t\t\t\t\t\t\t><a href=\"https:\/\/youtu.be\/ObFXC2cLc34\">Ocali\u0107 od zapomnienia<\/a><\/h3\t\t\t\t\t\t>\n\t\t\t\t\t\t<p class=\"eael-feature-list-content\"><\/p>\n\t\t\t\t\t\t<\/div>\n\n\t\t\t\t\t<\/li>\n\t\t\t\t                <li class=\"eael-feature-list-item elementor-repeater-item-50f3f3c\">\n                    \n\t\t\t\t\t\t<div class=\"eael-feature-list-icon-box\">\n\t\t\t\t\t\t\t<div class=\"eael-feature-list-icon-inner\">\n\n\t\t\t\t\t\t\t\t<a class=\"eael-feature-list-icon fl-icon-5\"href=\"https:\/\/youtu.be\/4UMe-qt_zFs\">\n\n\t\t<i aria-hidden=\"true\" class=\"fas fa-check\"><\/i>\t\t\t\t\t\t\t\t<\/a>\n\t\t\t\t\t\t\t<\/div>\n\t\t\t\t\t\t<\/div>\n\t\t\t\t\t\t<div class=\"eael-feature-list-content-box\">\n\t\t\t\t\t\t\t<h3 class=\"eael-feature-list-title\"\t\t\t\t\t\t\t><a href=\"https:\/\/youtu.be\/4UMe-qt_zFs\">Polacy na \u015bwiecie<\/a><\/h3\t\t\t\t\t\t>\n\t\t\t\t\t\t<p class=\"eael-feature-list-content\"><\/p>\n\t\t\t\t\t\t<\/div>\n\n\t\t\t\t\t<\/li>\n\t\t\t\t                <li class=\"eael-feature-list-item elementor-repeater-item-ffd55bf\">\n                    \n\t\t\t\t\t\t<div class=\"eael-feature-list-icon-box\">\n\t\t\t\t\t\t\t<div class=\"eael-feature-list-icon-inner\">\n\n\t\t\t\t\t\t\t\t<a class=\"eael-feature-list-icon fl-icon-6\"href=\"https:\/\/youtu.be\/8yfcbPKnXI4\">\n\n\t\t<i aria-hidden=\"true\" class=\"fas fa-check\"><\/i>\t\t\t\t\t\t\t\t<\/a>\n\t\t\t\t\t\t\t<\/div>\n\t\t\t\t\t\t<\/div>\n\t\t\t\t\t\t<div class=\"eael-feature-list-content-box\">\n\t\t\t\t\t\t\t<h3 class=\"eael-feature-list-title\"\t\t\t\t\t\t\t><a href=\"https:\/\/youtu.be\/8yfcbPKnXI4\">Stowarzyszenie Odra-Niemen<\/a><\/h3\t\t\t\t\t\t>\n\t\t\t\t\t\t<p class=\"eael-feature-list-content\"><\/p>\n\t\t\t\t\t\t<\/div>\n\n\t\t\t\t\t<\/li>\n\t\t\t\t\t\t\t<\/ul>\n\t\t<\/div>\n\t\t\t\t<\/div>\n\t\t\t\t<\/div>\n\t\t\t\t\t<\/div>\n\t\t<\/div>\n\t\t\t\t<div class=\"has_eae_slider elementor-column elementor-col-50 elementor-inner-column elementor-element elementor-element-3646fe0b\" data-id=\"3646fe0b\" data-element_type=\"column\">\n\t\t\t<div class=\"elementor-widget-wrap elementor-element-populated\">\n\t\t\t\t\t\t\t\t<div class=\"elementor-element elementor-element-56a60c12 elementor-widget elementor-widget-heading\" data-id=\"56a60c12\" data-element_type=\"widget\" data-widget_type=\"heading.default\">\n\t\t\t\t<div class=\"elementor-widget-container\">\n\t\t\t<h3 class=\"elementor-heading-title elementor-size-default\">Galeria projektu<\/h3>\t\t<\/div>\n\t\t\t\t<\/div>\n\t\t\t\t<div class=\"elementor-element elementor-element-22806e29 elementor-widget elementor-widget-image-gallery\" data-id=\"22806e29\" data-element_type=\"widget\" data-widget_type=\"image-gallery.default\">\n\t\t\t\t<div class=\"elementor-widget-container\">\n\t\t\t\t\t<div class=\"elementor-image-gallery\">\n\t\t\t<div id='gallery-2' class='gallery galleryid-2323 gallery-columns-3 gallery-size-thumbnail'><figure class='gallery-item'>\n\t\t\t<div class='gallery-icon landscape'>\n\t\t\t\t<a data-elementor-open-lightbox=\"yes\" data-elementor-lightbox-slideshow=\"22806e29\" data-elementor-lightbox-title=\"Lekcja historii w Pa\u0142acu Prezydenckim\" data-e-action-hash=\"#elementor-action%3Aaction%3Dlightbox%26settings%3DeyJpZCI6Mjc5NywidXJsIjoiaHR0cHM6XC9cL29kcmFuaWVtZW4ub3JnXC9wb2xhY3ktbmEtc3dpZWNpZVwvd3AtY29udGVudFwvdXBsb2Fkc1wvc2l0ZXNcLzEwXC8yMDI0XC8wMVwvV2FrYWNqZS16LWhpc3RvcmlpMy5qcGciLCJzbGlkZXNob3ciOiIyMjgwNmUyOSJ9\" href='https:\/\/odraniemen.org\/polacy-na-swiecie\/wp-content\/uploads\/sites\/10\/2024\/01\/Wakacje-z-historii3.jpg'><img loading=\"lazy\" decoding=\"async\" width=\"150\" height=\"150\" src=\"https:\/\/odraniemen.org\/polacy-na-swiecie\/wp-content\/uploads\/sites\/10\/2024\/01\/Wakacje-z-historii3-150x150.jpg\" class=\"attachment-thumbnail size-thumbnail\" alt=\"\" srcset=\"https:\/\/odraniemen.org\/polacy-na-swiecie\/wp-content\/uploads\/sites\/10\/2024\/01\/Wakacje-z-historii3-150x150.jpg 150w, https:\/\/odraniemen.org\/polacy-na-swiecie\/wp-content\/uploads\/sites\/10\/2024\/01\/Wakacje-z-historii3-300x300.jpg 300w, https:\/\/odraniemen.org\/polacy-na-swiecie\/wp-content\/uploads\/sites\/10\/2024\/01\/Wakacje-z-historii3-100x100.jpg 100w\" sizes=\"(max-width: 150px) 100vw, 150px\" \/><\/a>\n\t\t\t<\/div><\/figure><figure class='gallery-item'>\n\t\t\t<div class='gallery-icon landscape'>\n\t\t\t\t<a data-elementor-open-lightbox=\"yes\" data-elementor-lightbox-slideshow=\"22806e29\" data-elementor-lightbox-title=\"311774172_483101507178143_2823396670634316693_n\" data-e-action-hash=\"#elementor-action%3Aaction%3Dlightbox%26settings%3DeyJpZCI6MTk4NiwidXJsIjoiaHR0cHM6XC9cL29kcmFuaWVtZW4ub3JnXC9wb2xhY3ktbmEtc3dpZWNpZVwvd3AtY29udGVudFwvdXBsb2Fkc1wvc2l0ZXNcLzEwXC8yMDIzXC8wMlwvMzExNzc0MTcyXzQ4MzEwMTUwNzE3ODE0M18yODIzMzk2NjcwNjM0MzE2NjkzX24uanBnIiwic2xpZGVzaG93IjoiMjI4MDZlMjkifQ%3D%3D\" href='https:\/\/odraniemen.org\/polacy-na-swiecie\/wp-content\/uploads\/sites\/10\/2023\/02\/311774172_483101507178143_2823396670634316693_n.jpg'><img loading=\"lazy\" decoding=\"async\" width=\"150\" height=\"150\" src=\"https:\/\/odraniemen.org\/polacy-na-swiecie\/wp-content\/uploads\/sites\/10\/2023\/02\/311774172_483101507178143_2823396670634316693_n-150x150.jpg\" class=\"attachment-thumbnail size-thumbnail\" alt=\"\" srcset=\"https:\/\/odraniemen.org\/polacy-na-swiecie\/wp-content\/uploads\/sites\/10\/2023\/02\/311774172_483101507178143_2823396670634316693_n-150x150.jpg 150w, https:\/\/odraniemen.org\/polacy-na-swiecie\/wp-content\/uploads\/sites\/10\/2023\/02\/311774172_483101507178143_2823396670634316693_n-300x300.jpg 300w, https:\/\/odraniemen.org\/polacy-na-swiecie\/wp-content\/uploads\/sites\/10\/2023\/02\/311774172_483101507178143_2823396670634316693_n-100x100.jpg 100w\" sizes=\"(max-width: 150px) 100vw, 150px\" \/><\/a>\n\t\t\t<\/div><\/figure>\n\t\t<\/div>\n\t\t<\/div>\n\t\t\t\t<\/div>\n\t\t\t\t<\/div>\n\t\t\t\t<div class=\"elementor-element elementor-element-f61acc7 elementor-widget elementor-widget-image-gallery\" data-id=\"f61acc7\" data-element_type=\"widget\" data-widget_type=\"image-gallery.default\">\n\t\t\t\t<div class=\"elementor-widget-container\">\n\t\t\t\t\t<div class=\"elementor-image-gallery\">\n\t\t\t\t\t<\/div>\n\t\t\t\t<\/div>\n\t\t\t\t<\/div>\n\t\t\t\t\t<\/div>\n\t\t<\/div>\n\t\t\t\t\t\t\t<\/div>\n\t\t<\/section>\n\t\t\t\t\t<\/div>\n\t\t<\/div>\n\t\t\t\t\t\t\t<\/div>\n\t\t<\/section>\n\t\t\t\t<section class=\"has_eae_slider elementor-section elementor-top-section elementor-element elementor-element-380882f elementor-section-boxed elementor-section-height-default elementor-section-height-default\" data-id=\"380882f\" data-element_type=\"section\">\n\t\t\t\t\t\t<div class=\"elementor-container elementor-column-gap-default\">\n\t\t\t\t\t<div class=\"has_eae_slider elementor-column elementor-col-100 elementor-top-column elementor-element elementor-element-df5dde8\" data-id=\"df5dde8\" data-element_type=\"column\">\n\t\t\t<div class=\"elementor-widget-wrap elementor-element-populated\">\n\t\t\t\t\t\t\t\t<div class=\"elementor-element elementor-element-19a86d2 elementor-widget elementor-widget-heading\" data-id=\"19a86d2\" data-element_type=\"widget\" data-widget_type=\"heading.default\">\n\t\t\t\t<div class=\"elementor-widget-container\">\n\t\t\t<h2 class=\"elementor-heading-title elementor-size-default\">Finansowanie projektu<\/h2>\t\t<\/div>\n\t\t\t\t<\/div>\n\t\t\t\t\t<\/div>\n\t\t<\/div>\n\t\t\t\t\t\t\t<\/div>\n\t\t<\/section>\n\t\t\t\t<section class=\"has_eae_slider elementor-section elementor-top-section elementor-element elementor-element-c4d373b elementor-section-boxed elementor-section-height-default elementor-section-height-default\" data-id=\"c4d373b\" data-element_type=\"section\">\n\t\t\t\t\t\t<div class=\"elementor-container elementor-column-gap-default\">\n\t\t\t\t\t<div class=\"has_eae_slider elementor-column elementor-col-100 elementor-top-column elementor-element elementor-element-4c10bed\" data-id=\"4c10bed\" data-element_type=\"column\">\n\t\t\t<div class=\"elementor-widget-wrap elementor-element-populated\">\n\t\t\t\t\t\t\t\t<div class=\"elementor-element elementor-element-d432839 elementor-widget elementor-widget-text-editor\" data-id=\"d432839\" data-element_type=\"widget\" data-widget_type=\"text-editor.default\">\n\t\t\t\t<div class=\"elementor-widget-container\">\n\t\t\t\t\t\t\t<p>Od lat w\u0142asnymi si\u0142ami budowali\u015bmy swoje struktury i pomagali\u015bmy wspiera\u0107 pozarz\u0105dowe \u015brodowisko patriotyczne. Osi\u0105gn\u0119li\u015bmy wiele z racji mocnej wsp\u00f3\u0142pracy wielu spo\u0142ecznych podmiot\u00f3w i rzeszy wolontariuszy.Od 2019 roku w\u0142\u0105czamy w ten projekt \u015brodki finansowe uzyskane z dotacji Narodowego Instytutu Wolno\u015bci &#8211; Centrum Rozwoju Spo\u0142ecze\u0144stwa Obywatelskiego, w ramach Program\u00f3w Obywatelskich.\u00a0\u00a0<\/p><p><span style=\"letter-spacing: 0.8px\">Pierwsze kompleksowe wsparcie finansowe na rozw\u00f3j ca\u0142ego naszego \u015brodowiska to mo\u017cliwo\u015b\u0107\u00a0 <\/span><span style=\"letter-spacing: 0.8px\">wzmocnienie: wizerunkowe, sprz\u0119towe, merytoryczne, aby m\u00f3c tworzy\u0107 nowe oferty wsp\u00f3\u0142pracy z otoczeniem. <\/span><\/p><p><strong><span style=\"letter-spacing: 0.8px\">Dotacje o<\/span><span style=\"font-family: 'Open Sans', sans-serif;font-size: 16px;font-style: normal;letter-spacing: 0.8px\">trzymali\u015bmy<\/span><span style=\"font-family: 'Open Sans', sans-serif;font-size: 16px;font-style: normal;letter-spacing: 0.8px\">\u00a0<\/span><span style=\"letter-spacing: 0.8px\">z NIW-CRSO z Programu Rozwoju Organizacji Obywatelskich na lata 2018-2030.\u00a0<\/span><\/strong><\/p>\t\t\t\t\t\t<\/div>\n\t\t\t\t<\/div>\n\t\t\t\t<section class=\"has_eae_slider elementor-section elementor-inner-section elementor-element elementor-element-396d3d4 elementor-section-boxed elementor-section-height-default elementor-section-height-default\" data-id=\"396d3d4\" data-element_type=\"section\">\n\t\t\t\t\t\t<div class=\"elementor-container elementor-column-gap-default\">\n\t\t\t\t\t<div class=\"has_eae_slider elementor-column elementor-col-50 elementor-inner-column elementor-element elementor-element-0f0e021\" data-id=\"0f0e021\" data-element_type=\"column\">\n\t\t\t<div class=\"elementor-widget-wrap elementor-element-populated\">\n\t\t\t\t\t\t\t\t<div class=\"elementor-element elementor-element-a00eb28 elementor-widget elementor-widget-image\" data-id=\"a00eb28\" data-element_type=\"widget\" data-widget_type=\"image.default\">\n\t\t\t\t<div class=\"elementor-widget-container\">\n\t\t\t\t\t\t\t\t\t\t\t\t\t\t\t<img decoding=\"async\" src=\"https:\/\/odraniemen.org\/wp-content\/uploads\/2020\/02\/Program-Rozwoju-Organizacji-Obywatelskich.jpg\" title=\"\" alt=\"\" loading=\"lazy\" \/>\t\t\t\t\t\t\t\t\t\t\t\t\t\t\t<\/div>\n\t\t\t\t<\/div>\n\t\t\t\t\t<\/div>\n\t\t<\/div>\n\t\t\t\t<div class=\"has_eae_slider elementor-column elementor-col-50 elementor-inner-column elementor-element elementor-element-052cce1\" data-id=\"052cce1\" data-element_type=\"column\">\n\t\t\t<div class=\"elementor-widget-wrap elementor-element-populated\">\n\t\t\t\t\t\t\t\t<div class=\"elementor-element elementor-element-64ed7ed elementor-widget elementor-widget-image\" data-id=\"64ed7ed\" data-element_type=\"widget\" data-widget_type=\"image.default\">\n\t\t\t\t<div class=\"elementor-widget-container\">\n\t\t\t\t\t\t\t\t\t\t\t\t\t\t\t<img decoding=\"async\" src=\"https:\/\/odraniemen.org\/wp-content\/uploads\/2019\/04\/sam-znak-e1582280993729.jpg\" title=\"\" alt=\"\" loading=\"lazy\" \/>\t\t\t\t\t\t\t\t\t\t\t\t\t\t\t<\/div>\n\t\t\t\t<\/div>\n\t\t\t\t\t<\/div>\n\t\t<\/div>\n\t\t\t\t\t\t\t<\/div>\n\t\t<\/section>\n\t\t\t\t\t<\/div>\n\t\t<\/div>\n\t\t\t\t\t\t\t<\/div>\n\t\t<\/section>\n\t\t\t\t\t\t\t<\/div>\n\t\t","protected":false},"excerpt":{"rendered":"<p>Stowarzyszenie Odra-Niemen przez 10 lat dzia\u0142ania ponad podzia\u0142ami  i w \u015bcis\u0142ej wsp\u00f3\u0142pracy z innymi organizacjami, zbudowa\u0142o mocny i liczny wolontariat i silne koalicje. Mimo wielu ogranicze\u0144, zbudowali\u015bmy struktur\u0119. Zawsze brakowa\u0142o funduszy na rozw\u00f3j organizacji i wzmacnianie \u015brodowiska. Grant z Funduszu PROO da\u0142 nam nowe mo\u017cliwo\u015bci.  <\/p>\n","protected":false},"author":2564,"featured_media":2324,"comment_status":"closed","ping_status":"closed","sticky":false,"template":"","format":"standard","meta":{"site-sidebar-layout":"default","site-content-layout":"default","ast-site-content-layout":"","site-content-style":"default","site-sidebar-style":"default","ast-global-header-display":"","ast-banner-title-visibility":"","ast-main-header-display":"disabled","ast-hfb-above-header-display":"","ast-hfb-below-header-display":"","ast-hfb-mobile-header-display":"","site-post-title":"","ast-breadcrumbs-content":"","ast-featured-img":"disabled","footer-sml-layout":"","theme-transparent-header-meta":"default","adv-header-id-meta":"","stick-header-meta":"","header-above-stick-meta":"","header-main-stick-meta":"","header-below-stick-meta":"","astra-migrate-meta-layouts":"","ast-page-background-enabled":"default","ast-page-background-meta":{"desktop":{"background-color":"","background-image":"","background-repeat":"repeat","background-position":"center center","background-size":"auto","background-attachment":"scroll","background-type":"","background-media":"","overlay-type":"","overlay-color":"","overlay-gradient":""},"tablet":{"background-color":"","background-image":"","background-repeat":"repeat","background-position":"center center","background-size":"auto","background-attachment":"scroll","background-type":"","background-media":"","overlay-type":"","overlay-color":"","overlay-gradient":""},"mobile":{"background-color":"","background-image":"","background-repeat":"repeat","background-position":"center center","background-size":"auto","background-attachment":"scroll","background-type":"","background-media":"","overlay-type":"","overlay-color":"","overlay-gradient":""}},"ast-content-background-meta":{"desktop":{"background-color":"var(--ast-global-color-5)","background-image":"","background-repeat":"repeat","background-position":"center center","background-size":"auto","background-attachment":"scroll","background-type":"","background-media":"","overlay-type":"","overlay-color":"","overlay-gradient":""},"tablet":{"background-color":"var(--ast-global-color-5)","background-image":"","background-repeat":"repeat","background-position":"center center","background-size":"auto","background-attachment":"scroll","background-type":"","background-media":"","overlay-type":"","overlay-color":"","overlay-gradient":""},"mobile":{"background-color":"var(--ast-global-color-5)","background-image":"","background-repeat":"repeat","background-position":"center center","background-size":"auto","background-attachment":"scroll","background-type":"","background-media":"","overlay-type":"","overlay-color":"","overlay-gradient":""}},"footnotes":""},"categories":[17,64],"tags":[291],"yoast_head":"<!-- This site is optimized with the Yoast SEO plugin v21.6 - https:\/\/yoast.com\/wordpress\/plugins\/seo\/ -->\n<title>Wzmocnienie Odra-Niemen- Grant CRSO-NIW - Polacy Ponad Granicami<\/title>\n<meta name=\"robots\" content=\"index, follow, max-snippet:-1, max-image-preview:large, max-video-preview:-1\" \/>\n<link rel=\"canonical\" href=\"https:\/\/odraniemen.org\/polacy-na-swiecie\/2021\/12\/31\/wzmocnienie-odra-niemen-grant-crso-niw\/\" \/>\n<meta property=\"og:locale\" content=\"pl_PL\" \/>\n<meta property=\"og:type\" content=\"article\" \/>\n<meta property=\"og:title\" content=\"Wzmocnienie Odra-Niemen- Grant CRSO-NIW - Polacy Ponad Granicami\" \/>\n<meta property=\"og:description\" content=\"Stowarzyszenie Odra-Niemen przez 10 lat dzia\u0142ania ponad podzia\u0142ami i w \u015bcis\u0142ej wsp\u00f3\u0142pracy z innymi organizacjami, zbudowa\u0142o mocny i liczny wolontariat i silne koalicje. Mimo wielu ogranicze\u0144, zbudowali\u015bmy struktur\u0119. Zawsze brakowa\u0142o funduszy na rozw\u00f3j organizacji i wzmacnianie \u015brodowiska. Grant z Funduszu PROO da\u0142 nam nowe mo\u017cliwo\u015bci.\" \/>\n<meta property=\"og:url\" content=\"https:\/\/odraniemen.org\/polacy-na-swiecie\/2021\/12\/31\/wzmocnienie-odra-niemen-grant-crso-niw\/\" \/>\n<meta property=\"og:site_name\" content=\"Polacy Ponad Granicami\" \/>\n<meta property=\"article:published_time\" content=\"2021-12-31T16:44:00+00:00\" \/>\n<meta property=\"article:modified_time\" content=\"2023-03-30T16:08:25+00:00\" \/>\n<meta property=\"og:image\" content=\"https:\/\/odraniemen.org\/polacy-na-swiecie\/wp-content\/uploads\/sites\/10\/2023\/03\/slajd_2-kopia.jpg\" \/>\n\t<meta property=\"og:image:width\" content=\"2398\" \/>\n\t<meta property=\"og:image:height\" content=\"1254\" \/>\n\t<meta property=\"og:image:type\" content=\"image\/jpeg\" \/>\n<meta name=\"author\" content=\"ilonagosiewska\" \/>\n<meta name=\"twitter:card\" content=\"summary_large_image\" \/>\n<meta name=\"twitter:label1\" content=\"Napisane przez\" \/>\n\t<meta name=\"twitter:data1\" content=\"ilonagosiewska\" \/>\n\t<meta name=\"twitter:label2\" content=\"Szacowany czas czytania\" \/>\n\t<meta name=\"twitter:data2\" content=\"13 minut\" \/>\n<script type=\"application\/ld+json\" class=\"yoast-schema-graph\">{\"@context\":\"https:\/\/schema.org\",\"@graph\":[{\"@type\":\"Article\",\"@id\":\"https:\/\/odraniemen.org\/polacy-na-swiecie\/2021\/12\/31\/wzmocnienie-odra-niemen-grant-crso-niw\/#article\",\"isPartOf\":{\"@id\":\"https:\/\/odraniemen.org\/polacy-na-swiecie\/2021\/12\/31\/wzmocnienie-odra-niemen-grant-crso-niw\/\"},\"author\":{\"name\":\"ilonagosiewska\",\"@id\":\"https:\/\/odraniemen.org\/polacy-na-swiecie\/#\/schema\/person\/5c71972185655e691b23f285224cfb82\"},\"headline\":\"Wzmocnienie Odra-Niemen- Grant CRSO-NIW\",\"datePublished\":\"2021-12-31T16:44:00+00:00\",\"dateModified\":\"2023-03-30T16:08:25+00:00\",\"mainEntityOfPage\":{\"@id\":\"https:\/\/odraniemen.org\/polacy-na-swiecie\/2021\/12\/31\/wzmocnienie-odra-niemen-grant-crso-niw\/\"},\"wordCount\":893,\"publisher\":{\"@id\":\"https:\/\/odraniemen.org\/polacy-na-swiecie\/#organization\"},\"keywords\":[\"#funduszenarozw\u00f3j\"],\"articleSection\":[\"Aktualno\u015bci\",\"Rozw\u00f3j Stowarzyszenia Odra-Niemen\"],\"inLanguage\":\"pl-PL\"},{\"@type\":\"WebPage\",\"@id\":\"https:\/\/odraniemen.org\/polacy-na-swiecie\/2021\/12\/31\/wzmocnienie-odra-niemen-grant-crso-niw\/\",\"url\":\"https:\/\/odraniemen.org\/polacy-na-swiecie\/2021\/12\/31\/wzmocnienie-odra-niemen-grant-crso-niw\/\",\"name\":\"Wzmocnienie Odra-Niemen- Grant CRSO-NIW - Polacy Ponad Granicami\",\"isPartOf\":{\"@id\":\"https:\/\/odraniemen.org\/polacy-na-swiecie\/#website\"},\"datePublished\":\"2021-12-31T16:44:00+00:00\",\"dateModified\":\"2023-03-30T16:08:25+00:00\",\"breadcrumb\":{\"@id\":\"https:\/\/odraniemen.org\/polacy-na-swiecie\/2021\/12\/31\/wzmocnienie-odra-niemen-grant-crso-niw\/#breadcrumb\"},\"inLanguage\":\"pl-PL\",\"potentialAction\":[{\"@type\":\"ReadAction\",\"target\":[\"https:\/\/odraniemen.org\/polacy-na-swiecie\/2021\/12\/31\/wzmocnienie-odra-niemen-grant-crso-niw\/\"]}]},{\"@type\":\"BreadcrumbList\",\"@id\":\"https:\/\/odraniemen.org\/polacy-na-swiecie\/2021\/12\/31\/wzmocnienie-odra-niemen-grant-crso-niw\/#breadcrumb\",\"itemListElement\":[{\"@type\":\"ListItem\",\"position\":1,\"name\":\"Strona g\u0142\u00f3wna\",\"item\":\"https:\/\/odraniemen.org\/polacy-na-swiecie\/\"},{\"@type\":\"ListItem\",\"position\":2,\"name\":\"Wzmocnienie Odra-Niemen- Grant CRSO-NIW\"}]},{\"@type\":\"WebSite\",\"@id\":\"https:\/\/odraniemen.org\/polacy-na-swiecie\/#website\",\"url\":\"https:\/\/odraniemen.org\/polacy-na-swiecie\/\",\"name\":\"Polacy Ponad Granicami\",\"description\":\"Kolejna witryna sieci \u201eOdra-Niemen Witryny\u201d\",\"publisher\":{\"@id\":\"https:\/\/odraniemen.org\/polacy-na-swiecie\/#organization\"},\"potentialAction\":[{\"@type\":\"SearchAction\",\"target\":{\"@type\":\"EntryPoint\",\"urlTemplate\":\"https:\/\/odraniemen.org\/polacy-na-swiecie\/?s={search_term_string}\"},\"query-input\":\"required name=search_term_string\"}],\"inLanguage\":\"pl-PL\"},{\"@type\":\"Organization\",\"@id\":\"https:\/\/odraniemen.org\/polacy-na-swiecie\/#organization\",\"name\":\"Polacy Ponad Granicami\",\"url\":\"https:\/\/odraniemen.org\/polacy-na-swiecie\/\",\"logo\":{\"@type\":\"ImageObject\",\"inLanguage\":\"pl-PL\",\"@id\":\"https:\/\/odraniemen.org\/polacy-na-swiecie\/#\/schema\/logo\/image\/\",\"url\":\"https:\/\/odraniemen.org\/polacy-na-swiecie\/wp-content\/uploads\/sites\/10\/2025\/06\/cropped-Polacy-PONAD-GRANICAMI-logo.png\",\"contentUrl\":\"https:\/\/odraniemen.org\/polacy-na-swiecie\/wp-content\/uploads\/sites\/10\/2025\/06\/cropped-Polacy-PONAD-GRANICAMI-logo.png\",\"width\":1546,\"height\":454,\"caption\":\"Polacy Ponad Granicami\"},\"image\":{\"@id\":\"https:\/\/odraniemen.org\/polacy-na-swiecie\/#\/schema\/logo\/image\/\"}},{\"@type\":\"Person\",\"@id\":\"https:\/\/odraniemen.org\/polacy-na-swiecie\/#\/schema\/person\/5c71972185655e691b23f285224cfb82\",\"name\":\"ilonagosiewska\",\"image\":{\"@type\":\"ImageObject\",\"inLanguage\":\"pl-PL\",\"@id\":\"https:\/\/odraniemen.org\/polacy-na-swiecie\/#\/schema\/person\/image\/\",\"url\":\"https:\/\/secure.gravatar.com\/avatar\/6cdd8387a1361f58c6681edae3184b00?s=96&d=mm&r=g\",\"contentUrl\":\"https:\/\/secure.gravatar.com\/avatar\/6cdd8387a1361f58c6681edae3184b00?s=96&d=mm&r=g\",\"caption\":\"ilonagosiewska\"},\"url\":\"https:\/\/odraniemen.org\/polacy-na-swiecie\/author\/ilonagosiewska\/\"}]}<\/script>\n<!-- \/ Yoast SEO plugin. -->","yoast_head_json":{"title":"Wzmocnienie Odra-Niemen- Grant CRSO-NIW - Polacy Ponad Granicami","robots":{"index":"index","follow":"follow","max-snippet":"max-snippet:-1","max-image-preview":"max-image-preview:large","max-video-preview":"max-video-preview:-1"},"canonical":"https:\/\/odraniemen.org\/polacy-na-swiecie\/2021\/12\/31\/wzmocnienie-odra-niemen-grant-crso-niw\/","og_locale":"pl_PL","og_type":"article","og_title":"Wzmocnienie Odra-Niemen- Grant CRSO-NIW - Polacy Ponad Granicami","og_description":"Stowarzyszenie Odra-Niemen przez 10 lat dzia\u0142ania ponad podzia\u0142ami i w \u015bcis\u0142ej wsp\u00f3\u0142pracy z innymi organizacjami, zbudowa\u0142o mocny i liczny wolontariat i silne koalicje. Mimo wielu ogranicze\u0144, zbudowali\u015bmy struktur\u0119. Zawsze brakowa\u0142o funduszy na rozw\u00f3j organizacji i wzmacnianie \u015brodowiska. Grant z Funduszu PROO da\u0142 nam nowe mo\u017cliwo\u015bci.","og_url":"https:\/\/odraniemen.org\/polacy-na-swiecie\/2021\/12\/31\/wzmocnienie-odra-niemen-grant-crso-niw\/","og_site_name":"Polacy Ponad Granicami","article_published_time":"2021-12-31T16:44:00+00:00","article_modified_time":"2023-03-30T16:08:25+00:00","og_image":[{"width":2398,"height":1254,"url":"https:\/\/odraniemen.org\/polacy-na-swiecie\/wp-content\/uploads\/sites\/10\/2023\/03\/slajd_2-kopia.jpg","type":"image\/jpeg"}],"author":"ilonagosiewska","twitter_card":"summary_large_image","twitter_misc":{"Napisane przez":"ilonagosiewska","Szacowany czas czytania":"13 minut"},"schema":{"@context":"https:\/\/schema.org","@graph":[{"@type":"Article","@id":"https:\/\/odraniemen.org\/polacy-na-swiecie\/2021\/12\/31\/wzmocnienie-odra-niemen-grant-crso-niw\/#article","isPartOf":{"@id":"https:\/\/odraniemen.org\/polacy-na-swiecie\/2021\/12\/31\/wzmocnienie-odra-niemen-grant-crso-niw\/"},"author":{"name":"ilonagosiewska","@id":"https:\/\/odraniemen.org\/polacy-na-swiecie\/#\/schema\/person\/5c71972185655e691b23f285224cfb82"},"headline":"Wzmocnienie Odra-Niemen- Grant CRSO-NIW","datePublished":"2021-12-31T16:44:00+00:00","dateModified":"2023-03-30T16:08:25+00:00","mainEntityOfPage":{"@id":"https:\/\/odraniemen.org\/polacy-na-swiecie\/2021\/12\/31\/wzmocnienie-odra-niemen-grant-crso-niw\/"},"wordCount":893,"publisher":{"@id":"https:\/\/odraniemen.org\/polacy-na-swiecie\/#organization"},"keywords":["#funduszenarozw\u00f3j"],"articleSection":["Aktualno\u015bci","Rozw\u00f3j Stowarzyszenia Odra-Niemen"],"inLanguage":"pl-PL"},{"@type":"WebPage","@id":"https:\/\/odraniemen.org\/polacy-na-swiecie\/2021\/12\/31\/wzmocnienie-odra-niemen-grant-crso-niw\/","url":"https:\/\/odraniemen.org\/polacy-na-swiecie\/2021\/12\/31\/wzmocnienie-odra-niemen-grant-crso-niw\/","name":"Wzmocnienie Odra-Niemen- Grant CRSO-NIW - Polacy Ponad Granicami","isPartOf":{"@id":"https:\/\/odraniemen.org\/polacy-na-swiecie\/#website"},"datePublished":"2021-12-31T16:44:00+00:00","dateModified":"2023-03-30T16:08:25+00:00","breadcrumb":{"@id":"https:\/\/odraniemen.org\/polacy-na-swiecie\/2021\/12\/31\/wzmocnienie-odra-niemen-grant-crso-niw\/#breadcrumb"},"inLanguage":"pl-PL","potentialAction":[{"@type":"ReadAction","target":["https:\/\/odraniemen.org\/polacy-na-swiecie\/2021\/12\/31\/wzmocnienie-odra-niemen-grant-crso-niw\/"]}]},{"@type":"BreadcrumbList","@id":"https:\/\/odraniemen.org\/polacy-na-swiecie\/2021\/12\/31\/wzmocnienie-odra-niemen-grant-crso-niw\/#breadcrumb","itemListElement":[{"@type":"ListItem","position":1,"name":"Strona g\u0142\u00f3wna","item":"https:\/\/odraniemen.org\/polacy-na-swiecie\/"},{"@type":"ListItem","position":2,"name":"Wzmocnienie Odra-Niemen- Grant CRSO-NIW"}]},{"@type":"WebSite","@id":"https:\/\/odraniemen.org\/polacy-na-swiecie\/#website","url":"https:\/\/odraniemen.org\/polacy-na-swiecie\/","name":"Polacy Ponad Granicami","description":"Kolejna witryna sieci \u201eOdra-Niemen Witryny\u201d","publisher":{"@id":"https:\/\/odraniemen.org\/polacy-na-swiecie\/#organization"},"potentialAction":[{"@type":"SearchAction","target":{"@type":"EntryPoint","urlTemplate":"https:\/\/odraniemen.org\/polacy-na-swiecie\/?s={search_term_string}"},"query-input":"required name=search_term_string"}],"inLanguage":"pl-PL"},{"@type":"Organization","@id":"https:\/\/odraniemen.org\/polacy-na-swiecie\/#organization","name":"Polacy Ponad Granicami","url":"https:\/\/odraniemen.org\/polacy-na-swiecie\/","logo":{"@type":"ImageObject","inLanguage":"pl-PL","@id":"https:\/\/odraniemen.org\/polacy-na-swiecie\/#\/schema\/logo\/image\/","url":"https:\/\/odraniemen.org\/polacy-na-swiecie\/wp-content\/uploads\/sites\/10\/2025\/06\/cropped-Polacy-PONAD-GRANICAMI-logo.png","contentUrl":"https:\/\/odraniemen.org\/polacy-na-swiecie\/wp-content\/uploads\/sites\/10\/2025\/06\/cropped-Polacy-PONAD-GRANICAMI-logo.png","width":1546,"height":454,"caption":"Polacy Ponad Granicami"},"image":{"@id":"https:\/\/odraniemen.org\/polacy-na-swiecie\/#\/schema\/logo\/image\/"}},{"@type":"Person","@id":"https:\/\/odraniemen.org\/polacy-na-swiecie\/#\/schema\/person\/5c71972185655e691b23f285224cfb82","name":"ilonagosiewska","image":{"@type":"ImageObject","inLanguage":"pl-PL","@id":"https:\/\/odraniemen.org\/polacy-na-swiecie\/#\/schema\/person\/image\/","url":"https:\/\/secure.gravatar.com\/avatar\/6cdd8387a1361f58c6681edae3184b00?s=96&d=mm&r=g","contentUrl":"https:\/\/secure.gravatar.com\/avatar\/6cdd8387a1361f58c6681edae3184b00?s=96&d=mm&r=g","caption":"ilonagosiewska"},"url":"https:\/\/odraniemen.org\/polacy-na-swiecie\/author\/ilonagosiewska\/"}]}},"_links":{"self":[{"href":"https:\/\/odraniemen.org\/polacy-na-swiecie\/wp-json\/wp\/v2\/posts\/2323"}],"collection":[{"href":"https:\/\/odraniemen.org\/polacy-na-swiecie\/wp-json\/wp\/v2\/posts"}],"about":[{"href":"https:\/\/odraniemen.org\/polacy-na-swiecie\/wp-json\/wp\/v2\/types\/post"}],"author":[{"embeddable":true,"href":"https:\/\/odraniemen.org\/polacy-na-swiecie\/wp-json\/wp\/v2\/users\/2564"}],"replies":[{"embeddable":true,"href":"https:\/\/odraniemen.org\/polacy-na-swiecie\/wp-json\/wp\/v2\/comments?post=2323"}],"version-history":[{"count":1,"href":"https:\/\/odraniemen.org\/polacy-na-swiecie\/wp-json\/wp\/v2\/posts\/2323\/revisions"}],"predecessor-version":[{"id":2325,"href":"https:\/\/odraniemen.org\/polacy-na-swiecie\/wp-json\/wp\/v2\/posts\/2323\/revisions\/2325"}],"wp:featuredmedia":[{"embeddable":true,"href":"https:\/\/odraniemen.org\/polacy-na-swiecie\/wp-json\/wp\/v2\/media\/2324"}],"wp:attachment":[{"href":"https:\/\/odraniemen.org\/polacy-na-swiecie\/wp-json\/wp\/v2\/media?parent=2323"}],"wp:term":[{"taxonomy":"category","embeddable":true,"href":"https:\/\/odraniemen.org\/polacy-na-swiecie\/wp-json\/wp\/v2\/categories?post=2323"},{"taxonomy":"post_tag","embeddable":true,"href":"https:\/\/odraniemen.org\/polacy-na-swiecie\/wp-json\/wp\/v2\/tags?post=2323"}],"curies":[{"name":"wp","href":"https:\/\/api.w.org\/{rel}","templated":true}]}}