
{"id":2393,"date":"2021-05-01T17:40:00","date_gmt":"2021-05-01T15:40:00","guid":{"rendered":"https:\/\/odraniemen.org\/polacy-na-swiecie\/2021\/05\/01\/konkurs-polonijny-2021-regranting\/"},"modified":"2021-05-01T17:40:00","modified_gmt":"2021-05-01T15:40:00","slug":"konkurs-polonijny-2021-regranting","status":"publish","type":"post","link":"https:\/\/odraniemen.org\/polacy-na-swiecie\/2021\/05\/01\/konkurs-polonijny-2021-regranting\/","title":{"rendered":"Konkurs polonijny 2021 &#8211; Regranting"},"content":{"rendered":"\t\t<div data-elementor-type=\"wp-post\" data-elementor-id=\"2393\" class=\"elementor elementor-2393\">\n\t\t\t\t\t\t\t\t\t<section class=\"has_eae_slider elementor-section elementor-top-section elementor-element elementor-element-f70f2f8 elementor-section-boxed elementor-section-height-default elementor-section-height-default\" data-id=\"f70f2f8\" data-element_type=\"section\">\n\t\t\t\t\t\t<div class=\"elementor-container elementor-column-gap-default\">\n\t\t\t\t\t<div class=\"has_eae_slider elementor-column elementor-col-50 elementor-top-column elementor-element elementor-element-ad03681\" data-id=\"ad03681\" data-element_type=\"column\">\n\t\t\t<div class=\"elementor-widget-wrap elementor-element-populated\">\n\t\t\t\t\t\t\t\t<div class=\"elementor-element elementor-element-ef432bd elementor-widget elementor-widget-spacer\" data-id=\"ef432bd\" data-element_type=\"widget\" data-widget_type=\"spacer.default\">\n\t\t\t\t<div class=\"elementor-widget-container\">\n\t\t\t\t\t<div class=\"elementor-spacer\">\n\t\t\t<div class=\"elementor-spacer-inner\"><\/div>\n\t\t<\/div>\n\t\t\t\t<\/div>\n\t\t\t\t<\/div>\n\t\t\t\t<div class=\"elementor-element elementor-element-c7ba5cd elementor-widget elementor-widget-text-editor\" data-id=\"c7ba5cd\" data-element_type=\"widget\" data-widget_type=\"text-editor.default\">\n\t\t\t\t<div class=\"elementor-widget-container\">\n\t\t\t\t\t\t\t<p><strong>KONKURS DLA ORGANIZACJI POZARZ\u0104DOWYCH N<\/strong><strong style=\"font-size: 16px\">A PROJEKTY DLA POLONII I POLAK\u00d3W ZA GRANIC\u0104<\/strong><\/p><p>Stowarzyszenie Odra-Niemen og\u0142asza nab\u00f3r tzw. Ma\u0142ych Grant\u00f3w w ramach konkursu Kancelarii Prezesa Rady Ministr\u00f3w na rzecz Polonii i Polak\u00f3w poza granicami Ojczyzny.\u00a0<\/p><p>O dofinansowanie mog\u0105 stara\u0107 si\u0119:<\/p><p>1\/ Organizacje pozarz\u0105dowe z Polski,<\/p><p><strong>2\/ Organizacje polonijne oraz Polak\u00f3w poza granicami zarejestrowane poza granicami Polski,<\/strong><\/p><p>3\/ Grupy nieformalne powsta\u0142e na terenie Polski \/samodzielnie lub przez Patrona-wybran\u0105 organizacj\u0119 pozarz\u0105dow\u0105, kt\u00f3re w swoich projektach zaplanuj\u0105 realizacj\u0119 zada\u0144 maj\u0105cych na celu wzmacnianie wi\u0119zi i kontakt\u00f3w z Polsk\u0105 przedstawicieli Polonii i Polak\u00f3w za granic\u0105.<\/p>\t\t\t\t\t\t<\/div>\n\t\t\t\t<\/div>\n\t\t\t\t\t<\/div>\n\t\t<\/div>\n\t\t\t\t<div class=\"has_eae_slider elementor-column elementor-col-50 elementor-top-column elementor-element elementor-element-7a96600\" data-id=\"7a96600\" data-element_type=\"column\">\n\t\t\t<div class=\"elementor-widget-wrap elementor-element-populated\">\n\t\t\t\t\t\t\t\t<div class=\"elementor-element elementor-element-e306183 elementor-widget elementor-widget-image\" data-id=\"e306183\" data-element_type=\"widget\" data-widget_type=\"image.default\">\n\t\t\t\t<div class=\"elementor-widget-container\">\n\t\t\t\t\t\t\t\t\t\t\t\t\t\t\t\t<a href=\"https:\/\/odraniemen.org\/wp-content\/uploads\/2021\/04\/Plakat_A4_wersja-01-ostateczny-scaled.jpg\" data-elementor-open-lightbox=\"yes\" data-e-action-hash=\"#elementor-action%3Aaction%3Dlightbox%26settings%3DeyJpZCI6IjEwOTAyIiwidXJsIjpmYWxzZX0%3D\">\n\t\t\t\t\t\t\t<img decoding=\"async\" src=\"https:\/\/odraniemen.org\/wp-content\/uploads\/2021\/04\/Plakat_A4_wersja-01-ostateczny-scaled.jpg\" title=\"\" alt=\"\" loading=\"lazy\" \/>\t\t\t\t\t\t\t\t<\/a>\n\t\t\t\t\t\t\t\t\t\t\t\t\t\t\t<\/div>\n\t\t\t\t<\/div>\n\t\t\t\t\t<\/div>\n\t\t<\/div>\n\t\t\t\t\t\t\t<\/div>\n\t\t<\/section>\n\t\t\t\t<section class=\"has_eae_slider elementor-section elementor-top-section elementor-element elementor-element-208c2bc elementor-section-boxed elementor-section-height-default elementor-section-height-default\" data-id=\"208c2bc\" data-element_type=\"section\">\n\t\t\t\t\t\t<div class=\"elementor-container elementor-column-gap-default\">\n\t\t\t\t\t<div class=\"has_eae_slider elementor-column elementor-col-100 elementor-top-column elementor-element elementor-element-a3d71b6\" data-id=\"a3d71b6\" data-element_type=\"column\">\n\t\t\t<div class=\"elementor-widget-wrap elementor-element-populated\">\n\t\t\t\t\t\t\t\t<div class=\"elementor-element elementor-element-a4acad6 elementor-widget elementor-widget-heading\" data-id=\"a4acad6\" data-element_type=\"widget\" data-widget_type=\"heading.default\">\n\t\t\t\t<div class=\"elementor-widget-container\">\n\t\t\t<h2 class=\"elementor-heading-title elementor-size-default\">Informacje dodatkowe<\/h2>\t\t<\/div>\n\t\t\t\t<\/div>\n\t\t\t\t<div class=\"elementor-element elementor-element-6e8fe9b elementor-icon-list--layout-traditional elementor-list-item-link-full_width elementor-widget elementor-widget-icon-list\" data-id=\"6e8fe9b\" data-element_type=\"widget\" data-widget_type=\"icon-list.default\">\n\t\t\t\t<div class=\"elementor-widget-container\">\n\t\t\t\t\t<ul class=\"elementor-icon-list-items\">\n\t\t\t\t\t\t\t<li class=\"elementor-icon-list-item\">\n\t\t\t\t\t\t\t\t\t\t\t<span class=\"elementor-icon-list-icon\">\n\t\t\t\t\t\t\t<i aria-hidden=\"true\" class=\"fas fa-dot-circle\"><\/i>\t\t\t\t\t\t<\/span>\n\t\t\t\t\t\t\t\t\t\t<span class=\"elementor-icon-list-text\">Ka\u017cda organizacja mo\u017ce z\u0142o\u017cy\u0107 wnioski na kwot\u0119 do 7 tys. z\u0142otych.<\/span>\n\t\t\t\t\t\t\t\t\t<\/li>\n\t\t\t\t\t\t\t\t<li class=\"elementor-icon-list-item\">\n\t\t\t\t\t\t\t\t\t\t\t<span class=\"elementor-icon-list-icon\">\n\t\t\t\t\t\t\t<i aria-hidden=\"true\" class=\"fas fa-dot-circle\"><\/i>\t\t\t\t\t\t<\/span>\n\t\t\t\t\t\t\t\t\t\t<span class=\"elementor-icon-list-text\">Wnioski nale\u017cy przesy\u0142a\u0107 na adres: \u00a0Stowarzyszenie Odra-Niemen,\u00a0\u00a0 ul. Zelwerowicza 16\/3, \u00a0\u00a053-676 Wroc\u0142aw <\/span>\n\t\t\t\t\t\t\t\t\t<\/li>\n\t\t\t\t\t\t\t\t<li class=\"elementor-icon-list-item\">\n\t\t\t\t\t\t\t\t\t\t\t<a href=\"https:\/\/odraniemen.org\/wp-content\/uploads\/2021\/07\/Regulamin-konkursu-regrantingowego.pdf\">\n\n\t\t\t\t\t\t\t\t\t\t\t\t<span class=\"elementor-icon-list-icon\">\n\t\t\t\t\t\t\t<i aria-hidden=\"true\" class=\"fas fa-dot-circle\"><\/i>\t\t\t\t\t\t<\/span>\n\t\t\t\t\t\t\t\t\t\t<span class=\"elementor-icon-list-text\">Regulamin konkursu - OTW\u00d3RZ<\/span>\n\t\t\t\t\t\t\t\t\t\t\t<\/a>\n\t\t\t\t\t\t\t\t\t<\/li>\n\t\t\t\t\t\t\t\t<li class=\"elementor-icon-list-item\">\n\t\t\t\t\t\t\t\t\t\t\t<a href=\"https:\/\/odraniemen.org\/wp-content\/uploads\/2021\/05\/Wniosek-o-grant-1.docx\">\n\n\t\t\t\t\t\t\t\t\t\t\t\t<span class=\"elementor-icon-list-icon\">\n\t\t\t\t\t\t\t<i aria-hidden=\"true\" class=\"fas fa-dot-circle\"><\/i>\t\t\t\t\t\t<\/span>\n\t\t\t\t\t\t\t\t\t\t<span class=\"elementor-icon-list-text\">Wz\u00f3r wniosku word - OTW\u00d3RZ<\/span>\n\t\t\t\t\t\t\t\t\t\t\t<\/a>\n\t\t\t\t\t\t\t\t\t<\/li>\n\t\t\t\t\t\t\t\t<li class=\"elementor-icon-list-item\">\n\t\t\t\t\t\t\t\t\t\t\t<a href=\"https:\/\/odraniemen.org\/wp-content\/uploads\/2021\/05\/Wniosek-o-grant.pdf\">\n\n\t\t\t\t\t\t\t\t\t\t\t\t<span class=\"elementor-icon-list-icon\">\n\t\t\t\t\t\t\t<i aria-hidden=\"true\" class=\"fas fa-dot-circle\"><\/i>\t\t\t\t\t\t<\/span>\n\t\t\t\t\t\t\t\t\t\t<span class=\"elementor-icon-list-text\">Wz\u00f3r wniosku pdf - OTW\u00d3RZ<\/span>\n\t\t\t\t\t\t\t\t\t\t\t<\/a>\n\t\t\t\t\t\t\t\t\t<\/li>\n\t\t\t\t\t\t\t\t<li class=\"elementor-icon-list-item\">\n\t\t\t\t\t\t\t\t\t\t\t<a href=\"https:\/\/odraniemen.org\/wp-content\/uploads\/2021\/08\/Wzor-sprawozdania.pdf\">\n\n\t\t\t\t\t\t\t\t\t\t\t\t<span class=\"elementor-icon-list-icon\">\n\t\t\t\t\t\t\t<i aria-hidden=\"true\" class=\"fas fa-dot-circle\"><\/i>\t\t\t\t\t\t<\/span>\n\t\t\t\t\t\t\t\t\t\t<span class=\"elementor-icon-list-text\">Wz\u00f3r sprawozdania pdf - OTW\u00d3RZ<\/span>\n\t\t\t\t\t\t\t\t\t\t\t<\/a>\n\t\t\t\t\t\t\t\t\t<\/li>\n\t\t\t\t\t\t\t\t<li class=\"elementor-icon-list-item\">\n\t\t\t\t\t\t\t\t\t\t\t<a href=\"https:\/\/odraniemen.org\/wp-content\/uploads\/2021\/08\/Wzor-sprawozdania.docx\">\n\n\t\t\t\t\t\t\t\t\t\t\t\t<span class=\"elementor-icon-list-icon\">\n\t\t\t\t\t\t\t<i aria-hidden=\"true\" class=\"fas fa-dot-circle\"><\/i>\t\t\t\t\t\t<\/span>\n\t\t\t\t\t\t\t\t\t\t<span class=\"elementor-icon-list-text\">Wz\u00f3r sprawozdania word - OTW\u00d3RZ<\/span>\n\t\t\t\t\t\t\t\t\t\t\t<\/a>\n\t\t\t\t\t\t\t\t\t<\/li>\n\t\t\t\t\t\t<\/ul>\n\t\t\t\t<\/div>\n\t\t\t\t<\/div>\n\t\t\t\t\t<\/div>\n\t\t<\/div>\n\t\t\t\t\t\t\t<\/div>\n\t\t<\/section>\n\t\t\t\t<section class=\"has_eae_slider elementor-section elementor-top-section elementor-element elementor-element-34494e0 elementor-section-boxed elementor-section-height-default elementor-section-height-default\" data-id=\"34494e0\" data-element_type=\"section\">\n\t\t\t\t\t\t<div class=\"elementor-container elementor-column-gap-default\">\n\t\t\t\t\t<div class=\"has_eae_slider elementor-column elementor-col-100 elementor-top-column elementor-element elementor-element-0622bbc\" data-id=\"0622bbc\" data-element_type=\"column\">\n\t\t\t<div class=\"elementor-widget-wrap elementor-element-populated\">\n\t\t\t\t\t\t\t\t<div class=\"elementor-element elementor-element-3b50255 elementor-widget elementor-widget-heading\" data-id=\"3b50255\" data-element_type=\"widget\" data-widget_type=\"heading.default\">\n\t\t\t\t<div class=\"elementor-widget-container\">\n\t\t\t<h2 class=\"elementor-heading-title elementor-size-default\">Szkolenia<\/h2>\t\t<\/div>\n\t\t\t\t<\/div>\n\t\t\t\t\t<\/div>\n\t\t<\/div>\n\t\t\t\t\t\t\t<\/div>\n\t\t<\/section>\n\t\t\t\t<section class=\"has_eae_slider elementor-section elementor-top-section elementor-element elementor-element-63a5b45 elementor-section-boxed elementor-section-height-default elementor-section-height-default\" data-id=\"63a5b45\" data-element_type=\"section\">\n\t\t\t\t\t\t<div class=\"elementor-container elementor-column-gap-default\">\n\t\t\t\t\t<div class=\"has_eae_slider elementor-column elementor-col-50 elementor-top-column elementor-element elementor-element-930e4cd\" data-id=\"930e4cd\" data-element_type=\"column\">\n\t\t\t<div class=\"elementor-widget-wrap elementor-element-populated\">\n\t\t\t\t\t\t\t\t<div class=\"elementor-element elementor-element-bfbc65c elementor-widget elementor-widget-text-editor\" data-id=\"bfbc65c\" data-element_type=\"widget\" data-widget_type=\"text-editor.default\">\n\t\t\t\t<div class=\"elementor-widget-container\">\n\t\t\t\t\t\t\t<p>W ramach dzia\u0142a\u0144 edukacyjnych i doradczych organizujemy szkolenia stacjonarne i on line na kt\u00f3rych odpowiemy na wszelkie Pa\u0144stwa zapytania.<\/p><p>\u00a0<\/p>\t\t\t\t\t\t<\/div>\n\t\t\t\t<\/div>\n\t\t\t\t<div class=\"elementor-element elementor-element-eae5071 elementor-widget elementor-widget-text-editor\" data-id=\"eae5071\" data-element_type=\"widget\" data-widget_type=\"text-editor.default\">\n\t\t\t\t<div class=\"elementor-widget-container\">\n\t\t\t\t\t\t\t<h4><a href=\"https:\/\/odraniemen.org\/aktualnosci\/konkurs-polonijny-szkolenia-dla-organizacji\/\"><strong>Wszystkie informacje na temat dat i miejsc, w kt\u00f3rych b\u0119d\u0105 realizowane warsztaty &#8211;\u00a0 ZOBACZ TUTAJ<\/strong><\/a><\/h4>\t\t\t\t\t\t<\/div>\n\t\t\t\t<\/div>\n\t\t\t\t\t<\/div>\n\t\t<\/div>\n\t\t\t\t<div class=\"has_eae_slider elementor-column elementor-col-50 elementor-top-column elementor-element elementor-element-28a776f\" data-id=\"28a776f\" data-element_type=\"column\">\n\t\t\t<div class=\"elementor-widget-wrap elementor-element-populated\">\n\t\t\t\t\t\t\t\t<div class=\"elementor-element elementor-element-cef2ed0 elementor-widget elementor-widget-text-editor\" data-id=\"cef2ed0\" data-element_type=\"widget\" data-widget_type=\"text-editor.default\">\n\t\t\t\t<div class=\"elementor-widget-container\">\n\t\t\t\t\t\t\t<p><strong>Wszelkie pytania na temat konkursu oraz zg\u0142oszenia na szkolenia \/stacjonarne lub on line\/ mo\u017cna nadsy\u0142a\u0107 drog\u0105 elektroniczn\u0105 na adres:<\/strong><\/p>\t\t\t\t\t\t<\/div>\n\t\t\t\t<\/div>\n\t\t\t\t<div class=\"elementor-element elementor-element-e08f361 elementor-view-default elementor-widget elementor-widget-icon\" data-id=\"e08f361\" data-element_type=\"widget\" data-widget_type=\"icon.default\">\n\t\t\t\t<div class=\"elementor-widget-container\">\n\t\t\t\t\t<div class=\"elementor-icon-wrapper\">\n\t\t\t<div class=\"elementor-icon\">\n\t\t\t<i aria-hidden=\"true\" class=\"fas fa-at\"><\/i>\t\t\t<\/div>\n\t\t<\/div>\n\t\t\t\t<\/div>\n\t\t\t\t<\/div>\n\t\t\t\t<div class=\"elementor-element elementor-element-f2a00cd elementor-widget elementor-widget-text-editor\" data-id=\"f2a00cd\" data-element_type=\"widget\" data-widget_type=\"text-editor.default\">\n\t\t\t\t<div class=\"elementor-widget-container\">\n\t\t\t\t\t\t\t<p><strong><u>regranting@odraniemen.org<\/u><\/strong><\/p>\t\t\t\t\t\t<\/div>\n\t\t\t\t<\/div>\n\t\t\t\t\t<\/div>\n\t\t<\/div>\n\t\t\t\t\t\t\t<\/div>\n\t\t<\/section>\n\t\t\t\t<section class=\"has_eae_slider elementor-section elementor-top-section elementor-element elementor-element-9f59589 elementor-section-boxed elementor-section-height-default elementor-section-height-default\" data-id=\"9f59589\" data-element_type=\"section\">\n\t\t\t\t\t\t<div class=\"elementor-container elementor-column-gap-default\">\n\t\t\t\t\t<div class=\"has_eae_slider elementor-column elementor-col-100 elementor-top-column elementor-element elementor-element-519b555\" data-id=\"519b555\" data-element_type=\"column\">\n\t\t\t<div class=\"elementor-widget-wrap elementor-element-populated\">\n\t\t\t\t\t\t\t\t<div class=\"elementor-element elementor-element-ade2772 elementor-widget elementor-widget-heading\" data-id=\"ade2772\" data-element_type=\"widget\" data-widget_type=\"heading.default\">\n\t\t\t\t<div class=\"elementor-widget-container\">\n\t\t\t<h2 class=\"elementor-heading-title elementor-size-default\">Help-Desk<\/h2>\t\t<\/div>\n\t\t\t\t<\/div>\n\t\t\t\t<section class=\"has_eae_slider elementor-section elementor-inner-section elementor-element elementor-element-2fc5844 elementor-section-boxed elementor-section-height-default elementor-section-height-default\" data-id=\"2fc5844\" data-element_type=\"section\">\n\t\t\t\t\t\t<div class=\"elementor-container elementor-column-gap-default\">\n\t\t\t\t\t<div class=\"has_eae_slider elementor-column elementor-col-100 elementor-inner-column elementor-element elementor-element-90d37ca\" data-id=\"90d37ca\" data-element_type=\"column\">\n\t\t\t<div class=\"elementor-widget-wrap elementor-element-populated\">\n\t\t\t\t\t\t\t\t<div class=\"elementor-element elementor-element-5935278 elementor-widget elementor-widget-text-editor\" data-id=\"5935278\" data-element_type=\"widget\" data-widget_type=\"text-editor.default\">\n\t\t\t\t<div class=\"elementor-widget-container\">\n\t\t\t\t\t\t\t<p>W powy\u017cszym linku znajd\u0105 Pa\u0144stwo najcz\u0119\u015bciej zadawane przez organizacje pytania i odpowiedziami na nie.\u00a0 <a href=\"https:\/\/odraniemen.org\/wp-content\/uploads\/2021\/05\/FAQ-2021.pdf\"><strong>SPRAWD\u0179 TUTAJ<\/strong><\/a><\/p>\t\t\t\t\t\t<\/div>\n\t\t\t\t<\/div>\n\t\t\t\t\t<\/div>\n\t\t<\/div>\n\t\t\t\t\t\t\t<\/div>\n\t\t<\/section>\n\t\t\t\t<div class=\"elementor-element elementor-element-61548dc elementor-widget elementor-widget-heading\" data-id=\"61548dc\" data-element_type=\"widget\" data-widget_type=\"heading.default\">\n\t\t\t\t<div class=\"elementor-widget-container\">\n\t\t\t<h2 class=\"elementor-heading-title elementor-size-default\">Edycje konkursowe<\/h2>\t\t<\/div>\n\t\t\t\t<\/div>\n\t\t\t\t<section class=\"has_eae_slider elementor-section elementor-inner-section elementor-element elementor-element-3c2dc75 elementor-section-boxed elementor-section-height-default elementor-section-height-default\" data-id=\"3c2dc75\" data-element_type=\"section\">\n\t\t\t\t\t\t<div class=\"elementor-container elementor-column-gap-default\">\n\t\t\t\t\t<div class=\"has_eae_slider elementor-column elementor-col-100 elementor-inner-column elementor-element elementor-element-2ba6f9e\" data-id=\"2ba6f9e\" data-element_type=\"column\">\n\t\t\t<div class=\"elementor-widget-wrap elementor-element-populated\">\n\t\t\t\t\t\t\t\t<div class=\"elementor-element elementor-element-2c18acc elementor-widget elementor-widget-text-editor\" data-id=\"2c18acc\" data-element_type=\"widget\" data-widget_type=\"text-editor.default\">\n\t\t\t\t<div class=\"elementor-widget-container\">\n\t\t\t\t\t\t\t<h3><strong>I tura konkursu\u00a0<\/strong><\/h3><p><strong>Termin naboru od 4-26 maja 2021 roku<\/strong>\u00a0<\/p><p>Wnioski nale\u017cy przesy\u0142a\u0107 na adres:\u00a0 Stowarzyszenie Odra-Niemen,\u00a0\u00a0 ul. Zelwerowicza 16\/3, \u00a0\u00a053-676 Wroc\u0142aw <strong>w terminie do dnia 26 maja 2021 r.<\/strong> Decyduje data stempla pocztowego.<\/p><p>Termin realizacji projekt\u00f3w: <strong>od 21 czerwca do 31 pa\u017adziernika br.<\/strong><\/p>\t\t\t\t\t\t<\/div>\n\t\t\t\t<\/div>\n\t\t\t\t\t<\/div>\n\t\t<\/div>\n\t\t\t\t\t\t\t<\/div>\n\t\t<\/section>\n\t\t\t\t<section class=\"has_eae_slider elementor-section elementor-inner-section elementor-element elementor-element-08ef0b0 elementor-section-boxed elementor-section-height-default elementor-section-height-default\" data-id=\"08ef0b0\" data-element_type=\"section\">\n\t\t\t\t\t\t<div class=\"elementor-container elementor-column-gap-default\">\n\t\t\t\t\t<div class=\"has_eae_slider elementor-column elementor-col-100 elementor-inner-column elementor-element elementor-element-a8dca65\" data-id=\"a8dca65\" data-element_type=\"column\">\n\t\t\t<div class=\"elementor-widget-wrap elementor-element-populated\">\n\t\t\t\t\t\t\t\t<div class=\"elementor-element elementor-element-9b54c27 elementor-widget elementor-widget-text-editor\" data-id=\"9b54c27\" data-element_type=\"widget\" data-widget_type=\"text-editor.default\">\n\t\t\t\t<div class=\"elementor-widget-container\">\n\t\t\t\t\t\t\t<h3><strong>II tura konkursu\u00a0<\/strong><\/h3><div><strong>Do dnia 26 lipca, mo\u017cna drog\u0105 mailow\u0105 przes\u0142a\u0107 do biura Stowarzyszenia Odra-Niemen ofert\u0119 w konkursie na ma\u0142e granty dla Polonii i Polak\u00f3w poza granicami 2021.<\/strong><\/div><div>\u00a0<\/div><div>Wszystkie wnioski zostan\u0105 rozpatrzone w terminie do 9 sierpnia br. i w tym dniu og\u0142osimy wyniki konkursu.<\/div><div>\u00a0<\/div><div><strong>Od 9 sierpnia mo\u017cna rozpocz\u0105\u0107 realizacj\u0119 projekt\u00f3w, kt\u00f3ra musi zako\u0144czy\u0107 si\u0119 najdalej w dniu 31 pa\u017adziernika 2021 roku.<\/strong><\/div><div>\u00a0<\/div><p>O dofinansowanie w II naborze konkursu mog\u0105 stara\u0107 si\u0119\u00a0<strong>wy\u0142\u0105cznie polskie o<\/strong><strong>rganizacje zarejestrowane poza granicami Polski,<\/strong><\/p><p>\u00a0<\/p>\t\t\t\t\t\t<\/div>\n\t\t\t\t<\/div>\n\t\t\t\t\t<\/div>\n\t\t<\/div>\n\t\t\t\t\t\t\t<\/div>\n\t\t<\/section>\n\t\t\t\t\t<\/div>\n\t\t<\/div>\n\t\t\t\t\t\t\t<\/div>\n\t\t<\/section>\n\t\t\t\t<section class=\"has_eae_slider elementor-section elementor-top-section elementor-element elementor-element-eea9fc5 elementor-section-boxed elementor-section-height-default elementor-section-height-default\" data-id=\"eea9fc5\" data-element_type=\"section\">\n\t\t\t\t\t\t<div class=\"elementor-container elementor-column-gap-default\">\n\t\t\t\t\t<div class=\"has_eae_slider elementor-column elementor-col-50 elementor-top-column elementor-element elementor-element-e3683bd\" data-id=\"e3683bd\" data-element_type=\"column\">\n\t\t\t<div class=\"elementor-widget-wrap elementor-element-populated\">\n\t\t\t\t\t\t\t\t<div class=\"elementor-element elementor-element-30b8785 elementor-widget elementor-widget-text-editor\" data-id=\"30b8785\" data-element_type=\"widget\" data-widget_type=\"text-editor.default\">\n\t\t\t\t<div class=\"elementor-widget-container\">\n\t\t\t\t\t\t\t<p><strong><em>Projekt finansowany ze \u015brodk\u00f3w Kancelarii Prezesa Rady Ministr\u00f3w, w ramach programu Pomoc Polonii i Polakom za granic\u0105 2021<\/em><\/strong><\/p>\t\t\t\t\t\t<\/div>\n\t\t\t\t<\/div>\n\t\t\t\t\t<\/div>\n\t\t<\/div>\n\t\t\t\t<div class=\"has_eae_slider elementor-column elementor-col-50 elementor-top-column elementor-element elementor-element-6382998\" data-id=\"6382998\" data-element_type=\"column\">\n\t\t\t<div class=\"elementor-widget-wrap elementor-element-populated\">\n\t\t\t\t\t\t\t\t<div class=\"elementor-element elementor-element-317594a elementor-widget elementor-widget-image\" data-id=\"317594a\" data-element_type=\"widget\" data-widget_type=\"image.default\">\n\t\t\t\t<div class=\"elementor-widget-container\">\n\t\t\t\t\t\t\t\t\t\t\t\t\t\t\t<img decoding=\"async\" src=\"https:\/\/odraniemen.org\/wp-content\/uploads\/2020\/09\/logo-podstawowe-NEW_color_white_01.png\" title=\"\" alt=\"\" loading=\"lazy\" \/>\t\t\t\t\t\t\t\t\t\t\t\t\t\t\t<\/div>\n\t\t\t\t<\/div>\n\t\t\t\t\t<\/div>\n\t\t<\/div>\n\t\t\t\t\t\t\t<\/div>\n\t\t<\/section>\n\t\t\t\t\t\t\t<\/div>\n\t\t","protected":false},"excerpt":{"rendered":"<p>Stowarzyszenie Odra-Niemen og\u0142asza nab\u00f3r tzw. Ma\u0142ych Grant\u00f3w w ramach konkursu &#8220;Regranting Polonijny 2021&#8221;, finansowany ze \u015brodk\u00f3w KPRM, <\/p>\n","protected":false},"author":9,"featured_media":2395,"comment_status":"closed","ping_status":"closed","sticky":false,"template":"","format":"standard","meta":{"site-sidebar-layout":"default","site-content-layout":"default","ast-site-content-layout":"","site-content-style":"default","site-sidebar-style":"default","ast-global-header-display":"","ast-banner-title-visibility":"","ast-main-header-display":"","ast-hfb-above-header-display":"","ast-hfb-below-header-display":"","ast-hfb-mobile-header-display":"","site-post-title":"","ast-breadcrumbs-content":"","ast-featured-img":"disabled","footer-sml-layout":"","theme-transparent-header-meta":"default","adv-header-id-meta":"","stick-header-meta":"","header-above-stick-meta":"","header-main-stick-meta":"","header-below-stick-meta":"","astra-migrate-meta-layouts":"","ast-page-background-enabled":"default","ast-page-background-meta":{"desktop":{"background-color":"","background-image":"","background-repeat":"repeat","background-position":"center center","background-size":"auto","background-attachment":"scroll","background-type":"","background-media":"","overlay-type":"","overlay-color":"","overlay-gradient":""},"tablet":{"background-color":"","background-image":"","background-repeat":"repeat","background-position":"center center","background-size":"auto","background-attachment":"scroll","background-type":"","background-media":"","overlay-type":"","overlay-color":"","overlay-gradient":""},"mobile":{"background-color":"","background-image":"","background-repeat":"repeat","background-position":"center center","background-size":"auto","background-attachment":"scroll","background-type":"","background-media":"","overlay-type":"","overlay-color":"","overlay-gradient":""}},"ast-content-background-meta":{"desktop":{"background-color":"var(--ast-global-color-5)","background-image":"","background-repeat":"repeat","background-position":"center center","background-size":"auto","background-attachment":"scroll","background-type":"","background-media":"","overlay-type":"","overlay-color":"","overlay-gradient":""},"tablet":{"background-color":"var(--ast-global-color-5)","background-image":"","background-repeat":"repeat","background-position":"center center","background-size":"auto","background-attachment":"scroll","background-type":"","background-media":"","overlay-type":"","overlay-color":"","overlay-gradient":""},"mobile":{"background-color":"var(--ast-global-color-5)","background-image":"","background-repeat":"repeat","background-position":"center center","background-size":"auto","background-attachment":"scroll","background-type":"","background-media":"","overlay-type":"","overlay-color":"","overlay-gradient":""}},"footnotes":""},"categories":[17,176,65],"tags":[],"yoast_head":"<!-- This site is optimized with the Yoast SEO plugin v21.6 - https:\/\/yoast.com\/wordpress\/plugins\/seo\/ -->\n<title>Konkurs polonijny 2021 - Regranting - Polacy Ponad Granicami<\/title>\n<meta name=\"robots\" content=\"index, follow, max-snippet:-1, max-image-preview:large, max-video-preview:-1\" \/>\n<link rel=\"canonical\" href=\"https:\/\/odraniemen.org\/polacy-na-swiecie\/2021\/05\/01\/konkurs-polonijny-2021-regranting\/\" \/>\n<meta property=\"og:locale\" content=\"pl_PL\" \/>\n<meta property=\"og:type\" content=\"article\" \/>\n<meta property=\"og:title\" content=\"Konkurs polonijny 2021 - Regranting - Polacy Ponad Granicami\" \/>\n<meta property=\"og:description\" content=\"Stowarzyszenie Odra-Niemen og\u0142asza nab\u00f3r tzw. Ma\u0142ych Grant\u00f3w w ramach konkursu &quot;Regranting Polonijny 2021&quot;, finansowany ze \u015brodk\u00f3w KPRM,\" \/>\n<meta property=\"og:url\" content=\"https:\/\/odraniemen.org\/polacy-na-swiecie\/2021\/05\/01\/konkurs-polonijny-2021-regranting\/\" \/>\n<meta property=\"og:site_name\" content=\"Polacy Ponad Granicami\" \/>\n<meta property=\"article:published_time\" content=\"2021-05-01T15:40:00+00:00\" \/>\n<meta property=\"og:image\" content=\"https:\/\/odraniemen.org\/polacy-na-swiecie\/wp-content\/uploads\/sites\/10\/2023\/03\/3-Wsp\u00f3\u0142praca-z-POlakami-na-\u015bwiecie.jpg\" \/>\n\t<meta property=\"og:image:width\" content=\"1280\" \/>\n\t<meta property=\"og:image:height\" content=\"853\" \/>\n\t<meta property=\"og:image:type\" content=\"image\/jpeg\" \/>\n<meta name=\"author\" content=\"Ilona Gosiewska\" \/>\n<meta name=\"twitter:card\" content=\"summary_large_image\" \/>\n<meta name=\"twitter:label1\" content=\"Napisane przez\" \/>\n\t<meta name=\"twitter:data1\" content=\"Ilona Gosiewska\" \/>\n\t<meta name=\"twitter:label2\" content=\"Szacowany czas czytania\" \/>\n\t<meta name=\"twitter:data2\" content=\"3 minuty\" \/>\n<script type=\"application\/ld+json\" class=\"yoast-schema-graph\">{\"@context\":\"https:\/\/schema.org\",\"@graph\":[{\"@type\":\"Article\",\"@id\":\"https:\/\/odraniemen.org\/polacy-na-swiecie\/2021\/05\/01\/konkurs-polonijny-2021-regranting\/#article\",\"isPartOf\":{\"@id\":\"https:\/\/odraniemen.org\/polacy-na-swiecie\/2021\/05\/01\/konkurs-polonijny-2021-regranting\/\"},\"author\":{\"name\":\"Ilona Gosiewska\",\"@id\":\"https:\/\/odraniemen.org\/polacy-na-swiecie\/#\/schema\/person\/85e3fc29d5c98d8d1ff079bb7dfcfd50\"},\"headline\":\"Konkurs polonijny 2021 &#8211; Regranting\",\"datePublished\":\"2021-05-01T15:40:00+00:00\",\"dateModified\":\"2021-05-01T15:40:00+00:00\",\"mainEntityOfPage\":{\"@id\":\"https:\/\/odraniemen.org\/polacy-na-swiecie\/2021\/05\/01\/konkurs-polonijny-2021-regranting\/\"},\"wordCount\":427,\"publisher\":{\"@id\":\"https:\/\/odraniemen.org\/polacy-na-swiecie\/#organization\"},\"articleSection\":[\"Aktualno\u015bci\",\"Regranting\",\"SON Sprawy organizacji\"],\"inLanguage\":\"pl-PL\"},{\"@type\":\"WebPage\",\"@id\":\"https:\/\/odraniemen.org\/polacy-na-swiecie\/2021\/05\/01\/konkurs-polonijny-2021-regranting\/\",\"url\":\"https:\/\/odraniemen.org\/polacy-na-swiecie\/2021\/05\/01\/konkurs-polonijny-2021-regranting\/\",\"name\":\"Konkurs polonijny 2021 - Regranting - Polacy Ponad Granicami\",\"isPartOf\":{\"@id\":\"https:\/\/odraniemen.org\/polacy-na-swiecie\/#website\"},\"datePublished\":\"2021-05-01T15:40:00+00:00\",\"dateModified\":\"2021-05-01T15:40:00+00:00\",\"breadcrumb\":{\"@id\":\"https:\/\/odraniemen.org\/polacy-na-swiecie\/2021\/05\/01\/konkurs-polonijny-2021-regranting\/#breadcrumb\"},\"inLanguage\":\"pl-PL\",\"potentialAction\":[{\"@type\":\"ReadAction\",\"target\":[\"https:\/\/odraniemen.org\/polacy-na-swiecie\/2021\/05\/01\/konkurs-polonijny-2021-regranting\/\"]}]},{\"@type\":\"BreadcrumbList\",\"@id\":\"https:\/\/odraniemen.org\/polacy-na-swiecie\/2021\/05\/01\/konkurs-polonijny-2021-regranting\/#breadcrumb\",\"itemListElement\":[{\"@type\":\"ListItem\",\"position\":1,\"name\":\"Strona g\u0142\u00f3wna\",\"item\":\"https:\/\/odraniemen.org\/polacy-na-swiecie\/\"},{\"@type\":\"ListItem\",\"position\":2,\"name\":\"Konkurs polonijny 2021 &#8211; Regranting\"}]},{\"@type\":\"WebSite\",\"@id\":\"https:\/\/odraniemen.org\/polacy-na-swiecie\/#website\",\"url\":\"https:\/\/odraniemen.org\/polacy-na-swiecie\/\",\"name\":\"Polacy Ponad Granicami\",\"description\":\"Kolejna witryna sieci \u201eOdra-Niemen Witryny\u201d\",\"publisher\":{\"@id\":\"https:\/\/odraniemen.org\/polacy-na-swiecie\/#organization\"},\"potentialAction\":[{\"@type\":\"SearchAction\",\"target\":{\"@type\":\"EntryPoint\",\"urlTemplate\":\"https:\/\/odraniemen.org\/polacy-na-swiecie\/?s={search_term_string}\"},\"query-input\":\"required name=search_term_string\"}],\"inLanguage\":\"pl-PL\"},{\"@type\":\"Organization\",\"@id\":\"https:\/\/odraniemen.org\/polacy-na-swiecie\/#organization\",\"name\":\"Polacy Ponad Granicami\",\"url\":\"https:\/\/odraniemen.org\/polacy-na-swiecie\/\",\"logo\":{\"@type\":\"ImageObject\",\"inLanguage\":\"pl-PL\",\"@id\":\"https:\/\/odraniemen.org\/polacy-na-swiecie\/#\/schema\/logo\/image\/\",\"url\":\"https:\/\/odraniemen.org\/polacy-na-swiecie\/wp-content\/uploads\/sites\/10\/2025\/06\/cropped-Polacy-PONAD-GRANICAMI-logo.png\",\"contentUrl\":\"https:\/\/odraniemen.org\/polacy-na-swiecie\/wp-content\/uploads\/sites\/10\/2025\/06\/cropped-Polacy-PONAD-GRANICAMI-logo.png\",\"width\":1546,\"height\":454,\"caption\":\"Polacy Ponad Granicami\"},\"image\":{\"@id\":\"https:\/\/odraniemen.org\/polacy-na-swiecie\/#\/schema\/logo\/image\/\"}},{\"@type\":\"Person\",\"@id\":\"https:\/\/odraniemen.org\/polacy-na-swiecie\/#\/schema\/person\/85e3fc29d5c98d8d1ff079bb7dfcfd50\",\"name\":\"Ilona Gosiewska\",\"image\":{\"@type\":\"ImageObject\",\"inLanguage\":\"pl-PL\",\"@id\":\"https:\/\/odraniemen.org\/polacy-na-swiecie\/#\/schema\/person\/image\/\",\"url\":\"https:\/\/secure.gravatar.com\/avatar\/3d19ad97584bcf1e751bb6463745fd62?s=96&d=mm&r=g\",\"contentUrl\":\"https:\/\/secure.gravatar.com\/avatar\/3d19ad97584bcf1e751bb6463745fd62?s=96&d=mm&r=g\",\"caption\":\"Ilona Gosiewska\"},\"url\":\"https:\/\/odraniemen.org\/polacy-na-swiecie\/author\/igosiewska\/\"}]}<\/script>\n<!-- \/ Yoast SEO plugin. -->","yoast_head_json":{"title":"Konkurs polonijny 2021 - Regranting - Polacy Ponad Granicami","robots":{"index":"index","follow":"follow","max-snippet":"max-snippet:-1","max-image-preview":"max-image-preview:large","max-video-preview":"max-video-preview:-1"},"canonical":"https:\/\/odraniemen.org\/polacy-na-swiecie\/2021\/05\/01\/konkurs-polonijny-2021-regranting\/","og_locale":"pl_PL","og_type":"article","og_title":"Konkurs polonijny 2021 - Regranting - Polacy Ponad Granicami","og_description":"Stowarzyszenie Odra-Niemen og\u0142asza nab\u00f3r tzw. Ma\u0142ych Grant\u00f3w w ramach konkursu \"Regranting Polonijny 2021\", finansowany ze \u015brodk\u00f3w KPRM,","og_url":"https:\/\/odraniemen.org\/polacy-na-swiecie\/2021\/05\/01\/konkurs-polonijny-2021-regranting\/","og_site_name":"Polacy Ponad Granicami","article_published_time":"2021-05-01T15:40:00+00:00","og_image":[{"width":1280,"height":853,"url":"https:\/\/odraniemen.org\/polacy-na-swiecie\/wp-content\/uploads\/sites\/10\/2023\/03\/3-Wsp\u00f3\u0142praca-z-POlakami-na-\u015bwiecie.jpg","type":"image\/jpeg"}],"author":"Ilona Gosiewska","twitter_card":"summary_large_image","twitter_misc":{"Napisane przez":"Ilona Gosiewska","Szacowany czas czytania":"3 minuty"},"schema":{"@context":"https:\/\/schema.org","@graph":[{"@type":"Article","@id":"https:\/\/odraniemen.org\/polacy-na-swiecie\/2021\/05\/01\/konkurs-polonijny-2021-regranting\/#article","isPartOf":{"@id":"https:\/\/odraniemen.org\/polacy-na-swiecie\/2021\/05\/01\/konkurs-polonijny-2021-regranting\/"},"author":{"name":"Ilona Gosiewska","@id":"https:\/\/odraniemen.org\/polacy-na-swiecie\/#\/schema\/person\/85e3fc29d5c98d8d1ff079bb7dfcfd50"},"headline":"Konkurs polonijny 2021 &#8211; Regranting","datePublished":"2021-05-01T15:40:00+00:00","dateModified":"2021-05-01T15:40:00+00:00","mainEntityOfPage":{"@id":"https:\/\/odraniemen.org\/polacy-na-swiecie\/2021\/05\/01\/konkurs-polonijny-2021-regranting\/"},"wordCount":427,"publisher":{"@id":"https:\/\/odraniemen.org\/polacy-na-swiecie\/#organization"},"articleSection":["Aktualno\u015bci","Regranting","SON Sprawy organizacji"],"inLanguage":"pl-PL"},{"@type":"WebPage","@id":"https:\/\/odraniemen.org\/polacy-na-swiecie\/2021\/05\/01\/konkurs-polonijny-2021-regranting\/","url":"https:\/\/odraniemen.org\/polacy-na-swiecie\/2021\/05\/01\/konkurs-polonijny-2021-regranting\/","name":"Konkurs polonijny 2021 - Regranting - Polacy Ponad Granicami","isPartOf":{"@id":"https:\/\/odraniemen.org\/polacy-na-swiecie\/#website"},"datePublished":"2021-05-01T15:40:00+00:00","dateModified":"2021-05-01T15:40:00+00:00","breadcrumb":{"@id":"https:\/\/odraniemen.org\/polacy-na-swiecie\/2021\/05\/01\/konkurs-polonijny-2021-regranting\/#breadcrumb"},"inLanguage":"pl-PL","potentialAction":[{"@type":"ReadAction","target":["https:\/\/odraniemen.org\/polacy-na-swiecie\/2021\/05\/01\/konkurs-polonijny-2021-regranting\/"]}]},{"@type":"BreadcrumbList","@id":"https:\/\/odraniemen.org\/polacy-na-swiecie\/2021\/05\/01\/konkurs-polonijny-2021-regranting\/#breadcrumb","itemListElement":[{"@type":"ListItem","position":1,"name":"Strona g\u0142\u00f3wna","item":"https:\/\/odraniemen.org\/polacy-na-swiecie\/"},{"@type":"ListItem","position":2,"name":"Konkurs polonijny 2021 &#8211; Regranting"}]},{"@type":"WebSite","@id":"https:\/\/odraniemen.org\/polacy-na-swiecie\/#website","url":"https:\/\/odraniemen.org\/polacy-na-swiecie\/","name":"Polacy Ponad Granicami","description":"Kolejna witryna sieci \u201eOdra-Niemen Witryny\u201d","publisher":{"@id":"https:\/\/odraniemen.org\/polacy-na-swiecie\/#organization"},"potentialAction":[{"@type":"SearchAction","target":{"@type":"EntryPoint","urlTemplate":"https:\/\/odraniemen.org\/polacy-na-swiecie\/?s={search_term_string}"},"query-input":"required name=search_term_string"}],"inLanguage":"pl-PL"},{"@type":"Organization","@id":"https:\/\/odraniemen.org\/polacy-na-swiecie\/#organization","name":"Polacy Ponad Granicami","url":"https:\/\/odraniemen.org\/polacy-na-swiecie\/","logo":{"@type":"ImageObject","inLanguage":"pl-PL","@id":"https:\/\/odraniemen.org\/polacy-na-swiecie\/#\/schema\/logo\/image\/","url":"https:\/\/odraniemen.org\/polacy-na-swiecie\/wp-content\/uploads\/sites\/10\/2025\/06\/cropped-Polacy-PONAD-GRANICAMI-logo.png","contentUrl":"https:\/\/odraniemen.org\/polacy-na-swiecie\/wp-content\/uploads\/sites\/10\/2025\/06\/cropped-Polacy-PONAD-GRANICAMI-logo.png","width":1546,"height":454,"caption":"Polacy Ponad Granicami"},"image":{"@id":"https:\/\/odraniemen.org\/polacy-na-swiecie\/#\/schema\/logo\/image\/"}},{"@type":"Person","@id":"https:\/\/odraniemen.org\/polacy-na-swiecie\/#\/schema\/person\/85e3fc29d5c98d8d1ff079bb7dfcfd50","name":"Ilona Gosiewska","image":{"@type":"ImageObject","inLanguage":"pl-PL","@id":"https:\/\/odraniemen.org\/polacy-na-swiecie\/#\/schema\/person\/image\/","url":"https:\/\/secure.gravatar.com\/avatar\/3d19ad97584bcf1e751bb6463745fd62?s=96&d=mm&r=g","contentUrl":"https:\/\/secure.gravatar.com\/avatar\/3d19ad97584bcf1e751bb6463745fd62?s=96&d=mm&r=g","caption":"Ilona Gosiewska"},"url":"https:\/\/odraniemen.org\/polacy-na-swiecie\/author\/igosiewska\/"}]}},"_links":{"self":[{"href":"https:\/\/odraniemen.org\/polacy-na-swiecie\/wp-json\/wp\/v2\/posts\/2393"}],"collection":[{"href":"https:\/\/odraniemen.org\/polacy-na-swiecie\/wp-json\/wp\/v2\/posts"}],"about":[{"href":"https:\/\/odraniemen.org\/polacy-na-swiecie\/wp-json\/wp\/v2\/types\/post"}],"author":[{"embeddable":true,"href":"https:\/\/odraniemen.org\/polacy-na-swiecie\/wp-json\/wp\/v2\/users\/9"}],"replies":[{"embeddable":true,"href":"https:\/\/odraniemen.org\/polacy-na-swiecie\/wp-json\/wp\/v2\/comments?post=2393"}],"version-history":[{"count":1,"href":"https:\/\/odraniemen.org\/polacy-na-swiecie\/wp-json\/wp\/v2\/posts\/2393\/revisions"}],"predecessor-version":[{"id":2396,"href":"https:\/\/odraniemen.org\/polacy-na-swiecie\/wp-json\/wp\/v2\/posts\/2393\/revisions\/2396"}],"wp:featuredmedia":[{"embeddable":true,"href":"https:\/\/odraniemen.org\/polacy-na-swiecie\/wp-json\/wp\/v2\/media\/2395"}],"wp:attachment":[{"href":"https:\/\/odraniemen.org\/polacy-na-swiecie\/wp-json\/wp\/v2\/media?parent=2393"}],"wp:term":[{"taxonomy":"category","embeddable":true,"href":"https:\/\/odraniemen.org\/polacy-na-swiecie\/wp-json\/wp\/v2\/categories?post=2393"},{"taxonomy":"post_tag","embeddable":true,"href":"https:\/\/odraniemen.org\/polacy-na-swiecie\/wp-json\/wp\/v2\/tags?post=2393"}],"curies":[{"name":"wp","href":"https:\/\/api.w.org\/{rel}","templated":true}]}}