
{"id":2715,"date":"2023-12-27T21:34:00","date_gmt":"2023-12-27T20:34:00","guid":{"rendered":"https:\/\/odraniemen.org\/polacy-na-swiecie\/2023\/12\/27\/projekt-medialny-z-british-poles-2023\/"},"modified":"2024-02-07T14:31:51","modified_gmt":"2024-02-07T13:31:51","slug":"projekt-medialny-z-british-poles-2023","status":"publish","type":"post","link":"https:\/\/odraniemen.org\/polacy-na-swiecie\/2023\/12\/27\/projekt-medialny-z-british-poles-2023\/","title":{"rendered":"Projekt medialny z British Poles 2023"},"content":{"rendered":"\t\t<div data-elementor-type=\"wp-post\" data-elementor-id=\"2715\" class=\"elementor elementor-2715\">\n\t\t\t\t\t\t\t\t\t<section class=\"has_eae_slider elementor-section elementor-top-section elementor-element elementor-element-e610e64 elementor-section-boxed elementor-section-height-default elementor-section-height-default\" data-id=\"e610e64\" data-element_type=\"section\">\n\t\t\t\t\t\t<div class=\"elementor-container elementor-column-gap-default\">\n\t\t\t\t\t<div class=\"has_eae_slider elementor-column elementor-col-50 elementor-top-column elementor-element elementor-element-4ab22ad\" data-id=\"4ab22ad\" data-element_type=\"column\">\n\t\t\t<div class=\"elementor-widget-wrap elementor-element-populated\">\n\t\t\t\t\t\t\t\t<div class=\"elementor-element elementor-element-84104ce elementor-widget elementor-widget-heading\" data-id=\"84104ce\" data-element_type=\"widget\" data-widget_type=\"heading.default\">\n\t\t\t\t<div class=\"elementor-widget-container\">\n\t\t\t<h2 class=\"elementor-heading-title elementor-size-default\">Opis projektu<\/h2>\t\t<\/div>\n\t\t\t\t<\/div>\n\t\t\t\t<div class=\"elementor-element elementor-element-5980514 elementor-widget elementor-widget-text-editor\" data-id=\"5980514\" data-element_type=\"widget\" data-widget_type=\"text-editor.default\">\n\t\t\t\t<div class=\"elementor-widget-container\">\n\t\t\t\t\t\t\t<p>Projekt <strong>&#8220;Ponad Granicami&#8221;. Media polonijne na Wschodzie i Zachodzie Europy&#8221;, <\/strong>dotyczy sp\u00f3jnego rozwoju medi\u00f3w pisz\u0105cych na temat \u017cycia Polak\u00f3w poza granicami Ojczyzny.<\/p><p>Zadanie realizowane w okresie 3 lat od 2023 do 2025 roku zawiera 3 elementy merytoryczne: 1\/Rozw\u00f3j polonijnego portalu British Poles 2\/ Powstanie portalu &#8220;Ponad Granicami&#8221; o dzia\u0142alno\u015bci organizacji polonijnych z ca\u0142ego \u015bwiata 3\/ Wydawanie drukowanego i elektronicznego kwartalnika &#8220;Odra-Niemen Ponad Granicami&#8221;.\u00a0\u00a0<\/p>\t\t\t\t\t\t<\/div>\n\t\t\t\t<\/div>\n\t\t\t\t\t<\/div>\n\t\t<\/div>\n\t\t\t\t<div class=\"has_eae_slider elementor-column elementor-col-50 elementor-top-column elementor-element elementor-element-fec08d5\" data-id=\"fec08d5\" data-element_type=\"column\">\n\t\t\t<div class=\"elementor-widget-wrap elementor-element-populated\">\n\t\t\t\t\t\t\t\t<div class=\"elementor-element elementor-element-33a6302 elementor-widget elementor-widget-spacer\" data-id=\"33a6302\" data-element_type=\"widget\" data-widget_type=\"spacer.default\">\n\t\t\t\t<div class=\"elementor-widget-container\">\n\t\t\t\t\t<div class=\"elementor-spacer\">\n\t\t\t<div class=\"elementor-spacer-inner\"><\/div>\n\t\t<\/div>\n\t\t\t\t<\/div>\n\t\t\t\t<\/div>\n\t\t\t\t<div class=\"elementor-element elementor-element-d771af3 elementor-widget elementor-widget-image\" data-id=\"d771af3\" data-element_type=\"widget\" data-widget_type=\"image.default\">\n\t\t\t\t<div class=\"elementor-widget-container\">\n\t\t\t\t\t\t\t\t\t\t\t\t\t\t\t\t<a href=\"https:\/\/odraniemen.org\/wp-content\/uploads\/2023\/12\/projekt-medialny2.jpg\" data-elementor-open-lightbox=\"yes\" data-e-action-hash=\"#elementor-action%3Aaction%3Dlightbox%26settings%3DeyJpZCI6IjQzNzAwIiwidXJsIjpmYWxzZX0%3D\">\n\t\t\t\t\t\t\t<img decoding=\"async\" src=\"https:\/\/odraniemen.org\/wp-content\/uploads\/2023\/12\/projekt-medialny2.jpg\" title=\"\" alt=\"\" loading=\"lazy\" \/>\t\t\t\t\t\t\t\t<\/a>\n\t\t\t\t\t\t\t\t\t\t\t\t\t\t\t<\/div>\n\t\t\t\t<\/div>\n\t\t\t\t\t<\/div>\n\t\t<\/div>\n\t\t\t\t\t\t\t<\/div>\n\t\t<\/section>\n\t\t\t\t<section class=\"has_eae_slider elementor-section elementor-top-section elementor-element elementor-element-4a66e1ee elementor-section-boxed elementor-section-height-default elementor-section-height-default\" data-id=\"4a66e1ee\" data-element_type=\"section\">\n\t\t\t\t\t\t<div class=\"elementor-container elementor-column-gap-default\">\n\t\t\t\t\t<div class=\"has_eae_slider elementor-column elementor-col-100 elementor-top-column elementor-element elementor-element-2be9296a\" data-id=\"2be9296a\" data-element_type=\"column\">\n\t\t\t<div class=\"elementor-widget-wrap elementor-element-populated\">\n\t\t\t\t\t\t\t\t<div class=\"elementor-element elementor-element-63921f3 elementor-widget elementor-widget-heading\" data-id=\"63921f3\" data-element_type=\"widget\" data-widget_type=\"heading.default\">\n\t\t\t\t<div class=\"elementor-widget-container\">\n\t\t\t<h2 class=\"elementor-heading-title elementor-size-default\">Polonijny portal British Poles<\/h2>\t\t<\/div>\n\t\t\t\t<\/div>\n\t\t\t\t<div class=\"elementor-element elementor-element-952494f elementor-widget elementor-widget-text-editor\" data-id=\"952494f\" data-element_type=\"widget\" data-widget_type=\"text-editor.default\">\n\t\t\t\t<div class=\"elementor-widget-container\">\n\t\t\t\t\t\t\t<p><strong>Portal British Poles jest \u00a0dzisiaj jednym z najwi\u0119kszych polonijnych portali internetowych na \u015bwiecie<\/strong> &#8211; ma 150-300 tysi\u0119cy wej\u015b\u0107 miesi\u0119cznie na portal www, oraz 3-6 mln wy\u015bwietle\u0144 miesi\u0119cznie na Facebooku.\u00a0Portal jest medium dwuj\u0119zycznym, a ka\u017cdy materia\u0142 ma wersj\u0119 polsko i angielskoj\u0119zyczn\u0105. Przez kilka pierwszych lat, zdobywaj\u0105c bardzo du\u017ce zasi\u0119gi, utrzymywa\u0142 si\u0119 z pracy w\u0142asnej zespo\u0142u, ale dalszy rozw\u00f3j zwi\u0105zany jest z potrzebnym wzmocnieniem finansowym.\u00a0\u00a0<\/p><p>Stowarzyszenie Odra-Niemen i Portal British Poles wsp\u00f3\u0142pracuj\u0105 od 2020 roku. Od bie\u017c\u0105cego 2023 roku realizuj\u0105 kolejny wsp\u00f3lny 3-letni projekt rozwijaj\u0105cy media polonijne i dla polonijnych \u015brodowisk.\u00a0<\/p><p>W ramach rozwoju portalu internetowego British Poles planowane jest wprowadzenie finansowania dzia\u0142a\u0144 portalu, co pozwoli na utrzymanie zakresu jego dzia\u0142a\u0144. Zostanie stworzonych ponad 600 artyku\u0142\u00f3w i post\u00f3w rocznie. Inwestycj\u0105 w dalszy rozw\u00f3j portalu British Poles b\u0119dzie te\u017c zatrudnienie kolejnych cz\u0142onk\u00f3w redakcji portalu oraz zakup niezb\u0119dnego sprz\u0119tu. Przewidziano tak\u017ce organizacj\u0119 w 2025 roku konferencji promuj\u0105cej portal w \u015brodowiskach medialnych Wielkiej Brytanii.<\/p>\t\t\t\t\t\t<\/div>\n\t\t\t\t<\/div>\n\t\t\t\t<section class=\"has_eae_slider elementor-section elementor-inner-section elementor-element elementor-element-d6eadb1 elementor-section-boxed elementor-section-height-default elementor-section-height-default\" data-id=\"d6eadb1\" data-element_type=\"section\">\n\t\t\t\t\t\t<div class=\"elementor-container elementor-column-gap-default\">\n\t\t\t\t\t<div class=\"has_eae_slider elementor-column elementor-col-100 elementor-inner-column elementor-element elementor-element-081122e\" data-id=\"081122e\" data-element_type=\"column\">\n\t\t\t<div class=\"elementor-widget-wrap elementor-element-populated\">\n\t\t\t\t\t\t\t\t<div class=\"elementor-element elementor-element-1835bdb elementor-widget elementor-widget-image\" data-id=\"1835bdb\" data-element_type=\"widget\" data-widget_type=\"image.default\">\n\t\t\t\t<div class=\"elementor-widget-container\">\n\t\t\t\t\t\t\t\t\t\t\t\t\t\t\t<img decoding=\"async\" src=\"https:\/\/odraniemen.org\/wp-content\/uploads\/2021\/12\/British-Poles-Logo3.png\" title=\"\" alt=\"\" loading=\"lazy\" \/>\t\t\t\t\t\t\t\t\t\t\t\t\t\t\t<\/div>\n\t\t\t\t<\/div>\n\t\t\t\t<div class=\"elementor-element elementor-element-b4b4439 elementor-widget elementor-widget-text-editor\" data-id=\"b4b4439\" data-element_type=\"widget\" data-widget_type=\"text-editor.default\">\n\t\t\t\t<div class=\"elementor-widget-container\">\n\t\t\t\t\t\t\t<p><a href=\"https:\/\/www.britishpoles.uk\/\"><strong>WEJD\u0179 NA STRON\u0118 PORTALU &#8211; TUTAJ<\/strong><\/a><\/p><p><a href=\"https:\/\/www.facebook.com\/britishpoles\/?ref=page_internal\"><strong>WEJD\u0179 NA FANPAGE BRITIS POLES &#8211; TUTAJ<\/strong><\/a><\/p>\t\t\t\t\t\t<\/div>\n\t\t\t\t<\/div>\n\t\t\t\t\t<\/div>\n\t\t<\/div>\n\t\t\t\t\t\t\t<\/div>\n\t\t<\/section>\n\t\t\t\t<div class=\"elementor-element elementor-element-930bb27 elementor-widget elementor-widget-heading\" data-id=\"930bb27\" data-element_type=\"widget\" data-widget_type=\"heading.default\">\n\t\t\t\t<div class=\"elementor-widget-container\">\n\t\t\t<h2 class=\"elementor-heading-title elementor-size-default\">Kwartalnik Ponad Granicami<\/h2>\t\t<\/div>\n\t\t\t\t<\/div>\n\t\t\t\t<div class=\"elementor-element elementor-element-d87ee65 elementor-widget elementor-widget-text-editor\" data-id=\"d87ee65\" data-element_type=\"widget\" data-widget_type=\"text-editor.default\">\n\t\t\t\t<div class=\"elementor-widget-container\">\n\t\t\t\t\t\t\t<p><strong>Drugim elementem projektu jest rozw\u00f3j kwartalnika &#8220;Odra-Niemen Ponad Granicami&#8221;.<\/strong> W ramach tego zadania kontynuowany b\u0119dzie rozw\u00f3j pisma w wersji drukowanej i pdf.\u00a0 Kwartalnik \u015bwietnie sprawdzi\u0142 si\u0119 w ostatnich trzech latach. Wydali\u015bmy dziewi\u0119\u0107 numer\u00f3w pisma.\u00a0 Wszystkie cieszy\u0142y si\u0119 wielkim powodzeniem i oceniane by\u0142y bardzo wysoko. Kwartalnik zas\u0142yn\u0105\u0142 g\u0142\u00f3wnie z jako\u015bci. Zar\u00f3wno chodzi tu o jako\u015b\u0107 wydawnicz\u0105 &#8211; dobrej jako\u015bci papier, dobry druk, jak te\u017c o wysok\u0105 jako\u015b\u0107 materia\u0142\u00f3w zamieszczanych &#8211; przede wszystkim dzi\u0119ki pracy korektora tekst\u00f3w i redaktor\u00f3w nadzoruj\u0105cych wydawany numer. Jeste\u015bmy zapewne jednym z niewielu wydawnictw polonijnych, zatrudniaj\u0105cych osobno korektora i osob\u0119 prowadz\u0105c\u0105 sk\u0142ad kwartalnika. Ale jednak zapewnia to nam wysok\u0105 jako\u015b\u0107 wydawanych artyku\u0142\u00f3w i materia\u0142\u00f3w zdj\u0119ciowych. Nak\u0142ad kwartalnika wysy\u0142anego do r\u00f3\u017cnych zak\u0105tk\u00f3w \u015bwiata, gdzie dzia\u0142aj\u0105 polonijne organizacje, to 2000 egzemplarzy. Nasze pismo trafia g\u0142\u00f3wnie, przy pomocy sieci oddzia\u0142\u00f3w Odra-Niemen, do odbiorc\u00f3w na Litwie, \u0141otwie, Bia\u0142orusi, Ukrainie, do Mo\u0142dawii, Gruzji, W\u0142och, Wielkiej Brytanii, USA czy Nowej Zelandii. Wszystkie te elementy projektu zostan\u0105 wsparte spotkaniami dziennikarzy polonijnych, organizowanymi raz w roku w sk\u0142adzie dziennikarskim z r\u00f3\u017cnych kraj\u00f3w. Wsparciem dla rozwoju medi\u00f3w b\u0119d\u0105 tak\u017ce spotkania i konferencje organizowane w Polsce.<\/p>\t\t\t\t\t\t<\/div>\n\t\t\t\t<\/div>\n\t\t\t\t<div class=\"elementor-element elementor-element-1861f21 elementor-widget elementor-widget-image\" data-id=\"1861f21\" data-element_type=\"widget\" data-widget_type=\"image.default\">\n\t\t\t\t<div class=\"elementor-widget-container\">\n\t\t\t\t\t\t\t\t\t\t\t\t\t\t\t\t<a href=\"https:\/\/odraniemen.org\/wp-content\/uploads\/2023\/12\/kwartalnik_SON.jpg\" data-elementor-open-lightbox=\"yes\" data-e-action-hash=\"#elementor-action%3Aaction%3Dlightbox%26settings%3DeyJpZCI6IjQzNjk3IiwidXJsIjpmYWxzZX0%3D\">\n\t\t\t\t\t\t\t<img decoding=\"async\" src=\"https:\/\/odraniemen.org\/wp-content\/uploads\/2023\/12\/kwartalnik_SON.jpg\" title=\"\" alt=\"\" loading=\"lazy\" \/>\t\t\t\t\t\t\t\t<\/a>\n\t\t\t\t\t\t\t\t\t\t\t\t\t\t\t<\/div>\n\t\t\t\t<\/div>\n\t\t\t\t<div class=\"elementor-element elementor-element-c4810c9 elementor-widget elementor-widget-text-editor\" data-id=\"c4810c9\" data-element_type=\"widget\" data-widget_type=\"text-editor.default\">\n\t\t\t\t<div class=\"elementor-widget-container\">\n\t\t\t\t\t\t\t<p>Kwartalnik &#8220;Odra-Niemen Ponad Granicami&#8221; &#8211; numery w pdf do pobrania na stronie projektu &#8211;<a href=\"https:\/\/odraniemen.org\/aktualnosci\/kwartalnik-stowarzyszenia-odry-niemen\/\"><strong> KLIKNIJ TUTAJ I ZOBACZ STRON\u0118<\/strong><\/a><\/p>\t\t\t\t\t\t<\/div>\n\t\t\t\t<\/div>\n\t\t\t\t\t<\/div>\n\t\t<\/div>\n\t\t\t\t\t\t\t<\/div>\n\t\t<\/section>\n\t\t\t\t<section class=\"has_eae_slider elementor-section elementor-top-section elementor-element elementor-element-b8741a7 elementor-section-boxed elementor-section-height-default elementor-section-height-default\" data-id=\"b8741a7\" data-element_type=\"section\">\n\t\t\t\t\t\t<div class=\"elementor-container elementor-column-gap-default\">\n\t\t\t\t\t<div class=\"has_eae_slider elementor-column elementor-col-100 elementor-top-column elementor-element elementor-element-e657742\" data-id=\"e657742\" data-element_type=\"column\">\n\t\t\t<div class=\"elementor-widget-wrap elementor-element-populated\">\n\t\t\t\t\t\t\t\t<div class=\"elementor-element elementor-element-572a549 elementor-widget elementor-widget-heading\" data-id=\"572a549\" data-element_type=\"widget\" data-widget_type=\"heading.default\">\n\t\t\t\t<div class=\"elementor-widget-container\">\n\t\t\t<h2 class=\"elementor-heading-title elementor-size-default\">Portal PONAD GRANICAMI<\/h2>\t\t<\/div>\n\t\t\t\t<\/div>\n\t\t\t\t\t<\/div>\n\t\t<\/div>\n\t\t\t\t\t\t\t<\/div>\n\t\t<\/section>\n\t\t\t\t<section class=\"has_eae_slider elementor-section elementor-top-section elementor-element elementor-element-7905ea8 elementor-section-boxed elementor-section-height-default elementor-section-height-default\" data-id=\"7905ea8\" data-element_type=\"section\">\n\t\t\t\t\t\t<div class=\"elementor-container elementor-column-gap-default\">\n\t\t\t\t\t<div class=\"has_eae_slider elementor-column elementor-col-50 elementor-top-column elementor-element elementor-element-6ce4e51\" data-id=\"6ce4e51\" data-element_type=\"column\">\n\t\t\t<div class=\"elementor-widget-wrap elementor-element-populated\">\n\t\t\t\t\t\t\t\t<div class=\"elementor-element elementor-element-e759d81 elementor-widget elementor-widget-text-editor\" data-id=\"e759d81\" data-element_type=\"widget\" data-widget_type=\"text-editor.default\">\n\t\t\t\t<div class=\"elementor-widget-container\">\n\t\t\t\t\t\t\t<p>Trzecim elementem projektu jest powstanie portalu internetowego Ponad Granicami. Na stronach portalu b\u0119dziemy zamieszcza\u0107\u00a0 artyku\u0142y o tematyce polonijnej z obszar\u00f3w: newsy polonijne pozyskane od polskich organizacji; wywiady z polonijnymi dzia\u0142aczami; historia Polonii w r\u00f3\u017cnych zak\u0105tach \u015bwiata; tradycje i zwyczaje polonijne; felietony i artyku\u0142y o Polonii i Polakach za Granic\u0105; lifestylowe tematy polonijne; blog podr\u00f3\u017cniczy; podcasty. Mi\u0119dzypokoleniowa grupa os\u00f3b, kt\u00f3ra tworzy zesp\u00f3\u0142 dziennikarski to osoby mieszkaj\u0105ce w Polsce i Polacy dzia\u0142aj\u0105cy, pracuj\u0105cy w r\u00f3\u017cnych zak\u0105tkach \u015bwiata.<\/p>\t\t\t\t\t\t<\/div>\n\t\t\t\t<\/div>\n\t\t\t\t<div class=\"elementor-element elementor-element-858a01a elementor-widget elementor-widget-text-editor\" data-id=\"858a01a\" data-element_type=\"widget\" data-widget_type=\"text-editor.default\">\n\t\t\t\t<div class=\"elementor-widget-container\">\n\t\t\t\t\t\t\t<p>Portal &#8220;Ponad Granicami&#8221; &#8211; <a href=\"https:\/\/ponadgranicami.org\/\"><strong>KLIKNIJ I ZOBACZ TWORZ\u0104CE SI\u0118 MEDIUM POLONIJNE<\/strong><\/a><\/p>\t\t\t\t\t\t<\/div>\n\t\t\t\t<\/div>\n\t\t\t\t\t<\/div>\n\t\t<\/div>\n\t\t\t\t<div class=\"has_eae_slider elementor-column elementor-col-50 elementor-top-column elementor-element elementor-element-7af8e58\" data-id=\"7af8e58\" data-element_type=\"column\">\n\t\t\t<div class=\"elementor-widget-wrap elementor-element-populated\">\n\t\t\t\t\t\t\t\t<div class=\"elementor-element elementor-element-d8928ab elementor-widget elementor-widget-image\" data-id=\"d8928ab\" data-element_type=\"widget\" data-widget_type=\"image.default\">\n\t\t\t\t<div class=\"elementor-widget-container\">\n\t\t\t\t\t\t\t\t\t\t\t\t\t\t\t\t<a href=\"https:\/\/odraniemen.org\/wp-content\/uploads\/2024\/01\/tylna-okladka-w-kwartalniku-scaled.jpg\" data-elementor-open-lightbox=\"yes\" data-e-action-hash=\"#elementor-action%3Aaction%3Dlightbox%26settings%3DeyJpZCI6IjQzNzA5IiwidXJsIjpmYWxzZX0%3D\">\n\t\t\t\t\t\t\t<img decoding=\"async\" src=\"https:\/\/odraniemen.org\/wp-content\/uploads\/2024\/01\/tylna-okladka-w-kwartalniku-scaled.jpg\" title=\"\" alt=\"\" loading=\"lazy\" \/>\t\t\t\t\t\t\t\t<\/a>\n\t\t\t\t\t\t\t\t\t\t\t\t\t\t\t<\/div>\n\t\t\t\t<\/div>\n\t\t\t\t\t<\/div>\n\t\t<\/div>\n\t\t\t\t\t\t\t<\/div>\n\t\t<\/section>\n\t\t\t\t<section class=\"has_eae_slider elementor-section elementor-top-section elementor-element elementor-element-92a2bd7 elementor-section-boxed elementor-section-height-default elementor-section-height-default\" data-id=\"92a2bd7\" data-element_type=\"section\">\n\t\t\t\t\t\t<div class=\"elementor-container elementor-column-gap-default\">\n\t\t\t\t\t<div class=\"has_eae_slider elementor-column elementor-col-100 elementor-top-column elementor-element elementor-element-a4129ff\" data-id=\"a4129ff\" data-element_type=\"column\">\n\t\t\t<div class=\"elementor-widget-wrap elementor-element-populated\">\n\t\t\t\t\t\t\t\t<div class=\"elementor-element elementor-element-c399ab1 elementor-widget elementor-widget-heading\" data-id=\"c399ab1\" data-element_type=\"widget\" data-widget_type=\"heading.default\">\n\t\t\t\t<div class=\"elementor-widget-container\">\n\t\t\t<h2 class=\"elementor-heading-title elementor-size-default\">Zrealizowane dzia\u0142ania projektowe w 2023 roku<\/h2>\t\t<\/div>\n\t\t\t\t<\/div>\n\t\t\t\t\t<\/div>\n\t\t<\/div>\n\t\t\t\t\t\t\t<\/div>\n\t\t<\/section>\n\t\t\t\t<section class=\"has_eae_slider elementor-section elementor-top-section elementor-element elementor-element-d5ec08c elementor-section-boxed elementor-section-height-default elementor-section-height-default\" data-id=\"d5ec08c\" data-element_type=\"section\">\n\t\t\t\t\t\t<div class=\"elementor-container elementor-column-gap-default\">\n\t\t\t\t\t<div class=\"has_eae_slider elementor-column elementor-col-100 elementor-top-column elementor-element elementor-element-8113f45\" data-id=\"8113f45\" data-element_type=\"column\">\n\t\t\t<div class=\"elementor-widget-wrap elementor-element-populated\">\n\t\t\t\t\t\t\t\t<div class=\"elementor-element elementor-element-44667a4 elementor-icon-list--layout-traditional elementor-list-item-link-full_width elementor-widget elementor-widget-icon-list\" data-id=\"44667a4\" data-element_type=\"widget\" data-widget_type=\"icon-list.default\">\n\t\t\t\t<div class=\"elementor-widget-container\">\n\t\t\t\t\t<ul class=\"elementor-icon-list-items\">\n\t\t\t\t\t\t\t<li class=\"elementor-icon-list-item\">\n\t\t\t\t\t\t\t\t\t\t\t<a href=\"https:\/\/www.britishpoles.uk\/\">\n\n\t\t\t\t\t\t\t\t\t\t\t\t<span class=\"elementor-icon-list-icon\">\n\t\t\t\t\t\t\t<i aria-hidden=\"true\" class=\"fas fa-dot-circle\"><\/i>\t\t\t\t\t\t<\/span>\n\t\t\t\t\t\t\t\t\t\t<span class=\"elementor-icon-list-text\">Portal British Poles<\/span>\n\t\t\t\t\t\t\t\t\t\t\t<\/a>\n\t\t\t\t\t\t\t\t\t<\/li>\n\t\t\t\t\t\t\t\t<li class=\"elementor-icon-list-item\">\n\t\t\t\t\t\t\t\t\t\t\t<a href=\"https:\/\/www.facebook.com\/britishpoles\">\n\n\t\t\t\t\t\t\t\t\t\t\t\t<span class=\"elementor-icon-list-icon\">\n\t\t\t\t\t\t\t<i aria-hidden=\"true\" class=\"fas fa-dot-circle\"><\/i>\t\t\t\t\t\t<\/span>\n\t\t\t\t\t\t\t\t\t\t<span class=\"elementor-icon-list-text\">Portal British Poles Profil na Facbooku<\/span>\n\t\t\t\t\t\t\t\t\t\t\t<\/a>\n\t\t\t\t\t\t\t\t\t<\/li>\n\t\t\t\t\t\t<\/ul>\n\t\t\t\t<\/div>\n\t\t\t\t<\/div>\n\t\t\t\t\t<\/div>\n\t\t<\/div>\n\t\t\t\t\t\t\t<\/div>\n\t\t<\/section>\n\t\t\t\t<section class=\"has_eae_slider elementor-section elementor-top-section elementor-element elementor-element-562f4bc elementor-section-boxed elementor-section-height-default elementor-section-height-default\" data-id=\"562f4bc\" data-element_type=\"section\">\n\t\t\t\t\t\t<div class=\"elementor-container elementor-column-gap-default\">\n\t\t\t\t\t<div class=\"has_eae_slider elementor-column elementor-col-100 elementor-top-column elementor-element elementor-element-a341d92\" data-id=\"a341d92\" data-element_type=\"column\">\n\t\t\t<div class=\"elementor-widget-wrap elementor-element-populated\">\n\t\t\t\t\t\t\t\t<div class=\"elementor-element elementor-element-91813ab elementor-widget elementor-widget-text-editor\" data-id=\"91813ab\" data-element_type=\"widget\" data-widget_type=\"text-editor.default\">\n\t\t\t\t<div class=\"elementor-widget-container\">\n\t\t\t\t\t\t\t<p>W 2023 roku w\u00a0 ramach rozwoju <strong>Portalu British Poles<\/strong> stworzono\u00a0 ponad 600 rocznie, tj. ok. 50 miesi\u0119cznie artyku\u0142\u00f3w i post\u00f3w.\u00a0 Zostali zatrudnieni nowi cz\u0142onkowie redakcji portalu: Manager ds. Medi\u00f3w Spo\u0142eczno\u015bciowych oraz Fotograf. W ramach dzia\u0142a\u0144 portalu zakupiono sprz\u0119t do nagrywania wywiad\u00f3w, foto i videorelacji z r\u00f3\u017cnych wydarze\u0144.\u00a0\u00a0<\/p>\t\t\t\t\t\t<\/div>\n\t\t\t\t<\/div>\n\t\t\t\t\t<\/div>\n\t\t<\/div>\n\t\t\t\t\t\t\t<\/div>\n\t\t<\/section>\n\t\t\t\t<section class=\"has_eae_slider elementor-section elementor-top-section elementor-element elementor-element-74caa34 elementor-section-boxed elementor-section-height-default elementor-section-height-default\" data-id=\"74caa34\" data-element_type=\"section\">\n\t\t\t\t\t\t<div class=\"elementor-container elementor-column-gap-default\">\n\t\t\t\t\t<div class=\"has_eae_slider elementor-column elementor-col-100 elementor-top-column elementor-element elementor-element-211e43e\" data-id=\"211e43e\" data-element_type=\"column\">\n\t\t\t<div class=\"elementor-widget-wrap elementor-element-populated\">\n\t\t\t\t\t\t\t\t<div class=\"elementor-element elementor-element-44535a2 elementor-icon-list--layout-traditional elementor-list-item-link-full_width elementor-widget elementor-widget-icon-list\" data-id=\"44535a2\" data-element_type=\"widget\" data-widget_type=\"icon-list.default\">\n\t\t\t\t<div class=\"elementor-widget-container\">\n\t\t\t\t\t<ul class=\"elementor-icon-list-items\">\n\t\t\t\t\t\t\t<li class=\"elementor-icon-list-item\">\n\t\t\t\t\t\t\t\t\t\t\t<a href=\"https:\/\/odraniemen.org\/aktualnosci\/numery-kwartalnika-odry-niemen-w-2023\/\">\n\n\t\t\t\t\t\t\t\t\t\t\t\t<span class=\"elementor-icon-list-icon\">\n\t\t\t\t\t\t\t<i aria-hidden=\"true\" class=\"fas fa-dot-circle\"><\/i>\t\t\t\t\t\t<\/span>\n\t\t\t\t\t\t\t\t\t\t<span class=\"elementor-icon-list-text\">Kwartalnik \"Odra-Niemen Ponad Granicami\" - Numery w pdf<\/span>\n\t\t\t\t\t\t\t\t\t\t\t<\/a>\n\t\t\t\t\t\t\t\t\t<\/li>\n\t\t\t\t\t\t<\/ul>\n\t\t\t\t<\/div>\n\t\t\t\t<\/div>\n\t\t\t\t\t<\/div>\n\t\t<\/div>\n\t\t\t\t\t\t\t<\/div>\n\t\t<\/section>\n\t\t\t\t<section class=\"has_eae_slider elementor-section elementor-top-section elementor-element elementor-element-388ae20 elementor-section-boxed elementor-section-height-default elementor-section-height-default\" data-id=\"388ae20\" data-element_type=\"section\">\n\t\t\t\t\t\t<div class=\"elementor-container elementor-column-gap-default\">\n\t\t\t\t\t<div class=\"has_eae_slider elementor-column elementor-col-100 elementor-top-column elementor-element elementor-element-765f5ec\" data-id=\"765f5ec\" data-element_type=\"column\">\n\t\t\t<div class=\"elementor-widget-wrap elementor-element-populated\">\n\t\t\t\t\t\t\t\t<div class=\"elementor-element elementor-element-256de2d elementor-widget elementor-widget-text-editor\" data-id=\"256de2d\" data-element_type=\"widget\" data-widget_type=\"text-editor.default\">\n\t\t\t\t<div class=\"elementor-widget-container\">\n\t\t\t\t\t\t\t<p>W ramach rozwoju <strong>Kwartalnika\u00a0 Odra-Niemen Ponad Granicami,<\/strong> wyprodukowano 4 kolejne numery pisma &#8211; NR 1\/2023 (11); NR 2\/2023 (12); NR 3\/2023 (13); NR 4\/2023 (14). Ka\u017cdy numer zosta\u0142 wydrukowany w 2000 sztuk egzemplarzy, a tak\u017ce s\u0105 przygotowane formaty w pdf do pobrania. Pisma zosta\u0142y przekazane bezpo\u015brednio polskim plac\u00f3wkom na Litwie, \u0141otwie, Ukrainie podczas projektu Rodacy-Bohaterom, ca\u0142orocznego zadania charytatywnego prowadzonego przez Stowarzyszenie Odra-Niemen. Drug\u0105 cz\u0119\u015b\u0107 kwartalnik\u00f3w wysy\u0142ali\u015bmy drog\u0105 pocztow\u0105 do r\u00f3\u017cnych zak\u0105tk\u00f3w \u015bwiata.\u00a0<\/p>\t\t\t\t\t\t<\/div>\n\t\t\t\t<\/div>\n\t\t\t\t\t<\/div>\n\t\t<\/div>\n\t\t\t\t\t\t\t<\/div>\n\t\t<\/section>\n\t\t\t\t<section class=\"has_eae_slider elementor-section elementor-top-section elementor-element elementor-element-79361c8 elementor-section-boxed elementor-section-height-default elementor-section-height-default\" data-id=\"79361c8\" data-element_type=\"section\">\n\t\t\t\t\t\t<div class=\"elementor-container elementor-column-gap-default\">\n\t\t\t\t\t<div class=\"has_eae_slider elementor-column elementor-col-100 elementor-top-column elementor-element elementor-element-977952f\" data-id=\"977952f\" data-element_type=\"column\">\n\t\t\t<div class=\"elementor-widget-wrap elementor-element-populated\">\n\t\t\t\t\t\t\t\t<div class=\"elementor-element elementor-element-0fa727c elementor-icon-list--layout-traditional elementor-list-item-link-full_width elementor-widget elementor-widget-icon-list\" data-id=\"0fa727c\" data-element_type=\"widget\" data-widget_type=\"icon-list.default\">\n\t\t\t\t<div class=\"elementor-widget-container\">\n\t\t\t\t\t<ul class=\"elementor-icon-list-items\">\n\t\t\t\t\t\t\t<li class=\"elementor-icon-list-item\">\n\t\t\t\t\t\t\t\t\t\t\t<a href=\"https:\/\/ponadgranicami.org\/\">\n\n\t\t\t\t\t\t\t\t\t\t\t\t<span class=\"elementor-icon-list-icon\">\n\t\t\t\t\t\t\t<i aria-hidden=\"true\" class=\"fas fa-dot-circle\"><\/i>\t\t\t\t\t\t<\/span>\n\t\t\t\t\t\t\t\t\t\t<span class=\"elementor-icon-list-text\">Portal Ponad Granicami<\/span>\n\t\t\t\t\t\t\t\t\t\t\t<\/a>\n\t\t\t\t\t\t\t\t\t<\/li>\n\t\t\t\t\t\t<\/ul>\n\t\t\t\t<\/div>\n\t\t\t\t<\/div>\n\t\t\t\t\t<\/div>\n\t\t<\/div>\n\t\t\t\t\t\t\t<\/div>\n\t\t<\/section>\n\t\t\t\t<section class=\"has_eae_slider elementor-section elementor-top-section elementor-element elementor-element-e34b59d elementor-section-boxed elementor-section-height-default elementor-section-height-default\" data-id=\"e34b59d\" data-element_type=\"section\">\n\t\t\t\t\t\t<div class=\"elementor-container elementor-column-gap-default\">\n\t\t\t\t\t<div class=\"has_eae_slider elementor-column elementor-col-100 elementor-top-column elementor-element elementor-element-332f717\" data-id=\"332f717\" data-element_type=\"column\">\n\t\t\t<div class=\"elementor-widget-wrap elementor-element-populated\">\n\t\t\t\t\t\t\t\t<div class=\"elementor-element elementor-element-627cd56 elementor-widget elementor-widget-text-editor\" data-id=\"627cd56\" data-element_type=\"widget\" data-widget_type=\"text-editor.default\">\n\t\t\t\t<div class=\"elementor-widget-container\">\n\t\t\t\t\t\t\t<p>W 2023 roku zosta\u0142 zbudowany od podstaw <strong>Portal PONAD GRANICAMI.<\/strong> Pracowano nad stron\u0105 narz\u0119dziow\u0105, informatyczn\u0105, graficzn\u0105, a tak\u017ce budowa\u0142 si\u0119 zesp\u00f3\u0142 redakcyjny. Stworzono ponad 200 wpis\u00f3w na portalu Ponad Granicami. W ramach wzmocnienia merytorycznego i organizacyjnego zespo\u0142\u00f3w zwi\u0105zanych z Kwartalnikiem i Portalem odby\u0142o si\u0119 w czerwcu w Serpelicach, spotkanie warsztatowo-integracyjne dla polonijnych zespo\u0142\u00f3w dziennikarskich. W grudniu we Wroc\u0142awiu\u00a0 jesieni\u0105 spotkania robocze zespo\u0142\u00f3w redakcyjnych we wroc\u0142awskiej\u00a0 siedzibie Stowarzyszenia Odra-Niemen oraz podczas spotkania on line.\u00a0 \u00a0 \u00a0\u00a0<\/p>\t\t\t\t\t\t<\/div>\n\t\t\t\t<\/div>\n\t\t\t\t\t<\/div>\n\t\t<\/div>\n\t\t\t\t\t\t\t<\/div>\n\t\t<\/section>\n\t\t\t\t<section class=\"has_eae_slider elementor-section elementor-top-section elementor-element elementor-element-6807331 elementor-section-boxed elementor-section-height-default elementor-section-height-default\" data-id=\"6807331\" data-element_type=\"section\">\n\t\t\t\t\t\t<div class=\"elementor-container elementor-column-gap-default\">\n\t\t\t\t\t<div class=\"has_eae_slider elementor-column elementor-col-100 elementor-top-column elementor-element elementor-element-4fa477c\" data-id=\"4fa477c\" data-element_type=\"column\">\n\t\t\t<div class=\"elementor-widget-wrap elementor-element-populated\">\n\t\t\t\t\t\t\t\t<div class=\"elementor-element elementor-element-20b1f6c elementor-icon-list--layout-traditional elementor-list-item-link-full_width elementor-widget elementor-widget-icon-list\" data-id=\"20b1f6c\" data-element_type=\"widget\" data-widget_type=\"icon-list.default\">\n\t\t\t\t<div class=\"elementor-widget-container\">\n\t\t\t\t\t<ul class=\"elementor-icon-list-items\">\n\t\t\t\t\t\t\t<li class=\"elementor-icon-list-item\">\n\t\t\t\t\t\t\t\t\t\t\t<a href=\"https:\/\/ponadgranicami.org\/\">\n\n\t\t\t\t\t\t\t\t\t\t\t\t<span class=\"elementor-icon-list-icon\">\n\t\t\t\t\t\t\t<i aria-hidden=\"true\" class=\"fas fa-dot-circle\"><\/i>\t\t\t\t\t\t<\/span>\n\t\t\t\t\t\t\t\t\t\t<span class=\"elementor-icon-list-text\">Podsumowanie projektu 2023<\/span>\n\t\t\t\t\t\t\t\t\t\t\t<\/a>\n\t\t\t\t\t\t\t\t\t<\/li>\n\t\t\t\t\t\t<\/ul>\n\t\t\t\t<\/div>\n\t\t\t\t<\/div>\n\t\t\t\t\t<\/div>\n\t\t<\/div>\n\t\t\t\t\t\t\t<\/div>\n\t\t<\/section>\n\t\t\t\t<section class=\"has_eae_slider elementor-section elementor-top-section elementor-element elementor-element-750b176 elementor-section-boxed elementor-section-height-default elementor-section-height-default\" data-id=\"750b176\" data-element_type=\"section\">\n\t\t\t\t\t\t<div class=\"elementor-container elementor-column-gap-default\">\n\t\t\t\t\t<div class=\"has_eae_slider elementor-column elementor-col-100 elementor-top-column elementor-element elementor-element-e792330\" data-id=\"e792330\" data-element_type=\"column\">\n\t\t\t<div class=\"elementor-widget-wrap elementor-element-populated\">\n\t\t\t\t\t\t\t\t<div class=\"elementor-element elementor-element-2f1be97 elementor-widget elementor-widget-text-editor\" data-id=\"2f1be97\" data-element_type=\"widget\" data-widget_type=\"text-editor.default\">\n\t\t\t\t<div class=\"elementor-widget-container\">\n\t\t\t\t\t\t\t<p>W dniu 5.12.2023 odby\u0142o si\u0119 we Wroc\u0142awiu wydarzenie dla \u015brodowisk pozarz\u0105dowych, wolontariuszy, \u015brodowisk kresowych, lokalnych medi\u00f3w. Przyby\u0142o ponad 100 go\u015bci. Spotkanie by\u0142o okazj\u0105 do promocji kwartalnik\u00f3w i portalu &#8220;Ponad Granicami&#8221;, podsumowaniem dzia\u0142a\u0144 z portalem British Poles.\u00a0<\/p>\t\t\t\t\t\t<\/div>\n\t\t\t\t<\/div>\n\t\t\t\t\t<\/div>\n\t\t<\/div>\n\t\t\t\t\t\t\t<\/div>\n\t\t<\/section>\n\t\t\t\t<section class=\"has_eae_slider elementor-section elementor-top-section elementor-element elementor-element-6a2adb7 elementor-section-boxed elementor-section-height-default elementor-section-height-default\" data-id=\"6a2adb7\" data-element_type=\"section\">\n\t\t\t\t\t\t<div class=\"elementor-container elementor-column-gap-default\">\n\t\t\t\t\t<div class=\"has_eae_slider elementor-column elementor-col-100 elementor-top-column elementor-element elementor-element-9884c1c\" data-id=\"9884c1c\" data-element_type=\"column\">\n\t\t\t<div class=\"elementor-widget-wrap elementor-element-populated\">\n\t\t\t\t\t\t\t\t<div class=\"elementor-element elementor-element-2eb9fb5 elementor-widget elementor-widget-heading\" data-id=\"2eb9fb5\" data-element_type=\"widget\" data-widget_type=\"heading.default\">\n\t\t\t\t<div class=\"elementor-widget-container\">\n\t\t\t<h2 class=\"elementor-heading-title elementor-size-default\">Fotorelacja projektowa<\/h2>\t\t<\/div>\n\t\t\t\t<\/div>\n\t\t\t\t<div class=\"elementor-element elementor-element-483c338 elementor-arrows-position-inside elementor-pagination-position-outside elementor-widget elementor-widget-image-carousel\" data-id=\"483c338\" data-element_type=\"widget\" data-settings=\"{&quot;slides_to_show&quot;:&quot;2&quot;,&quot;navigation&quot;:&quot;both&quot;,&quot;autoplay&quot;:&quot;yes&quot;,&quot;pause_on_hover&quot;:&quot;yes&quot;,&quot;pause_on_interaction&quot;:&quot;yes&quot;,&quot;autoplay_speed&quot;:5000,&quot;infinite&quot;:&quot;yes&quot;,&quot;speed&quot;:500}\" data-widget_type=\"image-carousel.default\">\n\t\t\t\t<div class=\"elementor-widget-container\">\n\t\t\t\t\t<div class=\"elementor-image-carousel-wrapper swiper-container\" dir=\"ltr\">\n\t\t\t<div class=\"elementor-image-carousel swiper-wrapper\" aria-live=\"off\">\n\t\t\t\t\t\t\t\t<div class=\"swiper-slide\" role=\"group\" aria-roledescription=\"slide\" aria-label=\"1 of 12\"><a data-elementor-open-lightbox=\"yes\" data-elementor-lightbox-slideshow=\"483c338\" data-e-action-hash=\"#elementor-action%3Aaction%3Dlightbox%26settings%3DeyJpZCI6IjQzNzAxIiwidXJsIjpmYWxzZSwic2xpZGVzaG93IjoiNDgzYzMzOCJ9\"><figure class=\"swiper-slide-inner\"><img decoding=\"async\" class=\"swiper-slide-image\" src=\"https:\/\/odraniemen.org\/wp-content\/uploads\/2024\/01\/Kwartalnik_pakowanie-scaled.jpg\" alt=\"\" \/><\/figure><\/a><\/div><div class=\"swiper-slide\" role=\"group\" aria-roledescription=\"slide\" aria-label=\"2 of 12\"><a data-elementor-open-lightbox=\"yes\" data-elementor-lightbox-slideshow=\"483c338\" data-e-action-hash=\"#elementor-action%3Aaction%3Dlightbox%26settings%3DeyJpZCI6IjQzODA5IiwidXJsIjpmYWxzZSwic2xpZGVzaG93IjoiNDgzYzMzOCJ9\"><figure class=\"swiper-slide-inner\"><img decoding=\"async\" class=\"swiper-slide-image\" src=\"https:\/\/odraniemen.org\/wp-content\/uploads\/2023\/11\/Ponad-Granicami-13-internet-01.png\" alt=\"\" \/><\/figure><\/a><\/div><div class=\"swiper-slide\" role=\"group\" aria-roledescription=\"slide\" aria-label=\"3 of 12\"><a data-elementor-open-lightbox=\"yes\" data-elementor-lightbox-slideshow=\"483c338\" data-e-action-hash=\"#elementor-action%3Aaction%3Dlightbox%26settings%3DeyJpZCI6IjQzODA4IiwidXJsIjpmYWxzZSwic2xpZGVzaG93IjoiNDgzYzMzOCJ9\"><figure class=\"swiper-slide-inner\"><img decoding=\"async\" class=\"swiper-slide-image\" src=\"https:\/\/odraniemen.org\/wp-content\/uploads\/2023\/11\/Ponad-Granicami-12-internet-01.png\" alt=\"\" \/><\/figure><\/a><\/div><div class=\"swiper-slide\" role=\"group\" aria-roledescription=\"slide\" aria-label=\"4 of 12\"><a data-elementor-open-lightbox=\"yes\" data-elementor-lightbox-slideshow=\"483c338\" data-e-action-hash=\"#elementor-action%3Aaction%3Dlightbox%26settings%3DeyJpZCI6IjQzODA3IiwidXJsIjpmYWxzZSwic2xpZGVzaG93IjoiNDgzYzMzOCJ9\"><figure class=\"swiper-slide-inner\"><img decoding=\"async\" class=\"swiper-slide-image\" src=\"https:\/\/odraniemen.org\/wp-content\/uploads\/2023\/11\/Ponad-Granicami-11-internet-01.png\" alt=\"\" \/><\/figure><\/a><\/div><div class=\"swiper-slide\" role=\"group\" aria-roledescription=\"slide\" aria-label=\"5 of 12\"><a data-elementor-open-lightbox=\"yes\" data-elementor-lightbox-slideshow=\"483c338\" data-e-action-hash=\"#elementor-action%3Aaction%3Dlightbox%26settings%3DeyJpZCI6IjQzODA2IiwidXJsIjpmYWxzZSwic2xpZGVzaG93IjoiNDgzYzMzOCJ9\"><figure class=\"swiper-slide-inner\"><img decoding=\"async\" class=\"swiper-slide-image\" src=\"https:\/\/odraniemen.org\/wp-content\/uploads\/2023\/11\/Ponad-Granicami-10-internet-01.png\" alt=\"\" \/><\/figure><\/a><\/div><div class=\"swiper-slide\" role=\"group\" aria-roledescription=\"slide\" aria-label=\"6 of 12\"><a data-elementor-open-lightbox=\"yes\" data-elementor-lightbox-slideshow=\"483c338\" data-e-action-hash=\"#elementor-action%3Aaction%3Dlightbox%26settings%3DeyJpZCI6IjQzNzA4IiwidXJsIjpmYWxzZSwic2xpZGVzaG93IjoiNDgzYzMzOCJ9\"><figure class=\"swiper-slide-inner\"><img decoding=\"async\" class=\"swiper-slide-image\" src=\"https:\/\/odraniemen.org\/wp-content\/uploads\/2024\/01\/Wroclaw-promocja-mediow-SON4.jpg\" alt=\"\" \/><\/figure><\/a><\/div><div class=\"swiper-slide\" role=\"group\" aria-roledescription=\"slide\" aria-label=\"7 of 12\"><a data-elementor-open-lightbox=\"yes\" data-elementor-lightbox-slideshow=\"483c338\" data-e-action-hash=\"#elementor-action%3Aaction%3Dlightbox%26settings%3DeyJpZCI6IjQzNzA3IiwidXJsIjpmYWxzZSwic2xpZGVzaG93IjoiNDgzYzMzOCJ9\"><figure class=\"swiper-slide-inner\"><img decoding=\"async\" class=\"swiper-slide-image\" src=\"https:\/\/odraniemen.org\/wp-content\/uploads\/2024\/01\/Wroclaw-promocja-mediow-SON.jpg\" alt=\"\" \/><\/figure><\/a><\/div><div class=\"swiper-slide\" role=\"group\" aria-roledescription=\"slide\" aria-label=\"8 of 12\"><a data-elementor-open-lightbox=\"yes\" data-elementor-lightbox-slideshow=\"483c338\" data-e-action-hash=\"#elementor-action%3Aaction%3Dlightbox%26settings%3DeyJpZCI6IjQzNzA2IiwidXJsIjpmYWxzZSwic2xpZGVzaG93IjoiNDgzYzMzOCJ9\"><figure class=\"swiper-slide-inner\"><img decoding=\"async\" class=\"swiper-slide-image\" src=\"https:\/\/odraniemen.org\/wp-content\/uploads\/2024\/01\/Szkolenia-robocze-scaled.jpg\" alt=\"\" \/><\/figure><\/a><\/div><div class=\"swiper-slide\" role=\"group\" aria-roledescription=\"slide\" aria-label=\"9 of 12\"><a data-elementor-open-lightbox=\"yes\" data-elementor-lightbox-slideshow=\"483c338\" data-e-action-hash=\"#elementor-action%3Aaction%3Dlightbox%26settings%3DeyJpZCI6IjQzNzA1IiwidXJsIjpmYWxzZSwic2xpZGVzaG93IjoiNDgzYzMzOCJ9\"><figure class=\"swiper-slide-inner\"><img decoding=\"async\" class=\"swiper-slide-image\" src=\"https:\/\/odraniemen.org\/wp-content\/uploads\/2024\/01\/Serpelice-spotkanie-srodowiska-prezentacja-z-USA-Chicago2.jpg\" alt=\"\" \/><\/figure><\/a><\/div><div class=\"swiper-slide\" role=\"group\" aria-roledescription=\"slide\" aria-label=\"10 of 12\"><a data-elementor-open-lightbox=\"yes\" data-elementor-lightbox-slideshow=\"483c338\" data-e-action-hash=\"#elementor-action%3Aaction%3Dlightbox%26settings%3DeyJpZCI6IjQzNzA0IiwidXJsIjpmYWxzZSwic2xpZGVzaG93IjoiNDgzYzMzOCJ9\"><figure class=\"swiper-slide-inner\"><img decoding=\"async\" class=\"swiper-slide-image\" src=\"https:\/\/odraniemen.org\/wp-content\/uploads\/2024\/01\/Serpelice-spotkanie-srodowiska.jpg\" alt=\"\" \/><\/figure><\/a><\/div><div class=\"swiper-slide\" role=\"group\" aria-roledescription=\"slide\" aria-label=\"11 of 12\"><a data-elementor-open-lightbox=\"yes\" data-elementor-lightbox-slideshow=\"483c338\" data-e-action-hash=\"#elementor-action%3Aaction%3Dlightbox%26settings%3DeyJpZCI6IjQzNzAzIiwidXJsIjpmYWxzZSwic2xpZGVzaG93IjoiNDgzYzMzOCJ9\"><figure class=\"swiper-slide-inner\"><img decoding=\"async\" class=\"swiper-slide-image\" src=\"https:\/\/odraniemen.org\/wp-content\/uploads\/2024\/01\/Kwartalnik_promocja-z-Kurierem-Wilenskim.jpg\" alt=\"\" \/><\/figure><\/a><\/div><div class=\"swiper-slide\" role=\"group\" aria-roledescription=\"slide\" aria-label=\"12 of 12\"><a data-elementor-open-lightbox=\"yes\" data-elementor-lightbox-slideshow=\"483c338\" data-e-action-hash=\"#elementor-action%3Aaction%3Dlightbox%26settings%3DeyJpZCI6IjQzNzAyIiwidXJsIjpmYWxzZSwic2xpZGVzaG93IjoiNDgzYzMzOCJ9\"><figure class=\"swiper-slide-inner\"><img decoding=\"async\" class=\"swiper-slide-image\" src=\"https:\/\/odraniemen.org\/wp-content\/uploads\/2024\/01\/Kwartalnik_promocja-Targi-ngo-Kielce.jpg\" alt=\"\" \/><\/figure><\/a><\/div>\t\t\t<\/div>\n\t\t\t\t\t\t\t\t\t\t\t\t<div class=\"elementor-swiper-button elementor-swiper-button-prev\" role=\"button\" tabindex=\"0\">\n\t\t\t\t\t\t<i aria-hidden=\"true\" class=\"eicon-chevron-left\"><\/i>\t\t\t\t\t<\/div>\n\t\t\t\t\t<div class=\"elementor-swiper-button elementor-swiper-button-next\" role=\"button\" tabindex=\"0\">\n\t\t\t\t\t\t<i aria-hidden=\"true\" class=\"eicon-chevron-right\"><\/i>\t\t\t\t\t<\/div>\n\t\t\t\t\n\t\t\t\t\t\t\t\t\t<div class=\"swiper-pagination\"><\/div>\n\t\t\t\t\t\t\t\t\t<\/div>\n\t\t\t\t<\/div>\n\t\t\t\t<\/div>\n\t\t\t\t\t<\/div>\n\t\t<\/div>\n\t\t\t\t\t\t\t<\/div>\n\t\t<\/section>\n\t\t\t\t<section class=\"has_eae_slider elementor-section elementor-top-section elementor-element elementor-element-d8160ef elementor-section-boxed elementor-section-height-default elementor-section-height-default\" data-id=\"d8160ef\" data-element_type=\"section\">\n\t\t\t\t\t\t<div class=\"elementor-container elementor-column-gap-default\">\n\t\t\t\t\t<div class=\"has_eae_slider elementor-column elementor-col-100 elementor-top-column elementor-element elementor-element-6c71e83\" data-id=\"6c71e83\" data-element_type=\"column\">\n\t\t\t<div class=\"elementor-widget-wrap elementor-element-populated\">\n\t\t\t\t\t\t\t\t<div class=\"elementor-element elementor-element-ff5961c elementor-widget elementor-widget-heading\" data-id=\"ff5961c\" data-element_type=\"widget\" data-widget_type=\"heading.default\">\n\t\t\t\t<div class=\"elementor-widget-container\">\n\t\t\t<h2 class=\"elementor-heading-title elementor-size-default\">Finansowanie projektu<\/h2>\t\t<\/div>\n\t\t\t\t<\/div>\n\t\t\t\t\t<\/div>\n\t\t<\/div>\n\t\t\t\t\t\t\t<\/div>\n\t\t<\/section>\n\t\t\t\t<section class=\"has_eae_slider elementor-section elementor-top-section elementor-element elementor-element-cbbf78a elementor-section-boxed elementor-section-height-default elementor-section-height-default\" data-id=\"cbbf78a\" data-element_type=\"section\">\n\t\t\t\t\t\t<div class=\"elementor-container elementor-column-gap-default\">\n\t\t\t\t\t<div class=\"has_eae_slider elementor-column elementor-col-100 elementor-top-column elementor-element elementor-element-6af9eaa\" data-id=\"6af9eaa\" data-element_type=\"column\">\n\t\t\t<div class=\"elementor-widget-wrap elementor-element-populated\">\n\t\t\t\t\t\t\t\t<div class=\"elementor-element elementor-element-27c310c elementor-widget elementor-widget-text-editor\" data-id=\"27c310c\" data-element_type=\"widget\" data-widget_type=\"text-editor.default\">\n\t\t\t\t<div class=\"elementor-widget-container\">\n\t\t\t\t\t\t\t<p>Projekt\u00a0 jest realizowany w 2023-2025 roku. <em>Projekt finansowany ze \u015brodk\u00f3w Kancelarii Prezesa Rady Ministr\u00f3w w ramach konkursu Polonia i Polacy za Granic\u0105 2023\u00a0<\/em><\/p>\t\t\t\t\t\t<\/div>\n\t\t\t\t<\/div>\n\t\t\t\t\t<\/div>\n\t\t<\/div>\n\t\t\t\t\t\t\t<\/div>\n\t\t<\/section>\n\t\t\t\t<section class=\"has_eae_slider elementor-section elementor-top-section elementor-element elementor-element-9340d0b elementor-section-boxed elementor-section-height-default elementor-section-height-default\" data-id=\"9340d0b\" data-element_type=\"section\">\n\t\t\t\t\t\t<div class=\"elementor-container elementor-column-gap-default\">\n\t\t\t\t\t<div class=\"has_eae_slider elementor-column elementor-col-50 elementor-top-column elementor-element elementor-element-d827930\" data-id=\"d827930\" data-element_type=\"column\">\n\t\t\t<div class=\"elementor-widget-wrap elementor-element-populated\">\n\t\t\t\t\t\t\t\t<div class=\"elementor-element elementor-element-60fe938 elementor-widget elementor-widget-image\" data-id=\"60fe938\" data-element_type=\"widget\" data-widget_type=\"image.default\">\n\t\t\t\t<div class=\"elementor-widget-container\">\n\t\t\t\t\t\t\t\t\t\t\t\t\t\t\t<img decoding=\"async\" src=\"https:\/\/odraniemen.org\/wp-content\/uploads\/2020\/09\/logo-podstawowe-NEW_colored_on_blue.png\" title=\"\" alt=\"\" loading=\"lazy\" \/>\t\t\t\t\t\t\t\t\t\t\t\t\t\t\t<\/div>\n\t\t\t\t<\/div>\n\t\t\t\t\t<\/div>\n\t\t<\/div>\n\t\t\t\t<div class=\"has_eae_slider elementor-column elementor-col-50 elementor-top-column elementor-element elementor-element-7fcffbe\" data-id=\"7fcffbe\" data-element_type=\"column\">\n\t\t\t<div class=\"elementor-widget-wrap elementor-element-populated\">\n\t\t\t\t\t\t\t\t<div class=\"elementor-element elementor-element-839db4a elementor-widget elementor-widget-image\" data-id=\"839db4a\" data-element_type=\"widget\" data-widget_type=\"image.default\">\n\t\t\t\t<div class=\"elementor-widget-container\">\n\t\t\t\t\t\t\t\t\t\t\t\t\t\t\t<img decoding=\"async\" src=\"https:\/\/odraniemen.org\/wp-content\/uploads\/2022\/07\/plakat_budzet_panstwa_flaga-i-herb.jpg\" title=\"\" alt=\"\" loading=\"lazy\" \/>\t\t\t\t\t\t\t\t\t\t\t\t\t\t\t<\/div>\n\t\t\t\t<\/div>\n\t\t\t\t\t<\/div>\n\t\t<\/div>\n\t\t\t\t\t\t\t<\/div>\n\t\t<\/section>\n\t\t\t\t\t\t\t<\/div>\n\t\t","protected":false},"excerpt":{"rendered":"<p>Opis projektu Projekt &#8220;Ponad Granicami&#8221;. Media polonijne na Wschodzie i Zachodzie Europy&#8221;, dotyczy sp\u00f3jnego rozwoju medi\u00f3w pisz\u0105cych na temat \u017cycia Polak\u00f3w poza granicami Ojczyzny. Zadanie realizowane w okresie 3 lat od 2023 do 2025 roku zawiera 3 elementy merytoryczne: 1\/Rozw\u00f3j polonijnego portalu British Poles 2\/ Powstanie portalu &#8220;Ponad Granicami&#8221; o dzia\u0142alno\u015bci organizacji polonijnych z ca\u0142ego &hellip;<\/p>\n<p class=\"read-more\"> <a class=\"\" href=\"https:\/\/odraniemen.org\/polacy-na-swiecie\/2023\/12\/27\/projekt-medialny-z-british-poles-2023\/\"> <span class=\"screen-reader-text\">Projekt medialny z British Poles 2023<\/span> Read More &raquo;<\/a><\/p>\n","protected":false},"author":2564,"featured_media":1326,"comment_status":"closed","ping_status":"closed","sticky":false,"template":"","format":"standard","meta":{"site-sidebar-layout":"default","site-content-layout":"default","ast-site-content-layout":"default","site-content-style":"default","site-sidebar-style":"default","ast-global-header-display":"","ast-banner-title-visibility":"","ast-main-header-display":"","ast-hfb-above-header-display":"","ast-hfb-below-header-display":"","ast-hfb-mobile-header-display":"","site-post-title":"","ast-breadcrumbs-content":"","ast-featured-img":"disabled","footer-sml-layout":"","theme-transparent-header-meta":"default","adv-header-id-meta":"","stick-header-meta":"","header-above-stick-meta":"","header-main-stick-meta":"","header-below-stick-meta":"","astra-migrate-meta-layouts":"set","ast-page-background-enabled":"default","ast-page-background-meta":{"desktop":{"background-color":"","background-image":"","background-repeat":"repeat","background-position":"center center","background-size":"auto","background-attachment":"scroll","background-type":"","background-media":"","overlay-type":"","overlay-color":"","overlay-gradient":""},"tablet":{"background-color":"","background-image":"","background-repeat":"repeat","background-position":"center center","background-size":"auto","background-attachment":"scroll","background-type":"","background-media":"","overlay-type":"","overlay-color":"","overlay-gradient":""},"mobile":{"background-color":"","background-image":"","background-repeat":"repeat","background-position":"center center","background-size":"auto","background-attachment":"scroll","background-type":"","background-media":"","overlay-type":"","overlay-color":"","overlay-gradient":""}},"ast-content-background-meta":{"desktop":{"background-color":"var(--ast-global-color-5)","background-image":"","background-repeat":"repeat","background-position":"center center","background-size":"auto","background-attachment":"scroll","background-type":"","background-media":"","overlay-type":"","overlay-color":"","overlay-gradient":""},"tablet":{"background-color":"var(--ast-global-color-5)","background-image":"","background-repeat":"repeat","background-position":"center center","background-size":"auto","background-attachment":"scroll","background-type":"","background-media":"","overlay-type":"","overlay-color":"","overlay-gradient":""},"mobile":{"background-color":"var(--ast-global-color-5)","background-image":"","background-repeat":"repeat","background-position":"center center","background-size":"auto","background-attachment":"scroll","background-type":"","background-media":"","overlay-type":"","overlay-color":"","overlay-gradient":""}},"footnotes":""},"categories":[17,66],"tags":[178,152,179,180,181,182],"yoast_head":"<!-- This site is optimized with the Yoast SEO plugin v21.6 - https:\/\/yoast.com\/wordpress\/plugins\/seo\/ -->\n<title>Projekt medialny z British Poles 2023 - Polacy Ponad Granicami<\/title>\n<meta name=\"robots\" content=\"index, follow, max-snippet:-1, max-image-preview:large, max-video-preview:-1\" \/>\n<link rel=\"canonical\" href=\"https:\/\/odraniemen.org\/polacy-na-swiecie\/2023\/12\/27\/projekt-medialny-z-british-poles-2023\/\" \/>\n<meta property=\"og:locale\" content=\"pl_PL\" \/>\n<meta property=\"og:type\" content=\"article\" \/>\n<meta property=\"og:title\" content=\"Projekt medialny z British Poles 2023 - Polacy Ponad Granicami\" \/>\n<meta property=\"og:description\" content=\"Opis projektu Projekt &#8220;Ponad Granicami&#8221;. Media polonijne na Wschodzie i Zachodzie Europy&#8221;, dotyczy sp\u00f3jnego rozwoju medi\u00f3w pisz\u0105cych na temat \u017cycia Polak\u00f3w poza granicami Ojczyzny. Zadanie realizowane w okresie 3 lat od 2023 do 2025 roku zawiera 3 elementy merytoryczne: 1\/Rozw\u00f3j polonijnego portalu British Poles 2\/ Powstanie portalu &#8220;Ponad Granicami&#8221; o dzia\u0142alno\u015bci organizacji polonijnych z ca\u0142ego &hellip; Projekt medialny z British Poles 2023 Read More &raquo;\" \/>\n<meta property=\"og:url\" content=\"https:\/\/odraniemen.org\/polacy-na-swiecie\/2023\/12\/27\/projekt-medialny-z-british-poles-2023\/\" \/>\n<meta property=\"og:site_name\" content=\"Polacy Ponad Granicami\" \/>\n<meta property=\"article:published_time\" content=\"2023-12-27T20:34:00+00:00\" \/>\n<meta property=\"article:modified_time\" content=\"2024-02-07T13:31:51+00:00\" \/>\n<meta name=\"author\" content=\"ilonagosiewska\" \/>\n<meta name=\"twitter:card\" content=\"summary_large_image\" \/>\n<meta name=\"twitter:image\" content=\"https:\/\/odraniemen.org\/polacy-na-swiecie\/wp-content\/uploads\/sites\/10\/2022\/01\/projekt-medialny_1200x900px-wer2.jpg\" \/>\n<meta name=\"twitter:label1\" content=\"Napisane przez\" \/>\n\t<meta name=\"twitter:data1\" content=\"ilonagosiewska\" \/>\n\t<meta name=\"twitter:label2\" content=\"Szacowany czas czytania\" \/>\n\t<meta name=\"twitter:data2\" content=\"10 minut\" \/>\n<script type=\"application\/ld+json\" class=\"yoast-schema-graph\">{\"@context\":\"https:\/\/schema.org\",\"@graph\":[{\"@type\":\"Article\",\"@id\":\"https:\/\/odraniemen.org\/polacy-na-swiecie\/2023\/12\/27\/projekt-medialny-z-british-poles-2023\/#article\",\"isPartOf\":{\"@id\":\"https:\/\/odraniemen.org\/polacy-na-swiecie\/2023\/12\/27\/projekt-medialny-z-british-poles-2023\/\"},\"author\":{\"name\":\"ilonagosiewska\",\"@id\":\"https:\/\/odraniemen.org\/polacy-na-swiecie\/#\/schema\/person\/5c71972185655e691b23f285224cfb82\"},\"headline\":\"Projekt medialny z British Poles 2023\",\"datePublished\":\"2023-12-27T20:34:00+00:00\",\"dateModified\":\"2024-02-07T13:31:51+00:00\",\"mainEntityOfPage\":{\"@id\":\"https:\/\/odraniemen.org\/polacy-na-swiecie\/2023\/12\/27\/projekt-medialny-z-british-poles-2023\/\"},\"wordCount\":923,\"publisher\":{\"@id\":\"https:\/\/odraniemen.org\/polacy-na-swiecie\/#organization\"},\"keywords\":[\"britispoles\",\"kwartalnikson\",\"media polonijnemedia\",\"odarniemen\",\"polonijnyportal\",\"portal\"],\"articleSection\":[\"Aktualno\u015bci\",\"Wydawnictwa Odry-Niemen\"],\"inLanguage\":\"pl-PL\"},{\"@type\":\"WebPage\",\"@id\":\"https:\/\/odraniemen.org\/polacy-na-swiecie\/2023\/12\/27\/projekt-medialny-z-british-poles-2023\/\",\"url\":\"https:\/\/odraniemen.org\/polacy-na-swiecie\/2023\/12\/27\/projekt-medialny-z-british-poles-2023\/\",\"name\":\"Projekt medialny z British Poles 2023 - Polacy Ponad Granicami\",\"isPartOf\":{\"@id\":\"https:\/\/odraniemen.org\/polacy-na-swiecie\/#website\"},\"datePublished\":\"2023-12-27T20:34:00+00:00\",\"dateModified\":\"2024-02-07T13:31:51+00:00\",\"breadcrumb\":{\"@id\":\"https:\/\/odraniemen.org\/polacy-na-swiecie\/2023\/12\/27\/projekt-medialny-z-british-poles-2023\/#breadcrumb\"},\"inLanguage\":\"pl-PL\",\"potentialAction\":[{\"@type\":\"ReadAction\",\"target\":[\"https:\/\/odraniemen.org\/polacy-na-swiecie\/2023\/12\/27\/projekt-medialny-z-british-poles-2023\/\"]}]},{\"@type\":\"BreadcrumbList\",\"@id\":\"https:\/\/odraniemen.org\/polacy-na-swiecie\/2023\/12\/27\/projekt-medialny-z-british-poles-2023\/#breadcrumb\",\"itemListElement\":[{\"@type\":\"ListItem\",\"position\":1,\"name\":\"Strona g\u0142\u00f3wna\",\"item\":\"https:\/\/odraniemen.org\/polacy-na-swiecie\/\"},{\"@type\":\"ListItem\",\"position\":2,\"name\":\"Projekt medialny z British Poles 2023\"}]},{\"@type\":\"WebSite\",\"@id\":\"https:\/\/odraniemen.org\/polacy-na-swiecie\/#website\",\"url\":\"https:\/\/odraniemen.org\/polacy-na-swiecie\/\",\"name\":\"Polacy Ponad Granicami\",\"description\":\"Kolejna witryna sieci \u201eOdra-Niemen Witryny\u201d\",\"publisher\":{\"@id\":\"https:\/\/odraniemen.org\/polacy-na-swiecie\/#organization\"},\"potentialAction\":[{\"@type\":\"SearchAction\",\"target\":{\"@type\":\"EntryPoint\",\"urlTemplate\":\"https:\/\/odraniemen.org\/polacy-na-swiecie\/?s={search_term_string}\"},\"query-input\":\"required name=search_term_string\"}],\"inLanguage\":\"pl-PL\"},{\"@type\":\"Organization\",\"@id\":\"https:\/\/odraniemen.org\/polacy-na-swiecie\/#organization\",\"name\":\"Polacy Ponad Granicami\",\"url\":\"https:\/\/odraniemen.org\/polacy-na-swiecie\/\",\"logo\":{\"@type\":\"ImageObject\",\"inLanguage\":\"pl-PL\",\"@id\":\"https:\/\/odraniemen.org\/polacy-na-swiecie\/#\/schema\/logo\/image\/\",\"url\":\"https:\/\/odraniemen.org\/polacy-na-swiecie\/wp-content\/uploads\/sites\/10\/2025\/06\/cropped-Polacy-PONAD-GRANICAMI-logo.png\",\"contentUrl\":\"https:\/\/odraniemen.org\/polacy-na-swiecie\/wp-content\/uploads\/sites\/10\/2025\/06\/cropped-Polacy-PONAD-GRANICAMI-logo.png\",\"width\":1546,\"height\":454,\"caption\":\"Polacy Ponad Granicami\"},\"image\":{\"@id\":\"https:\/\/odraniemen.org\/polacy-na-swiecie\/#\/schema\/logo\/image\/\"}},{\"@type\":\"Person\",\"@id\":\"https:\/\/odraniemen.org\/polacy-na-swiecie\/#\/schema\/person\/5c71972185655e691b23f285224cfb82\",\"name\":\"ilonagosiewska\",\"image\":{\"@type\":\"ImageObject\",\"inLanguage\":\"pl-PL\",\"@id\":\"https:\/\/odraniemen.org\/polacy-na-swiecie\/#\/schema\/person\/image\/\",\"url\":\"https:\/\/secure.gravatar.com\/avatar\/6cdd8387a1361f58c6681edae3184b00?s=96&d=mm&r=g\",\"contentUrl\":\"https:\/\/secure.gravatar.com\/avatar\/6cdd8387a1361f58c6681edae3184b00?s=96&d=mm&r=g\",\"caption\":\"ilonagosiewska\"},\"url\":\"https:\/\/odraniemen.org\/polacy-na-swiecie\/author\/ilonagosiewska\/\"}]}<\/script>\n<!-- \/ Yoast SEO plugin. -->","yoast_head_json":{"title":"Projekt medialny z British Poles 2023 - Polacy Ponad Granicami","robots":{"index":"index","follow":"follow","max-snippet":"max-snippet:-1","max-image-preview":"max-image-preview:large","max-video-preview":"max-video-preview:-1"},"canonical":"https:\/\/odraniemen.org\/polacy-na-swiecie\/2023\/12\/27\/projekt-medialny-z-british-poles-2023\/","og_locale":"pl_PL","og_type":"article","og_title":"Projekt medialny z British Poles 2023 - Polacy Ponad Granicami","og_description":"Opis projektu Projekt &#8220;Ponad Granicami&#8221;. Media polonijne na Wschodzie i Zachodzie Europy&#8221;, dotyczy sp\u00f3jnego rozwoju medi\u00f3w pisz\u0105cych na temat \u017cycia Polak\u00f3w poza granicami Ojczyzny. Zadanie realizowane w okresie 3 lat od 2023 do 2025 roku zawiera 3 elementy merytoryczne: 1\/Rozw\u00f3j polonijnego portalu British Poles 2\/ Powstanie portalu &#8220;Ponad Granicami&#8221; o dzia\u0142alno\u015bci organizacji polonijnych z ca\u0142ego &hellip; Projekt medialny z British Poles 2023 Read More &raquo;","og_url":"https:\/\/odraniemen.org\/polacy-na-swiecie\/2023\/12\/27\/projekt-medialny-z-british-poles-2023\/","og_site_name":"Polacy Ponad Granicami","article_published_time":"2023-12-27T20:34:00+00:00","article_modified_time":"2024-02-07T13:31:51+00:00","author":"ilonagosiewska","twitter_card":"summary_large_image","twitter_image":"https:\/\/odraniemen.org\/polacy-na-swiecie\/wp-content\/uploads\/sites\/10\/2022\/01\/projekt-medialny_1200x900px-wer2.jpg","twitter_misc":{"Napisane przez":"ilonagosiewska","Szacowany czas czytania":"10 minut"},"schema":{"@context":"https:\/\/schema.org","@graph":[{"@type":"Article","@id":"https:\/\/odraniemen.org\/polacy-na-swiecie\/2023\/12\/27\/projekt-medialny-z-british-poles-2023\/#article","isPartOf":{"@id":"https:\/\/odraniemen.org\/polacy-na-swiecie\/2023\/12\/27\/projekt-medialny-z-british-poles-2023\/"},"author":{"name":"ilonagosiewska","@id":"https:\/\/odraniemen.org\/polacy-na-swiecie\/#\/schema\/person\/5c71972185655e691b23f285224cfb82"},"headline":"Projekt medialny z British Poles 2023","datePublished":"2023-12-27T20:34:00+00:00","dateModified":"2024-02-07T13:31:51+00:00","mainEntityOfPage":{"@id":"https:\/\/odraniemen.org\/polacy-na-swiecie\/2023\/12\/27\/projekt-medialny-z-british-poles-2023\/"},"wordCount":923,"publisher":{"@id":"https:\/\/odraniemen.org\/polacy-na-swiecie\/#organization"},"keywords":["britispoles","kwartalnikson","media polonijnemedia","odarniemen","polonijnyportal","portal"],"articleSection":["Aktualno\u015bci","Wydawnictwa Odry-Niemen"],"inLanguage":"pl-PL"},{"@type":"WebPage","@id":"https:\/\/odraniemen.org\/polacy-na-swiecie\/2023\/12\/27\/projekt-medialny-z-british-poles-2023\/","url":"https:\/\/odraniemen.org\/polacy-na-swiecie\/2023\/12\/27\/projekt-medialny-z-british-poles-2023\/","name":"Projekt medialny z British Poles 2023 - Polacy Ponad Granicami","isPartOf":{"@id":"https:\/\/odraniemen.org\/polacy-na-swiecie\/#website"},"datePublished":"2023-12-27T20:34:00+00:00","dateModified":"2024-02-07T13:31:51+00:00","breadcrumb":{"@id":"https:\/\/odraniemen.org\/polacy-na-swiecie\/2023\/12\/27\/projekt-medialny-z-british-poles-2023\/#breadcrumb"},"inLanguage":"pl-PL","potentialAction":[{"@type":"ReadAction","target":["https:\/\/odraniemen.org\/polacy-na-swiecie\/2023\/12\/27\/projekt-medialny-z-british-poles-2023\/"]}]},{"@type":"BreadcrumbList","@id":"https:\/\/odraniemen.org\/polacy-na-swiecie\/2023\/12\/27\/projekt-medialny-z-british-poles-2023\/#breadcrumb","itemListElement":[{"@type":"ListItem","position":1,"name":"Strona g\u0142\u00f3wna","item":"https:\/\/odraniemen.org\/polacy-na-swiecie\/"},{"@type":"ListItem","position":2,"name":"Projekt medialny z British Poles 2023"}]},{"@type":"WebSite","@id":"https:\/\/odraniemen.org\/polacy-na-swiecie\/#website","url":"https:\/\/odraniemen.org\/polacy-na-swiecie\/","name":"Polacy Ponad Granicami","description":"Kolejna witryna sieci \u201eOdra-Niemen Witryny\u201d","publisher":{"@id":"https:\/\/odraniemen.org\/polacy-na-swiecie\/#organization"},"potentialAction":[{"@type":"SearchAction","target":{"@type":"EntryPoint","urlTemplate":"https:\/\/odraniemen.org\/polacy-na-swiecie\/?s={search_term_string}"},"query-input":"required name=search_term_string"}],"inLanguage":"pl-PL"},{"@type":"Organization","@id":"https:\/\/odraniemen.org\/polacy-na-swiecie\/#organization","name":"Polacy Ponad Granicami","url":"https:\/\/odraniemen.org\/polacy-na-swiecie\/","logo":{"@type":"ImageObject","inLanguage":"pl-PL","@id":"https:\/\/odraniemen.org\/polacy-na-swiecie\/#\/schema\/logo\/image\/","url":"https:\/\/odraniemen.org\/polacy-na-swiecie\/wp-content\/uploads\/sites\/10\/2025\/06\/cropped-Polacy-PONAD-GRANICAMI-logo.png","contentUrl":"https:\/\/odraniemen.org\/polacy-na-swiecie\/wp-content\/uploads\/sites\/10\/2025\/06\/cropped-Polacy-PONAD-GRANICAMI-logo.png","width":1546,"height":454,"caption":"Polacy Ponad Granicami"},"image":{"@id":"https:\/\/odraniemen.org\/polacy-na-swiecie\/#\/schema\/logo\/image\/"}},{"@type":"Person","@id":"https:\/\/odraniemen.org\/polacy-na-swiecie\/#\/schema\/person\/5c71972185655e691b23f285224cfb82","name":"ilonagosiewska","image":{"@type":"ImageObject","inLanguage":"pl-PL","@id":"https:\/\/odraniemen.org\/polacy-na-swiecie\/#\/schema\/person\/image\/","url":"https:\/\/secure.gravatar.com\/avatar\/6cdd8387a1361f58c6681edae3184b00?s=96&d=mm&r=g","contentUrl":"https:\/\/secure.gravatar.com\/avatar\/6cdd8387a1361f58c6681edae3184b00?s=96&d=mm&r=g","caption":"ilonagosiewska"},"url":"https:\/\/odraniemen.org\/polacy-na-swiecie\/author\/ilonagosiewska\/"}]}},"_links":{"self":[{"href":"https:\/\/odraniemen.org\/polacy-na-swiecie\/wp-json\/wp\/v2\/posts\/2715"}],"collection":[{"href":"https:\/\/odraniemen.org\/polacy-na-swiecie\/wp-json\/wp\/v2\/posts"}],"about":[{"href":"https:\/\/odraniemen.org\/polacy-na-swiecie\/wp-json\/wp\/v2\/types\/post"}],"author":[{"embeddable":true,"href":"https:\/\/odraniemen.org\/polacy-na-swiecie\/wp-json\/wp\/v2\/users\/2564"}],"replies":[{"embeddable":true,"href":"https:\/\/odraniemen.org\/polacy-na-swiecie\/wp-json\/wp\/v2\/comments?post=2715"}],"version-history":[{"count":6,"href":"https:\/\/odraniemen.org\/polacy-na-swiecie\/wp-json\/wp\/v2\/posts\/2715\/revisions"}],"predecessor-version":[{"id":2845,"href":"https:\/\/odraniemen.org\/polacy-na-swiecie\/wp-json\/wp\/v2\/posts\/2715\/revisions\/2845"}],"wp:featuredmedia":[{"embeddable":true,"href":"https:\/\/odraniemen.org\/polacy-na-swiecie\/wp-json\/wp\/v2\/media\/1326"}],"wp:attachment":[{"href":"https:\/\/odraniemen.org\/polacy-na-swiecie\/wp-json\/wp\/v2\/media?parent=2715"}],"wp:term":[{"taxonomy":"category","embeddable":true,"href":"https:\/\/odraniemen.org\/polacy-na-swiecie\/wp-json\/wp\/v2\/categories?post=2715"},{"taxonomy":"post_tag","embeddable":true,"href":"https:\/\/odraniemen.org\/polacy-na-swiecie\/wp-json\/wp\/v2\/tags?post=2715"}],"curies":[{"name":"wp","href":"https:\/\/api.w.org\/{rel}","templated":true}]}}