
{"id":2869,"date":"2023-12-14T14:39:46","date_gmt":"2023-12-14T13:39:46","guid":{"rendered":"https:\/\/odraniemen.org\/polacy-na-swiecie\/2023\/12\/14\/wsparcie-dla-polskich-szkol-na-litwie\/"},"modified":"2023-12-14T14:39:46","modified_gmt":"2023-12-14T13:39:46","slug":"wsparcie-dla-polskich-szkol-na-litwie","status":"publish","type":"post","link":"https:\/\/odraniemen.org\/polacy-na-swiecie\/2023\/12\/14\/wsparcie-dla-polskich-szkol-na-litwie\/","title":{"rendered":"Wsparcie dla polskich szk\u00f3\u0142 na Litwie"},"content":{"rendered":"\t\t<div data-elementor-type=\"wp-post\" data-elementor-id=\"2869\" class=\"elementor elementor-2869\">\n\t\t\t\t\t\t\t\t\t<section class=\"has_eae_slider elementor-section elementor-top-section elementor-element elementor-element-2bf763e elementor-section-full_width elementor-section-height-default elementor-section-height-default\" data-id=\"2bf763e\" data-element_type=\"section\">\n\t\t\t\t\t\t<div class=\"elementor-container elementor-column-gap-no\">\n\t\t\t\t\t<div class=\"has_eae_slider elementor-column elementor-col-100 elementor-top-column elementor-element elementor-element-5863987\" data-id=\"5863987\" data-element_type=\"column\">\n\t\t\t<div class=\"elementor-widget-wrap elementor-element-populated\">\n\t\t\t\t\t\t\t\t<div class=\"elementor-element elementor-element-90b2d4b elementor-widget elementor-widget-text-editor\" data-id=\"90b2d4b\" data-element_type=\"widget\" data-widget_type=\"text-editor.default\">\n\t\t\t\t<div class=\"elementor-widget-container\">\n\t\t\t\t\t\t\t<p>W ramach projektu <em>Wzmacnianie polskich plac\u00f3wek edukacyjnych na Litwie<\/em>, realizowanego z dotacji<strong> Instytutu Rozwoju J\u0119zyka Polskiego im. \u015bwi\u0119tego Maksymiliana Marii Kolbego<\/strong>, uda\u0142o si\u0119 wesprze\u0107 a\u017c 7 plac\u00f3wek o\u015bwiatowych z Litwy:<\/p><ul><li>Gimnazjum im. Moniuszki w Kowalczukach,<\/li><li>\u017b\u0142obek-przedszkole &#8220;P\u0142omyczek&#8221; w Ejszyszkach,<\/li><li>Gimnazjum im. Jana Paw\u0142a II w Wilnie,<\/li><li>Liceum im. Adama Mickiewicza w Wilnie,<\/li><li>Gimnazjum im. W\u0142adys\u0142awa Syrokomli w Wilnie,<\/li><li>Wile\u0144ska Szko\u0142a-Przedszkole &#8221; Zielone wzg\u00f3rze&#8221;,<\/li><li>Gimnazjum im. Jana \u015aniadeckiego w Solecznikach,<\/li><\/ul>\t\t\t\t\t\t<\/div>\n\t\t\t\t<\/div>\n\t\t\t\t\t<\/div>\n\t\t<\/div>\n\t\t\t\t\t\t\t<\/div>\n\t\t<\/section>\n\t\t\t\t<section class=\"has_eae_slider elementor-section elementor-top-section elementor-element elementor-element-4b83f2b elementor-section-boxed elementor-section-height-default elementor-section-height-default\" data-id=\"4b83f2b\" data-element_type=\"section\">\n\t\t\t\t\t\t<div class=\"elementor-container elementor-column-gap-no\">\n\t\t\t\t\t<div class=\"has_eae_slider elementor-column elementor-col-100 elementor-top-column elementor-element elementor-element-a233343\" data-id=\"a233343\" data-element_type=\"column\">\n\t\t\t<div class=\"elementor-widget-wrap elementor-element-populated\">\n\t\t\t\t\t\t\t\t<div class=\"elementor-element elementor-element-5ff1e17 elementor-widget elementor-widget-image\" data-id=\"5ff1e17\" data-element_type=\"widget\" data-widget_type=\"image.default\">\n\t\t\t\t<div class=\"elementor-widget-container\">\n\t\t\t\t\t\t\t\t\t\t\t\t\t\t\t\t<a href=\"https:\/\/odraniemen.org\/wp-content\/uploads\/2024\/01\/Plomyczek-Ejszyszki-3.jpg\" data-elementor-open-lightbox=\"yes\" data-e-action-hash=\"#elementor-action%3Aaction%3Dlightbox%26settings%3DeyJpZCI6IjQzOTQ3IiwidXJsIjpmYWxzZX0%3D\">\n\t\t\t\t\t\t\t<img decoding=\"async\" src=\"https:\/\/odraniemen.org\/wp-content\/uploads\/2024\/01\/Plomyczek-Ejszyszki-3.jpg\" title=\"\" alt=\"\" loading=\"lazy\" \/>\t\t\t\t\t\t\t\t<\/a>\n\t\t\t\t\t\t\t\t\t\t\t\t\t\t\t<\/div>\n\t\t\t\t<\/div>\n\t\t\t\t\t<\/div>\n\t\t<\/div>\n\t\t\t\t\t\t\t<\/div>\n\t\t<\/section>\n\t\t\t\t<section class=\"has_eae_slider elementor-section elementor-top-section elementor-element elementor-element-c790e52 elementor-section-boxed elementor-section-height-default elementor-section-height-default\" data-id=\"c790e52\" data-element_type=\"section\">\n\t\t\t\t\t\t<div class=\"elementor-container elementor-column-gap-no\">\n\t\t\t\t\t<div class=\"has_eae_slider elementor-column elementor-col-100 elementor-top-column elementor-element elementor-element-ab044c4\" data-id=\"ab044c4\" data-element_type=\"column\">\n\t\t\t<div class=\"elementor-widget-wrap elementor-element-populated\">\n\t\t\t\t\t\t\t\t<div class=\"elementor-element elementor-element-0413879 elementor-widget elementor-widget-heading\" data-id=\"0413879\" data-element_type=\"widget\" data-widget_type=\"heading.default\">\n\t\t\t\t<div class=\"elementor-widget-container\">\n\t\t\t<h2 class=\"elementor-heading-title elementor-size-default\">Zrealizowana pomoc<\/h2>\t\t<\/div>\n\t\t\t\t<\/div>\n\t\t\t\t<div class=\"elementor-element elementor-element-d67553c elementor-widget elementor-widget-text-editor\" data-id=\"d67553c\" data-element_type=\"widget\" data-widget_type=\"text-editor.default\">\n\t\t\t\t<div class=\"elementor-widget-container\">\n\t\t\t\t\t\t\t<p>Szko\u0142om udzielono r\u00f3\u017cnorodnego wsparcia, wedle ich zapotrzebowa\u0144. Kupowano laptopy, komputery stacjonarne, czy ekrany interaktywne. Inni wymieniali wyposa\u017cenie ca\u0142ych klas, meble, krzes\u0142a, \u0142awki dla uczni\u00f3w. Niekt\u00f3re plac\u00f3wki postawi\u0142y na rozbudow\u0119 plac\u00f3w zabaw dla najm\u0142odszych podopiecznych, by\u0142y tak\u017ce remonty pomieszcze\u0144, zakupy zestaw\u00f3w edukacyjnych, czy profesjonalnego o\u015bwietlenia w auli.\u00a0<\/p><p>Wszystkie modernizacje przebieg\u0142y pomy\u015blnie, wsp\u00f3\u0142praca na linii szko\u0142y \u2013 nasze Stowarzyszenie uk\u0142ada\u0142a si\u0119 bardzo dobrze.<\/p><p>To bardzo wa\u017cny projekt, kt\u00f3ry podnosi poziom infrastrukturalny w polskich szko\u0142ach na Litwie, dzi\u0119ki czemu mog\u0105 konkurowa\u0107 z litewskimi szko\u0142ami w walce o ucznia, kluczowej ze wzgl\u0119du na dalsze funkcjonowanie tych plac\u00f3wek.<\/p>\t\t\t\t\t\t<\/div>\n\t\t\t\t<\/div>\n\t\t\t\t\t<\/div>\n\t\t<\/div>\n\t\t\t\t\t\t\t<\/div>\n\t\t<\/section>\n\t\t\t\t<section class=\"has_eae_slider elementor-section elementor-top-section elementor-element elementor-element-fa29af4 elementor-section-boxed elementor-section-height-default elementor-section-height-default\" data-id=\"fa29af4\" data-element_type=\"section\">\n\t\t\t\t\t\t<div class=\"elementor-container elementor-column-gap-no\">\n\t\t\t\t\t<div class=\"has_eae_slider elementor-column elementor-col-100 elementor-top-column elementor-element elementor-element-68110e6\" data-id=\"68110e6\" data-element_type=\"column\">\n\t\t\t<div class=\"elementor-widget-wrap elementor-element-populated\">\n\t\t\t\t\t\t\t\t<div class=\"elementor-element elementor-element-87f31a3 elementor-pagination-position-outside elementor-widget elementor-widget-image-carousel\" data-id=\"87f31a3\" data-element_type=\"widget\" data-settings=\"{&quot;slides_to_show&quot;:&quot;1&quot;,&quot;autoplay_speed&quot;:&quot;3000&quot;,&quot;navigation&quot;:&quot;dots&quot;,&quot;effect&quot;:&quot;fade&quot;,&quot;autoplay&quot;:&quot;yes&quot;,&quot;pause_on_hover&quot;:&quot;yes&quot;,&quot;pause_on_interaction&quot;:&quot;yes&quot;,&quot;infinite&quot;:&quot;yes&quot;,&quot;speed&quot;:500}\" data-widget_type=\"image-carousel.default\">\n\t\t\t\t<div class=\"elementor-widget-container\">\n\t\t\t\t\t<div class=\"elementor-image-carousel-wrapper swiper-container\" dir=\"ltr\">\n\t\t\t<div class=\"elementor-image-carousel swiper-wrapper\" aria-live=\"off\">\n\t\t\t\t\t\t\t\t<div class=\"swiper-slide\" role=\"group\" aria-roledescription=\"slide\" aria-label=\"1 of 8\"><figure class=\"swiper-slide-inner\"><img decoding=\"async\" class=\"swiper-slide-image\" src=\"https:\/\/odraniemen.org\/wp-content\/uploads\/2023\/05\/Mickiewicz-4-1.jpg\" alt=\"\" \/><\/figure><\/div><div class=\"swiper-slide\" role=\"group\" aria-roledescription=\"slide\" aria-label=\"2 of 8\"><figure class=\"swiper-slide-inner\"><img decoding=\"async\" class=\"swiper-slide-image\" src=\"https:\/\/odraniemen.org\/wp-content\/uploads\/2023\/05\/Plomyczek-Ejszyszki-2.jpg\" alt=\"\" \/><\/figure><\/div><div class=\"swiper-slide\" role=\"group\" aria-roledescription=\"slide\" aria-label=\"3 of 8\"><figure class=\"swiper-slide-inner\"><img decoding=\"async\" class=\"swiper-slide-image\" src=\"https:\/\/odraniemen.org\/wp-content\/uploads\/2023\/05\/Mickiewicz-2.jpg\" alt=\"\" \/><\/figure><\/div><div class=\"swiper-slide\" role=\"group\" aria-roledescription=\"slide\" aria-label=\"4 of 8\"><figure class=\"swiper-slide-inner\"><img decoding=\"async\" class=\"swiper-slide-image\" src=\"https:\/\/odraniemen.org\/wp-content\/uploads\/2023\/05\/Gimnazjum-JP-II-Wilno-4.jpg\" alt=\"\" \/><\/figure><\/div><div class=\"swiper-slide\" role=\"group\" aria-roledescription=\"slide\" aria-label=\"5 of 8\"><figure class=\"swiper-slide-inner\"><img decoding=\"async\" class=\"swiper-slide-image\" src=\"https:\/\/odraniemen.org\/wp-content\/uploads\/2023\/05\/Zielone-wzgorze-2-scaled.jpeg\" alt=\"\" \/><\/figure><\/div><div class=\"swiper-slide\" role=\"group\" aria-roledescription=\"slide\" aria-label=\"6 of 8\"><figure class=\"swiper-slide-inner\"><img decoding=\"async\" class=\"swiper-slide-image\" src=\"https:\/\/odraniemen.org\/wp-content\/uploads\/2023\/05\/Gimnazjum-Moniuszki-2-scaled.jpg\" alt=\"\" \/><\/figure><\/div><div class=\"swiper-slide\" role=\"group\" aria-roledescription=\"slide\" aria-label=\"7 of 8\"><figure class=\"swiper-slide-inner\"><img decoding=\"async\" class=\"swiper-slide-image\" src=\"https:\/\/odraniemen.org\/wp-content\/uploads\/2023\/05\/Zielone-wzgorze-2-scaled.jpg\" alt=\"\" \/><\/figure><\/div><div class=\"swiper-slide\" role=\"group\" aria-roledescription=\"slide\" aria-label=\"8 of 8\"><figure class=\"swiper-slide-inner\"><img decoding=\"async\" class=\"swiper-slide-image\" src=\"https:\/\/odraniemen.org\/wp-content\/uploads\/2023\/05\/Sniadecki-4-scaled.jpg\" alt=\"\" \/><\/figure><\/div>\t\t\t<\/div>\n\t\t\t\t\t\t\t\n\t\t\t\t\t\t\t\t\t<div class=\"swiper-pagination\"><\/div>\n\t\t\t\t\t\t\t\t\t<\/div>\n\t\t\t\t<\/div>\n\t\t\t\t<\/div>\n\t\t\t\t\t<\/div>\n\t\t<\/div>\n\t\t\t\t\t\t\t<\/div>\n\t\t<\/section>\n\t\t\t\t<section class=\"has_eae_slider elementor-section elementor-top-section elementor-element elementor-element-96590ad elementor-section-boxed elementor-section-height-default elementor-section-height-default\" data-id=\"96590ad\" data-element_type=\"section\">\n\t\t\t\t\t\t<div class=\"elementor-container elementor-column-gap-default\">\n\t\t\t\t\t<div class=\"has_eae_slider elementor-column elementor-col-100 elementor-top-column elementor-element elementor-element-1e3e197\" data-id=\"1e3e197\" data-element_type=\"column\">\n\t\t\t<div class=\"elementor-widget-wrap elementor-element-populated\">\n\t\t\t\t\t\t\t\t<div class=\"elementor-element elementor-element-85bac95 elementor-widget elementor-widget-heading\" data-id=\"85bac95\" data-element_type=\"widget\" data-widget_type=\"heading.default\">\n\t\t\t\t<div class=\"elementor-widget-container\">\n\t\t\t<h2 class=\"elementor-heading-title elementor-size-default\">Wsp\u00f3\u0142finansowanie projektu<\/h2>\t\t<\/div>\n\t\t\t\t<\/div>\n\t\t\t\t\t<\/div>\n\t\t<\/div>\n\t\t\t\t\t\t\t<\/div>\n\t\t<\/section>\n\t\t\t\t<section class=\"has_eae_slider elementor-section elementor-top-section elementor-element elementor-element-0b9e037 elementor-section-boxed elementor-section-height-default elementor-section-height-default\" data-id=\"0b9e037\" data-element_type=\"section\">\n\t\t\t\t\t\t<div class=\"elementor-container elementor-column-gap-default\">\n\t\t\t\t\t<div class=\"has_eae_slider elementor-column elementor-col-100 elementor-top-column elementor-element elementor-element-7e17140\" data-id=\"7e17140\" data-element_type=\"column\">\n\t\t\t<div class=\"elementor-widget-wrap elementor-element-populated\">\n\t\t\t\t\t\t\t\t<div class=\"elementor-element elementor-element-0dfcdc3 elementor-widget elementor-widget-text-editor\" data-id=\"0dfcdc3\" data-element_type=\"widget\" data-widget_type=\"text-editor.default\">\n\t\t\t\t<div class=\"elementor-widget-container\">\n\t\t\t\t\t\t\t<p>Projekt \u201eWzmacnianie polskich plac\u00f3wek edukacyjnych na Litwie\u201d wsp\u00f3\u0142finansowany ze \u015brodk\u00f3w <strong> Instytutu Rozwoju J\u0119zyka Polskiego im. \u015bwi\u0119tego Maksymiliana Marii Kolbego.<\/strong> Warto\u015b\u0107 ca\u0142kowita wynios\u0142a 467 200,00 PLN warto\u015b\u0107\u00a0 dofinansowania 438 300,00 PLN<\/p>\t\t\t\t\t\t<\/div>\n\t\t\t\t<\/div>\n\t\t\t\t\t<\/div>\n\t\t<\/div>\n\t\t\t\t\t\t\t<\/div>\n\t\t<\/section>\n\t\t\t\t<section class=\"has_eae_slider elementor-section elementor-top-section elementor-element elementor-element-bfaaa7b elementor-section-boxed elementor-section-height-default elementor-section-height-default\" data-id=\"bfaaa7b\" data-element_type=\"section\">\n\t\t\t\t\t\t<div class=\"elementor-container elementor-column-gap-no\">\n\t\t\t\t\t<div class=\"has_eae_slider elementor-column elementor-col-100 elementor-top-column elementor-element elementor-element-915ccb3\" data-id=\"915ccb3\" data-element_type=\"column\">\n\t\t\t<div class=\"elementor-widget-wrap elementor-element-populated\">\n\t\t\t\t\t\t\t\t<div class=\"elementor-element elementor-element-fdcae9a elementor-pagination-position-outside elementor-widget elementor-widget-image-carousel\" data-id=\"fdcae9a\" data-element_type=\"widget\" data-settings=\"{&quot;slides_to_show&quot;:&quot;1&quot;,&quot;autoplay_speed&quot;:&quot;3000&quot;,&quot;navigation&quot;:&quot;dots&quot;,&quot;effect&quot;:&quot;fade&quot;,&quot;autoplay&quot;:&quot;yes&quot;,&quot;pause_on_hover&quot;:&quot;yes&quot;,&quot;pause_on_interaction&quot;:&quot;yes&quot;,&quot;infinite&quot;:&quot;yes&quot;,&quot;speed&quot;:500}\" data-widget_type=\"image-carousel.default\">\n\t\t\t\t<div class=\"elementor-widget-container\">\n\t\t\t\t\t<div class=\"elementor-image-carousel-wrapper swiper-container\" dir=\"ltr\">\n\t\t\t<div class=\"elementor-image-carousel swiper-wrapper\" aria-live=\"off\">\n\t\t\t\t\t\t\t\t<div class=\"swiper-slide\" role=\"group\" aria-roledescription=\"slide\" aria-label=\"1 of 11\"><figure class=\"swiper-slide-inner\"><img decoding=\"async\" class=\"swiper-slide-image\" src=\"https:\/\/odraniemen.org\/wp-content\/uploads\/2023\/05\/Mickiewicz-1.jpg\" alt=\"\" \/><\/figure><\/div><div class=\"swiper-slide\" role=\"group\" aria-roledescription=\"slide\" aria-label=\"2 of 11\"><figure class=\"swiper-slide-inner\"><img decoding=\"async\" class=\"swiper-slide-image\" src=\"https:\/\/odraniemen.org\/wp-content\/uploads\/2023\/05\/Gimnazjum-Moniuszki-3-scaled.jpg\" alt=\"\" \/><\/figure><\/div><div class=\"swiper-slide\" role=\"group\" aria-roledescription=\"slide\" aria-label=\"3 of 11\"><figure class=\"swiper-slide-inner\"><img decoding=\"async\" class=\"swiper-slide-image\" src=\"https:\/\/odraniemen.org\/wp-content\/uploads\/2023\/05\/Mickiewicz-3.jpg\" alt=\"\" \/><\/figure><\/div><div class=\"swiper-slide\" role=\"group\" aria-roledescription=\"slide\" aria-label=\"4 of 11\"><figure class=\"swiper-slide-inner\"><img decoding=\"async\" class=\"swiper-slide-image\" src=\"https:\/\/odraniemen.org\/wp-content\/uploads\/2023\/05\/Zielone-Wzgorze-4-scaled.jpg\" alt=\"\" \/><\/figure><\/div><div class=\"swiper-slide\" role=\"group\" aria-roledescription=\"slide\" aria-label=\"5 of 11\"><figure class=\"swiper-slide-inner\"><img decoding=\"async\" class=\"swiper-slide-image\" src=\"https:\/\/odraniemen.org\/wp-content\/uploads\/2023\/05\/Gimnazjum-JP-II-Wilno-2.jpg\" alt=\"\" \/><\/figure><\/div><div class=\"swiper-slide\" role=\"group\" aria-roledescription=\"slide\" aria-label=\"6 of 11\"><figure class=\"swiper-slide-inner\"><img decoding=\"async\" class=\"swiper-slide-image\" src=\"https:\/\/odraniemen.org\/wp-content\/uploads\/2023\/05\/Gimnazjum-JP-II-Wilno-1.jpg\" alt=\"\" \/><\/figure><\/div><div class=\"swiper-slide\" role=\"group\" aria-roledescription=\"slide\" aria-label=\"7 of 11\"><figure class=\"swiper-slide-inner\"><img decoding=\"async\" class=\"swiper-slide-image\" src=\"https:\/\/odraniemen.org\/wp-content\/uploads\/2023\/05\/Syrokomla-2-scaled.jpg\" alt=\"\" \/><\/figure><\/div><div class=\"swiper-slide\" role=\"group\" aria-roledescription=\"slide\" aria-label=\"8 of 11\"><figure class=\"swiper-slide-inner\"><img decoding=\"async\" class=\"swiper-slide-image\" src=\"https:\/\/odraniemen.org\/wp-content\/uploads\/2023\/05\/Syrokomla-3-scaled.jpg\" alt=\"\" \/><\/figure><\/div><div class=\"swiper-slide\" role=\"group\" aria-roledescription=\"slide\" aria-label=\"9 of 11\"><figure class=\"swiper-slide-inner\"><img decoding=\"async\" class=\"swiper-slide-image\" src=\"https:\/\/odraniemen.org\/wp-content\/uploads\/2023\/05\/Syrokomla-4-scaled.jpg\" alt=\"\" \/><\/figure><\/div><div class=\"swiper-slide\" role=\"group\" aria-roledescription=\"slide\" aria-label=\"10 of 11\"><figure class=\"swiper-slide-inner\"><img decoding=\"async\" class=\"swiper-slide-image\" src=\"https:\/\/odraniemen.org\/wp-content\/uploads\/2023\/05\/Sniadecki-3-scaled.jpg\" alt=\"\" \/><\/figure><\/div><div class=\"swiper-slide\" role=\"group\" aria-roledescription=\"slide\" aria-label=\"11 of 11\"><figure class=\"swiper-slide-inner\"><img decoding=\"async\" class=\"swiper-slide-image\" src=\"https:\/\/odraniemen.org\/wp-content\/uploads\/2023\/05\/Sniadecki-1-scaled.jpg\" alt=\"\" \/><\/figure><\/div>\t\t\t<\/div>\n\t\t\t\t\t\t\t\n\t\t\t\t\t\t\t\t\t<div class=\"swiper-pagination\"><\/div>\n\t\t\t\t\t\t\t\t\t<\/div>\n\t\t\t\t<\/div>\n\t\t\t\t<\/div>\n\t\t\t\t\t<\/div>\n\t\t<\/div>\n\t\t\t\t\t\t\t<\/div>\n\t\t<\/section>\n\t\t\t\t<section class=\"has_eae_slider elementor-section elementor-top-section elementor-element elementor-element-f103d58 elementor-section-boxed elementor-section-height-default elementor-section-height-default\" data-id=\"f103d58\" data-element_type=\"section\">\n\t\t\t\t\t\t<div class=\"elementor-container elementor-column-gap-default\">\n\t\t\t\t\t<div class=\"has_eae_slider elementor-column elementor-col-100 elementor-top-column elementor-element elementor-element-677345c\" data-id=\"677345c\" data-element_type=\"column\">\n\t\t\t<div class=\"elementor-widget-wrap elementor-element-populated\">\n\t\t\t\t\t\t\t\t<div class=\"elementor-element elementor-element-707b6e9 elementor-widget__width-initial elementor-widget elementor-widget-image\" data-id=\"707b6e9\" data-element_type=\"widget\" data-widget_type=\"image.default\">\n\t\t\t\t<div class=\"elementor-widget-container\">\n\t\t\t\t\t\t\t\t\t\t\t\t\t\t\t<img decoding=\"async\" src=\"https:\/\/odraniemen.org\/wp-content\/uploads\/2024\/01\/plansza_informacyjna_2_2023.png\" title=\"\" alt=\"\" loading=\"lazy\" \/>\t\t\t\t\t\t\t\t\t\t\t\t\t\t\t<\/div>\n\t\t\t\t<\/div>\n\t\t\t\t\t<\/div>\n\t\t<\/div>\n\t\t\t\t\t\t\t<\/div>\n\t\t<\/section>\n\t\t\t\t\t\t\t<\/div>\n\t\t","protected":false},"excerpt":{"rendered":"<p>W ramach projektu Wzmacnianie polskich plac\u00f3wek edukacyjnych na Litwie, realizowanego z dotacji Instytutu Rozwoju J\u0119zyka Polskiego im. \u015bwi\u0119tego Maksymiliana Marii Kolbego, uda\u0142o si\u0119 wesprze\u0107 a\u017c 7 plac\u00f3wek o\u015bwiatowych z Litwy: Gimnazjum im. Moniuszki w Kowalczukach, \u017b\u0142obek-przedszkole &#8220;P\u0142omyczek&#8221; w Ejszyszkach, Gimnazjum im. Jana Paw\u0142a II w Wilnie, Liceum im. Adama Mickiewicza w Wilnie, Gimnazjum im. W\u0142adys\u0142awa &hellip;<\/p>\n<p class=\"read-more\"> <a class=\"\" href=\"https:\/\/odraniemen.org\/polacy-na-swiecie\/2023\/12\/14\/wsparcie-dla-polskich-szkol-na-litwie\/\"> <span class=\"screen-reader-text\">Wsparcie dla polskich szk\u00f3\u0142 na Litwie<\/span> Read More &raquo;<\/a><\/p>\n","protected":false},"author":8,"featured_media":2885,"comment_status":"closed","ping_status":"closed","sticky":false,"template":"","format":"standard","meta":{"site-sidebar-layout":"default","site-content-layout":"default","ast-site-content-layout":"default","site-content-style":"default","site-sidebar-style":"default","ast-global-header-display":"","ast-banner-title-visibility":"","ast-main-header-display":"disabled","ast-hfb-above-header-display":"","ast-hfb-below-header-display":"","ast-hfb-mobile-header-display":"","site-post-title":"","ast-breadcrumbs-content":"","ast-featured-img":"disabled","footer-sml-layout":"","theme-transparent-header-meta":"default","adv-header-id-meta":"","stick-header-meta":"","header-above-stick-meta":"","header-main-stick-meta":"","header-below-stick-meta":"","astra-migrate-meta-layouts":"set","ast-page-background-enabled":"default","ast-page-background-meta":{"desktop":{"background-color":"","background-image":"","background-repeat":"repeat","background-position":"center center","background-size":"auto","background-attachment":"scroll","background-type":"","background-media":"","overlay-type":"","overlay-color":"","overlay-gradient":""},"tablet":{"background-color":"","background-image":"","background-repeat":"repeat","background-position":"center center","background-size":"auto","background-attachment":"scroll","background-type":"","background-media":"","overlay-type":"","overlay-color":"","overlay-gradient":""},"mobile":{"background-color":"","background-image":"","background-repeat":"repeat","background-position":"center center","background-size":"auto","background-attachment":"scroll","background-type":"","background-media":"","overlay-type":"","overlay-color":"","overlay-gradient":""}},"ast-content-background-meta":{"desktop":{"background-color":"var(--ast-global-color-5)","background-image":"","background-repeat":"repeat","background-position":"center center","background-size":"auto","background-attachment":"scroll","background-type":"","background-media":"","overlay-type":"","overlay-color":"","overlay-gradient":""},"tablet":{"background-color":"var(--ast-global-color-5)","background-image":"","background-repeat":"repeat","background-position":"center center","background-size":"auto","background-attachment":"scroll","background-type":"","background-media":"","overlay-type":"","overlay-color":"","overlay-gradient":""},"mobile":{"background-color":"var(--ast-global-color-5)","background-image":"","background-repeat":"repeat","background-position":"center center","background-size":"auto","background-attachment":"scroll","background-type":"","background-media":"","overlay-type":"","overlay-color":"","overlay-gradient":""}},"footnotes":""},"categories":[17,171],"tags":[346,185,71,219,223],"yoast_head":"<!-- This site is optimized with the Yoast SEO plugin v21.6 - https:\/\/yoast.com\/wordpress\/plugins\/seo\/ -->\n<title>Wsparcie dla polskich szk\u00f3\u0142 na Litwie - Polacy Ponad Granicami<\/title>\n<meta name=\"description\" content=\"W ramach projektu realizowanego z dotacji Instytut Rozwoju J\u0119zyka Polskiego uda\u0142o si\u0119 wesprze\u0107 a\u017c 7 plac\u00f3wek o\u015bwiatowych z Litwy\" \/>\n<meta name=\"robots\" content=\"index, follow, max-snippet:-1, max-image-preview:large, max-video-preview:-1\" \/>\n<link rel=\"canonical\" href=\"https:\/\/odraniemen.org\/polacy-na-swiecie\/2023\/12\/14\/wsparcie-dla-polskich-szkol-na-litwie\/\" \/>\n<meta property=\"og:locale\" content=\"pl_PL\" \/>\n<meta property=\"og:type\" content=\"article\" \/>\n<meta property=\"og:title\" content=\"Wsparcie dla polskich szk\u00f3\u0142 na Litwie - Polacy Ponad Granicami\" \/>\n<meta property=\"og:description\" content=\"W ramach projektu realizowanego z dotacji Instytut Rozwoju J\u0119zyka Polskiego uda\u0142o si\u0119 wesprze\u0107 a\u017c 7 plac\u00f3wek o\u015bwiatowych z Litwy\" \/>\n<meta property=\"og:url\" content=\"https:\/\/odraniemen.org\/polacy-na-swiecie\/2023\/12\/14\/wsparcie-dla-polskich-szkol-na-litwie\/\" \/>\n<meta property=\"og:site_name\" content=\"Polacy Ponad Granicami\" \/>\n<meta property=\"article:published_time\" content=\"2023-12-14T13:39:46+00:00\" \/>\n<meta property=\"og:image\" content=\"https:\/\/odraniemen.org\/polacy-na-swiecie\/wp-content\/uploads\/sites\/10\/2024\/02\/Mickiewicz-1.jpg\" \/>\n\t<meta property=\"og:image:width\" content=\"900\" \/>\n\t<meta property=\"og:image:height\" content=\"1200\" \/>\n\t<meta property=\"og:image:type\" content=\"image\/jpeg\" \/>\n<meta name=\"author\" content=\"Dominik Rozp\u0119dowski\" \/>\n<meta name=\"twitter:card\" content=\"summary_large_image\" \/>\n<meta name=\"twitter:label1\" content=\"Napisane przez\" \/>\n\t<meta name=\"twitter:data1\" content=\"Dominik Rozp\u0119dowski\" \/>\n\t<meta name=\"twitter:label2\" content=\"Szacowany czas czytania\" \/>\n\t<meta name=\"twitter:data2\" content=\"6 minut\" \/>\n<script type=\"application\/ld+json\" class=\"yoast-schema-graph\">{\"@context\":\"https:\/\/schema.org\",\"@graph\":[{\"@type\":\"Article\",\"@id\":\"https:\/\/odraniemen.org\/polacy-na-swiecie\/2023\/12\/14\/wsparcie-dla-polskich-szkol-na-litwie\/#article\",\"isPartOf\":{\"@id\":\"https:\/\/odraniemen.org\/polacy-na-swiecie\/2023\/12\/14\/wsparcie-dla-polskich-szkol-na-litwie\/\"},\"author\":{\"name\":\"Dominik Rozp\u0119dowski\",\"@id\":\"https:\/\/odraniemen.org\/polacy-na-swiecie\/#\/schema\/person\/c984700c636a4cedb794a2cb7ab8d986\"},\"headline\":\"Wsparcie dla polskich szk\u00f3\u0142 na Litwie\",\"datePublished\":\"2023-12-14T13:39:46+00:00\",\"dateModified\":\"2023-12-14T13:39:46+00:00\",\"mainEntityOfPage\":{\"@id\":\"https:\/\/odraniemen.org\/polacy-na-swiecie\/2023\/12\/14\/wsparcie-dla-polskich-szkol-na-litwie\/\"},\"wordCount\":244,\"publisher\":{\"@id\":\"https:\/\/odraniemen.org\/polacy-na-swiecie\/#organization\"},\"keywords\":[\"instytutkolbego\",\"pomoc\",\"wolontariat\",\"wolontariusze\",\"wsparciengo\"],\"articleSection\":[\"Aktualno\u015bci\",\"Projekty\"],\"inLanguage\":\"pl-PL\"},{\"@type\":\"WebPage\",\"@id\":\"https:\/\/odraniemen.org\/polacy-na-swiecie\/2023\/12\/14\/wsparcie-dla-polskich-szkol-na-litwie\/\",\"url\":\"https:\/\/odraniemen.org\/polacy-na-swiecie\/2023\/12\/14\/wsparcie-dla-polskich-szkol-na-litwie\/\",\"name\":\"Wsparcie dla polskich szk\u00f3\u0142 na Litwie - Polacy Ponad Granicami\",\"isPartOf\":{\"@id\":\"https:\/\/odraniemen.org\/polacy-na-swiecie\/#website\"},\"datePublished\":\"2023-12-14T13:39:46+00:00\",\"dateModified\":\"2023-12-14T13:39:46+00:00\",\"description\":\"W ramach projektu realizowanego z dotacji Instytut Rozwoju J\u0119zyka Polskiego uda\u0142o si\u0119 wesprze\u0107 a\u017c 7 plac\u00f3wek o\u015bwiatowych z Litwy\",\"breadcrumb\":{\"@id\":\"https:\/\/odraniemen.org\/polacy-na-swiecie\/2023\/12\/14\/wsparcie-dla-polskich-szkol-na-litwie\/#breadcrumb\"},\"inLanguage\":\"pl-PL\",\"potentialAction\":[{\"@type\":\"ReadAction\",\"target\":[\"https:\/\/odraniemen.org\/polacy-na-swiecie\/2023\/12\/14\/wsparcie-dla-polskich-szkol-na-litwie\/\"]}]},{\"@type\":\"BreadcrumbList\",\"@id\":\"https:\/\/odraniemen.org\/polacy-na-swiecie\/2023\/12\/14\/wsparcie-dla-polskich-szkol-na-litwie\/#breadcrumb\",\"itemListElement\":[{\"@type\":\"ListItem\",\"position\":1,\"name\":\"Strona g\u0142\u00f3wna\",\"item\":\"https:\/\/odraniemen.org\/polacy-na-swiecie\/\"},{\"@type\":\"ListItem\",\"position\":2,\"name\":\"Wsparcie dla polskich szk\u00f3\u0142 na Litwie\"}]},{\"@type\":\"WebSite\",\"@id\":\"https:\/\/odraniemen.org\/polacy-na-swiecie\/#website\",\"url\":\"https:\/\/odraniemen.org\/polacy-na-swiecie\/\",\"name\":\"Polacy Ponad Granicami\",\"description\":\"Kolejna witryna sieci \u201eOdra-Niemen Witryny\u201d\",\"publisher\":{\"@id\":\"https:\/\/odraniemen.org\/polacy-na-swiecie\/#organization\"},\"potentialAction\":[{\"@type\":\"SearchAction\",\"target\":{\"@type\":\"EntryPoint\",\"urlTemplate\":\"https:\/\/odraniemen.org\/polacy-na-swiecie\/?s={search_term_string}\"},\"query-input\":\"required name=search_term_string\"}],\"inLanguage\":\"pl-PL\"},{\"@type\":\"Organization\",\"@id\":\"https:\/\/odraniemen.org\/polacy-na-swiecie\/#organization\",\"name\":\"Polacy Ponad Granicami\",\"url\":\"https:\/\/odraniemen.org\/polacy-na-swiecie\/\",\"logo\":{\"@type\":\"ImageObject\",\"inLanguage\":\"pl-PL\",\"@id\":\"https:\/\/odraniemen.org\/polacy-na-swiecie\/#\/schema\/logo\/image\/\",\"url\":\"https:\/\/odraniemen.org\/polacy-na-swiecie\/wp-content\/uploads\/sites\/10\/2025\/06\/cropped-Polacy-PONAD-GRANICAMI-logo.png\",\"contentUrl\":\"https:\/\/odraniemen.org\/polacy-na-swiecie\/wp-content\/uploads\/sites\/10\/2025\/06\/cropped-Polacy-PONAD-GRANICAMI-logo.png\",\"width\":1546,\"height\":454,\"caption\":\"Polacy Ponad Granicami\"},\"image\":{\"@id\":\"https:\/\/odraniemen.org\/polacy-na-swiecie\/#\/schema\/logo\/image\/\"}},{\"@type\":\"Person\",\"@id\":\"https:\/\/odraniemen.org\/polacy-na-swiecie\/#\/schema\/person\/c984700c636a4cedb794a2cb7ab8d986\",\"name\":\"Dominik Rozp\u0119dowski\",\"image\":{\"@type\":\"ImageObject\",\"inLanguage\":\"pl-PL\",\"@id\":\"https:\/\/odraniemen.org\/polacy-na-swiecie\/#\/schema\/person\/image\/\",\"url\":\"https:\/\/secure.gravatar.com\/avatar\/404ca3efd4b3a1b7c0732d658932c622?s=96&d=mm&r=g\",\"contentUrl\":\"https:\/\/secure.gravatar.com\/avatar\/404ca3efd4b3a1b7c0732d658932c622?s=96&d=mm&r=g\",\"caption\":\"Dominik Rozp\u0119dowski\"},\"url\":\"https:\/\/odraniemen.org\/polacy-na-swiecie\/author\/drozpedowski\/\"}]}<\/script>\n<!-- \/ Yoast SEO plugin. -->","yoast_head_json":{"title":"Wsparcie dla polskich szk\u00f3\u0142 na Litwie - Polacy Ponad Granicami","description":"W ramach projektu realizowanego z dotacji Instytut Rozwoju J\u0119zyka Polskiego uda\u0142o si\u0119 wesprze\u0107 a\u017c 7 plac\u00f3wek o\u015bwiatowych z Litwy","robots":{"index":"index","follow":"follow","max-snippet":"max-snippet:-1","max-image-preview":"max-image-preview:large","max-video-preview":"max-video-preview:-1"},"canonical":"https:\/\/odraniemen.org\/polacy-na-swiecie\/2023\/12\/14\/wsparcie-dla-polskich-szkol-na-litwie\/","og_locale":"pl_PL","og_type":"article","og_title":"Wsparcie dla polskich szk\u00f3\u0142 na Litwie - Polacy Ponad Granicami","og_description":"W ramach projektu realizowanego z dotacji Instytut Rozwoju J\u0119zyka Polskiego uda\u0142o si\u0119 wesprze\u0107 a\u017c 7 plac\u00f3wek o\u015bwiatowych z Litwy","og_url":"https:\/\/odraniemen.org\/polacy-na-swiecie\/2023\/12\/14\/wsparcie-dla-polskich-szkol-na-litwie\/","og_site_name":"Polacy Ponad Granicami","article_published_time":"2023-12-14T13:39:46+00:00","og_image":[{"width":900,"height":1200,"url":"https:\/\/odraniemen.org\/polacy-na-swiecie\/wp-content\/uploads\/sites\/10\/2024\/02\/Mickiewicz-1.jpg","type":"image\/jpeg"}],"author":"Dominik Rozp\u0119dowski","twitter_card":"summary_large_image","twitter_misc":{"Napisane przez":"Dominik Rozp\u0119dowski","Szacowany czas czytania":"6 minut"},"schema":{"@context":"https:\/\/schema.org","@graph":[{"@type":"Article","@id":"https:\/\/odraniemen.org\/polacy-na-swiecie\/2023\/12\/14\/wsparcie-dla-polskich-szkol-na-litwie\/#article","isPartOf":{"@id":"https:\/\/odraniemen.org\/polacy-na-swiecie\/2023\/12\/14\/wsparcie-dla-polskich-szkol-na-litwie\/"},"author":{"name":"Dominik Rozp\u0119dowski","@id":"https:\/\/odraniemen.org\/polacy-na-swiecie\/#\/schema\/person\/c984700c636a4cedb794a2cb7ab8d986"},"headline":"Wsparcie dla polskich szk\u00f3\u0142 na Litwie","datePublished":"2023-12-14T13:39:46+00:00","dateModified":"2023-12-14T13:39:46+00:00","mainEntityOfPage":{"@id":"https:\/\/odraniemen.org\/polacy-na-swiecie\/2023\/12\/14\/wsparcie-dla-polskich-szkol-na-litwie\/"},"wordCount":244,"publisher":{"@id":"https:\/\/odraniemen.org\/polacy-na-swiecie\/#organization"},"keywords":["instytutkolbego","pomoc","wolontariat","wolontariusze","wsparciengo"],"articleSection":["Aktualno\u015bci","Projekty"],"inLanguage":"pl-PL"},{"@type":"WebPage","@id":"https:\/\/odraniemen.org\/polacy-na-swiecie\/2023\/12\/14\/wsparcie-dla-polskich-szkol-na-litwie\/","url":"https:\/\/odraniemen.org\/polacy-na-swiecie\/2023\/12\/14\/wsparcie-dla-polskich-szkol-na-litwie\/","name":"Wsparcie dla polskich szk\u00f3\u0142 na Litwie - Polacy Ponad Granicami","isPartOf":{"@id":"https:\/\/odraniemen.org\/polacy-na-swiecie\/#website"},"datePublished":"2023-12-14T13:39:46+00:00","dateModified":"2023-12-14T13:39:46+00:00","description":"W ramach projektu realizowanego z dotacji Instytut Rozwoju J\u0119zyka Polskiego uda\u0142o si\u0119 wesprze\u0107 a\u017c 7 plac\u00f3wek o\u015bwiatowych z Litwy","breadcrumb":{"@id":"https:\/\/odraniemen.org\/polacy-na-swiecie\/2023\/12\/14\/wsparcie-dla-polskich-szkol-na-litwie\/#breadcrumb"},"inLanguage":"pl-PL","potentialAction":[{"@type":"ReadAction","target":["https:\/\/odraniemen.org\/polacy-na-swiecie\/2023\/12\/14\/wsparcie-dla-polskich-szkol-na-litwie\/"]}]},{"@type":"BreadcrumbList","@id":"https:\/\/odraniemen.org\/polacy-na-swiecie\/2023\/12\/14\/wsparcie-dla-polskich-szkol-na-litwie\/#breadcrumb","itemListElement":[{"@type":"ListItem","position":1,"name":"Strona g\u0142\u00f3wna","item":"https:\/\/odraniemen.org\/polacy-na-swiecie\/"},{"@type":"ListItem","position":2,"name":"Wsparcie dla polskich szk\u00f3\u0142 na Litwie"}]},{"@type":"WebSite","@id":"https:\/\/odraniemen.org\/polacy-na-swiecie\/#website","url":"https:\/\/odraniemen.org\/polacy-na-swiecie\/","name":"Polacy Ponad Granicami","description":"Kolejna witryna sieci \u201eOdra-Niemen Witryny\u201d","publisher":{"@id":"https:\/\/odraniemen.org\/polacy-na-swiecie\/#organization"},"potentialAction":[{"@type":"SearchAction","target":{"@type":"EntryPoint","urlTemplate":"https:\/\/odraniemen.org\/polacy-na-swiecie\/?s={search_term_string}"},"query-input":"required name=search_term_string"}],"inLanguage":"pl-PL"},{"@type":"Organization","@id":"https:\/\/odraniemen.org\/polacy-na-swiecie\/#organization","name":"Polacy Ponad Granicami","url":"https:\/\/odraniemen.org\/polacy-na-swiecie\/","logo":{"@type":"ImageObject","inLanguage":"pl-PL","@id":"https:\/\/odraniemen.org\/polacy-na-swiecie\/#\/schema\/logo\/image\/","url":"https:\/\/odraniemen.org\/polacy-na-swiecie\/wp-content\/uploads\/sites\/10\/2025\/06\/cropped-Polacy-PONAD-GRANICAMI-logo.png","contentUrl":"https:\/\/odraniemen.org\/polacy-na-swiecie\/wp-content\/uploads\/sites\/10\/2025\/06\/cropped-Polacy-PONAD-GRANICAMI-logo.png","width":1546,"height":454,"caption":"Polacy Ponad Granicami"},"image":{"@id":"https:\/\/odraniemen.org\/polacy-na-swiecie\/#\/schema\/logo\/image\/"}},{"@type":"Person","@id":"https:\/\/odraniemen.org\/polacy-na-swiecie\/#\/schema\/person\/c984700c636a4cedb794a2cb7ab8d986","name":"Dominik Rozp\u0119dowski","image":{"@type":"ImageObject","inLanguage":"pl-PL","@id":"https:\/\/odraniemen.org\/polacy-na-swiecie\/#\/schema\/person\/image\/","url":"https:\/\/secure.gravatar.com\/avatar\/404ca3efd4b3a1b7c0732d658932c622?s=96&d=mm&r=g","contentUrl":"https:\/\/secure.gravatar.com\/avatar\/404ca3efd4b3a1b7c0732d658932c622?s=96&d=mm&r=g","caption":"Dominik Rozp\u0119dowski"},"url":"https:\/\/odraniemen.org\/polacy-na-swiecie\/author\/drozpedowski\/"}]}},"_links":{"self":[{"href":"https:\/\/odraniemen.org\/polacy-na-swiecie\/wp-json\/wp\/v2\/posts\/2869"}],"collection":[{"href":"https:\/\/odraniemen.org\/polacy-na-swiecie\/wp-json\/wp\/v2\/posts"}],"about":[{"href":"https:\/\/odraniemen.org\/polacy-na-swiecie\/wp-json\/wp\/v2\/types\/post"}],"author":[{"embeddable":true,"href":"https:\/\/odraniemen.org\/polacy-na-swiecie\/wp-json\/wp\/v2\/users\/8"}],"replies":[{"embeddable":true,"href":"https:\/\/odraniemen.org\/polacy-na-swiecie\/wp-json\/wp\/v2\/comments?post=2869"}],"version-history":[{"count":1,"href":"https:\/\/odraniemen.org\/polacy-na-swiecie\/wp-json\/wp\/v2\/posts\/2869\/revisions"}],"predecessor-version":[{"id":2886,"href":"https:\/\/odraniemen.org\/polacy-na-swiecie\/wp-json\/wp\/v2\/posts\/2869\/revisions\/2886"}],"wp:featuredmedia":[{"embeddable":true,"href":"https:\/\/odraniemen.org\/polacy-na-swiecie\/wp-json\/wp\/v2\/media\/2885"}],"wp:attachment":[{"href":"https:\/\/odraniemen.org\/polacy-na-swiecie\/wp-json\/wp\/v2\/media?parent=2869"}],"wp:term":[{"taxonomy":"category","embeddable":true,"href":"https:\/\/odraniemen.org\/polacy-na-swiecie\/wp-json\/wp\/v2\/categories?post=2869"},{"taxonomy":"post_tag","embeddable":true,"href":"https:\/\/odraniemen.org\/polacy-na-swiecie\/wp-json\/wp\/v2\/tags?post=2869"}],"curies":[{"name":"wp","href":"https:\/\/api.w.org\/{rel}","templated":true}]}}