
{"id":2889,"date":"2023-12-13T12:41:37","date_gmt":"2023-12-13T11:41:37","guid":{"rendered":"https:\/\/odraniemen.org\/polacy-na-swiecie\/2023\/12\/13\/prace-porzadkowe-cmentarza-na-kukii-w-tbilisi-2\/"},"modified":"2023-12-13T12:41:37","modified_gmt":"2023-12-13T11:41:37","slug":"prace-porzadkowe-cmentarza-na-kukii-w-tbilisi-2","status":"publish","type":"post","link":"https:\/\/odraniemen.org\/polacy-na-swiecie\/2023\/12\/13\/prace-porzadkowe-cmentarza-na-kukii-w-tbilisi-2\/","title":{"rendered":"Prace porz\u0105dkowe cmentarza na Kukii w Tbilisi"},"content":{"rendered":"\t\t<div data-elementor-type=\"wp-post\" data-elementor-id=\"2889\" class=\"elementor elementor-2889\">\n\t\t\t\t\t\t\t\t\t<section class=\"has_eae_slider elementor-section elementor-top-section elementor-element elementor-element-2bf763e elementor-section-full_width elementor-section-height-default elementor-section-height-default\" data-id=\"2bf763e\" data-element_type=\"section\">\n\t\t\t\t\t\t<div class=\"elementor-container elementor-column-gap-no\">\n\t\t\t\t\t<div class=\"has_eae_slider elementor-column elementor-col-100 elementor-top-column elementor-element elementor-element-5863987\" data-id=\"5863987\" data-element_type=\"column\">\n\t\t\t<div class=\"elementor-widget-wrap elementor-element-populated\">\n\t\t\t\t\t\t\t\t<div class=\"elementor-element elementor-element-90b2d4b elementor-widget elementor-widget-text-editor\" data-id=\"90b2d4b\" data-element_type=\"widget\" data-widget_type=\"text-editor.default\">\n\t\t\t\t<div class=\"elementor-widget-container\">\n\t\t\t\t\t\t\t<p>W po\u0142owie wrze\u015bnia grupa wolontariuszy Stowarzyszenia Odra-Niemen \u00a0wylecia\u0142a na 15 dni do Gruzji, gdzie realizowany by\u0142 projekt \u201eRatujemy polskie groby w Tbilisi\u201d wsp\u00f3\u0142finansowany ze \u015brodk\u00f3w <strong>Instytut Polonika<\/strong> z Programu &#8220;Polskie dziedzictwo kulturowe za granic\u0105 \u2013 wolontariat. Edycja 2023&#8221;. Uczestnicy wyprawy pochodzili z r\u00f3\u017cnych stron Polski.<\/p>\t\t\t\t\t\t<\/div>\n\t\t\t\t<\/div>\n\t\t\t\t\t<\/div>\n\t\t<\/div>\n\t\t\t\t\t\t\t<\/div>\n\t\t<\/section>\n\t\t\t\t<section class=\"has_eae_slider elementor-section elementor-top-section elementor-element elementor-element-4b83f2b elementor-section-boxed elementor-section-height-default elementor-section-height-default\" data-id=\"4b83f2b\" data-element_type=\"section\">\n\t\t\t\t\t\t<div class=\"elementor-container elementor-column-gap-no\">\n\t\t\t\t\t<div class=\"has_eae_slider elementor-column elementor-col-100 elementor-top-column elementor-element elementor-element-a233343\" data-id=\"a233343\" data-element_type=\"column\">\n\t\t\t<div class=\"elementor-widget-wrap elementor-element-populated\">\n\t\t\t\t\t\t\t\t<div class=\"elementor-element elementor-element-5ff1e17 elementor-widget elementor-widget-image\" data-id=\"5ff1e17\" data-element_type=\"widget\" data-widget_type=\"image.default\">\n\t\t\t\t<div class=\"elementor-widget-container\">\n\t\t\t\t\t\t\t\t\t\t\t\t\t\t\t\t<a href=\"https:\/\/odraniemen.org\/wp-content\/uploads\/2022\/12\/Gruzja-Odra-Niemen-1.jpg\" data-elementor-open-lightbox=\"yes\" data-e-action-hash=\"#elementor-action%3Aaction%3Dlightbox%26settings%3DeyJpZCI6MzY3NzYsInVybCI6ZmFsc2V9\">\n\t\t\t\t\t\t\t<img decoding=\"async\" src=\"https:\/\/odraniemen.org\/wp-content\/uploads\/2022\/12\/Gruzja-Odra-Niemen-1.jpg\" title=\"\" alt=\"\" loading=\"lazy\" \/>\t\t\t\t\t\t\t\t<\/a>\n\t\t\t\t\t\t\t\t\t\t\t\t\t\t\t<\/div>\n\t\t\t\t<\/div>\n\t\t\t\t\t<\/div>\n\t\t<\/div>\n\t\t\t\t\t\t\t<\/div>\n\t\t<\/section>\n\t\t\t\t<section class=\"has_eae_slider elementor-section elementor-top-section elementor-element elementor-element-c790e52 elementor-section-boxed elementor-section-height-default elementor-section-height-default\" data-id=\"c790e52\" data-element_type=\"section\">\n\t\t\t\t\t\t<div class=\"elementor-container elementor-column-gap-no\">\n\t\t\t\t\t<div class=\"has_eae_slider elementor-column elementor-col-100 elementor-top-column elementor-element elementor-element-ab044c4\" data-id=\"ab044c4\" data-element_type=\"column\">\n\t\t\t<div class=\"elementor-widget-wrap elementor-element-populated\">\n\t\t\t\t\t\t\t\t<div class=\"elementor-element elementor-element-0413879 elementor-widget elementor-widget-heading\" data-id=\"0413879\" data-element_type=\"widget\" data-widget_type=\"heading.default\">\n\t\t\t\t<div class=\"elementor-widget-container\">\n\t\t\t<h2 class=\"elementor-heading-title elementor-size-default\">Przygotowania<\/h2>\t\t<\/div>\n\t\t\t\t<\/div>\n\t\t\t\t<div class=\"elementor-element elementor-element-d67553c elementor-widget elementor-widget-text-editor\" data-id=\"d67553c\" data-element_type=\"widget\" data-widget_type=\"text-editor.default\">\n\t\t\t\t<div class=\"elementor-widget-container\">\n\t\t\t\t\t\t\t<p>Projekt zacz\u0105\u0142 si\u0119 od wytypowania w \u015br\u00f3d zg\u0142osze\u0144 najbardziej zaanga\u017cowanych osob\u00f3b w dzia\u0142ania spo\u0142eczne z r\u00f3\u017cnych cz\u0119\u015bci Polski. Ostatecznie na projekt pojecha\u0142a tr\u00f3jka wolontariuszy z Wroc\u0142awia oraz wytypowani przez partner\u00f3w wolontariusze z Wielkopolski, Mazowsza, Ma\u0142opolski i z woj. Podkarpackiego. Nast\u0119pnie przygotowali\u015bmy list\u0119 niezb\u0119dnych narz\u0119dzi do prac na cmentarzu i dokonali\u015bmy ich zakupu. Nie wszystkie narz\u0119dzia, typu miot\u0142y, grabie czy materia\u0142y jak cement i \u017cwir mog\u0142y by\u0107 przetransportowane drog\u0105 lotnicz\u0105, wi\u0119c przygotowali\u015bmy r\u00f3wnie\u017c list\u0119 takich rzeczy, a ju\u017c na miejscu po wst\u0119pnych ogl\u0119dzinach dokupili\u015bmy brakuj\u0105ce materia\u0142y. Dzi\u0119ki wcze\u015bniej zdobytym kontaktom uda\u0142o si\u0119 zorganizowa\u0107 nocleg w domu w niedalekiej odleg\u0142o\u015bci od miejsca przeprowadzonych prac. Zaplonowali\u015bmy r\u00f3wnie\u017c kwestie wy\u017cywienia oraz transportu na miejsce.\u00a0 \u00a0<\/p>\t\t\t\t\t\t<\/div>\n\t\t\t\t<\/div>\n\t\t\t\t<div class=\"elementor-element elementor-element-5074e13 elementor-widget elementor-widget-image\" data-id=\"5074e13\" data-element_type=\"widget\" data-widget_type=\"image.default\">\n\t\t\t\t<div class=\"elementor-widget-container\">\n\t\t\t\t\t\t\t\t\t\t\t\t\t\t\t\t<a href=\"https:\/\/odraniemen.org\/wp-content\/uploads\/2023\/12\/Georgia-6063.jpg\" data-elementor-open-lightbox=\"yes\" data-e-action-hash=\"#elementor-action%3Aaction%3Dlightbox%26settings%3DeyJpZCI6NDM0OTQsInVybCI6ZmFsc2V9\">\n\t\t\t\t\t\t\t<img decoding=\"async\" src=\"https:\/\/odraniemen.org\/wp-content\/uploads\/2023\/12\/Georgia-6063.jpg\" title=\"\" alt=\"\" loading=\"lazy\" \/>\t\t\t\t\t\t\t\t<\/a>\n\t\t\t\t\t\t\t\t\t\t\t\t\t\t\t<\/div>\n\t\t\t\t<\/div>\n\t\t\t\t\t<\/div>\n\t\t<\/div>\n\t\t\t\t\t\t\t<\/div>\n\t\t<\/section>\n\t\t\t\t<section class=\"has_eae_slider elementor-section elementor-top-section elementor-element elementor-element-bc7fe1c elementor-section-boxed elementor-section-height-default elementor-section-height-default\" data-id=\"bc7fe1c\" data-element_type=\"section\">\n\t\t\t\t\t\t<div class=\"elementor-container elementor-column-gap-default\">\n\t\t\t\t\t<div class=\"has_eae_slider elementor-column elementor-col-100 elementor-top-column elementor-element elementor-element-0535ba1\" data-id=\"0535ba1\" data-element_type=\"column\">\n\t\t\t<div class=\"elementor-widget-wrap elementor-element-populated\">\n\t\t\t\t\t\t\t\t<div class=\"elementor-element elementor-element-584a5b0 elementor-widget elementor-widget-heading\" data-id=\"584a5b0\" data-element_type=\"widget\" data-widget_type=\"heading.default\">\n\t\t\t\t<div class=\"elementor-widget-container\">\n\t\t\t<h2 class=\"elementor-heading-title elementor-size-default\">W Tbilisi<\/h2>\t\t<\/div>\n\t\t\t\t<\/div>\n\t\t\t\t<div class=\"elementor-element elementor-element-30ced83 elementor-widget elementor-widget-text-editor\" data-id=\"30ced83\" data-element_type=\"widget\" data-widget_type=\"text-editor.default\">\n\t\t\t\t<div class=\"elementor-widget-container\">\n\t\t\t\t\t\t\t<p>Do Tbilisi dotarli\u015bmy i zakwaterowali\u015bmy si\u0119\u00a0 w godzinach nocnych. Pierwszego dnia dokonali\u015bmy wizji lokalnej na cmentarzu i przygotowali\u015bmy szczeg\u00f3\u0142owy plan prac na kolejne dni. Wytypowali\u015bmy pierwsze miejsca do renowacji i przydzielili\u015bmy odpowiednio do posiadanych umiej\u0119tno\u015bci prace. Sporz\u0105dzimy r\u00f3wnie\u017c dokumentacj\u0119 fotograficzn\u0105 stanu zastanego wybranych miejsc na cmentarzu. Zaplanowali\u015bmy te\u017c zakup brakuj\u0105cych narz\u0119dzi. W ka\u017cdym kolejnym dniu w kilkuosobowych grupach wolontariusze, pod okiem koordynatora, wykonywali przydzielone im zadania. Prace trwa\u0142y od rana do p\u00f3\u017anego popo\u0142udnia. W miar\u0119 post\u0119pu prac i rozwoju sytuacji odnajdowali\u015bmy kolejne nagrobki Polak\u00f3w, kt\u00f3re nast\u0119pnie odnawiali\u015bmy. W ostatni dzie\u0144 dokonali\u015bmy dokumentacj\u0119 zdj\u0119ciow\u0105 przeprowadzonych prac. Podczas pobytu, dzi\u0119ki spotkaniom z miejscowymi Polakami, m.in. profesor uniwersytetu w Tbilisi Pani Marii Filinie, poznali\u015bmy wiele wa\u017cnych aspekt\u00f3w Polskich \u015blad\u00f3w w Tbilisi. Otrzymali\u015bmy dedykowane ksi\u0105\u017cki autorstwa Pani profesor o losach Polak\u00f3w na Kaukazie oraz o wsp\u00f3\u0142czesnej dzia\u0142alno\u015bci \u015brodowiska polonijnego. Po zako\u0144czeniu prac ca\u0142a grupa uda\u0142a si\u0119 na lotnisko W Tbilisi sk\u0105d przelecieli\u015bmy do Warszawy, a nast\u0119pnie ka\u017cdy z wolontariuszy wr\u00f3ci\u0142 do swojego miejsca zamieszkania.\u00a0<\/p>\t\t\t\t\t\t<\/div>\n\t\t\t\t<\/div>\n\t\t\t\t\t<\/div>\n\t\t<\/div>\n\t\t\t\t\t\t\t<\/div>\n\t\t<\/section>\n\t\t\t\t<section class=\"has_eae_slider elementor-section elementor-top-section elementor-element elementor-element-fa29af4 elementor-section-boxed elementor-section-height-default elementor-section-height-default\" data-id=\"fa29af4\" data-element_type=\"section\">\n\t\t\t\t\t\t<div class=\"elementor-container elementor-column-gap-no\">\n\t\t\t\t\t<div class=\"has_eae_slider elementor-column elementor-col-100 elementor-top-column elementor-element elementor-element-68110e6\" data-id=\"68110e6\" data-element_type=\"column\">\n\t\t\t<div class=\"elementor-widget-wrap elementor-element-populated\">\n\t\t\t\t\t\t\t\t<div class=\"elementor-element elementor-element-b5d29a3 elementor-widget elementor-widget-heading\" data-id=\"b5d29a3\" data-element_type=\"widget\" data-widget_type=\"heading.default\">\n\t\t\t\t<div class=\"elementor-widget-container\">\n\t\t\t<h2 class=\"elementor-heading-title elementor-size-default\">Groby Polak\u00f3w na cmentarzu Kuki<\/h2>\t\t<\/div>\n\t\t\t\t<\/div>\n\t\t\t\t<div class=\"elementor-element elementor-element-4dba855 elementor-widget elementor-widget-text-editor\" data-id=\"4dba855\" data-element_type=\"widget\" data-widget_type=\"text-editor.default\">\n\t\t\t\t<div class=\"elementor-widget-container\">\n\t\t\t\t\t\t\t<p>W\u015br\u00f3d nagrobk\u00f3w, kt\u00f3re obj\u0119li\u015bmy renowacj\u0105 najwi\u0119ksza cz\u0119\u015b\u0107 pochodzi\u0142a z prze\u0142omu XIX i XX wieku. Spoczywa w nich bardzo szeroki przekr\u00f3j spo\u0142ecze\u0144stwa.\u00a0<br \/>W\u015br\u00f3d 90 zachowanych polskich mogi\u0142 na Cmentarzu Kukijskim przekr\u00f3j spo\u0142ecze\u0144stwa jest bardzo du\u017cy \u2013 od dzieci, poprzez ojca, kt\u00f3ry przeszed\u0142 wielk\u0105 tragedi\u0119 czy ksi\u0119dza, kt\u00f3ry wykona\u0142 ogromn\u0105 prac\u0119 w budowie ko\u015bcio\u0142a po urz\u0119dnik\u00f3w pa\u0144stwowych, wojskowych i rewolucjonist\u00f3w, kt\u00f3rzy zostali tu zes\u0142ani przez carskie w\u0142adze. r\u00f3\u017cnorodno\u015bci mo\u017ce \u015bwiadczy\u0107 tak\u017ce fakt, \u017ce inskrypcje na nagrobkach s\u0105 pisane w trzech j\u0119zykach \u2013 polskim, gruzi\u0144skim oraz rosyjskim.<\/p>\t\t\t\t\t\t<\/div>\n\t\t\t\t<\/div>\n\t\t\t\t<div class=\"elementor-element elementor-element-87f31a3 elementor-pagination-position-outside elementor-widget elementor-widget-image-carousel\" data-id=\"87f31a3\" data-element_type=\"widget\" data-settings=\"{&quot;slides_to_show&quot;:&quot;1&quot;,&quot;autoplay_speed&quot;:3000,&quot;navigation&quot;:&quot;dots&quot;,&quot;effect&quot;:&quot;fade&quot;,&quot;autoplay&quot;:&quot;yes&quot;,&quot;pause_on_hover&quot;:&quot;yes&quot;,&quot;pause_on_interaction&quot;:&quot;yes&quot;,&quot;infinite&quot;:&quot;yes&quot;,&quot;speed&quot;:500}\" data-widget_type=\"image-carousel.default\">\n\t\t\t\t<div class=\"elementor-widget-container\">\n\t\t\t\t\t<div class=\"elementor-image-carousel-wrapper swiper-container\" dir=\"ltr\">\n\t\t\t<div class=\"elementor-image-carousel swiper-wrapper\" aria-live=\"off\">\n\t\t\t\t\t\t\t\t<div class=\"swiper-slide\" role=\"group\" aria-roledescription=\"slide\" aria-label=\"1 of 12\"><figure class=\"swiper-slide-inner\"><img decoding=\"async\" class=\"swiper-slide-image\" src=\"https:\/\/odraniemen.org\/wp-content\/uploads\/2023\/12\/prace-na-cmentarzu-Kukii-74-of-192.jpg\" alt=\"\" \/><\/figure><\/div><div class=\"swiper-slide\" role=\"group\" aria-roledescription=\"slide\" aria-label=\"2 of 12\"><figure class=\"swiper-slide-inner\"><img decoding=\"async\" class=\"swiper-slide-image\" src=\"https:\/\/odraniemen.org\/wp-content\/uploads\/2023\/12\/prace-na-cmentarzu-Kukii-77-of-192.jpg\" alt=\"\" \/><\/figure><\/div><div class=\"swiper-slide\" role=\"group\" aria-roledescription=\"slide\" aria-label=\"3 of 12\"><figure class=\"swiper-slide-inner\"><img decoding=\"async\" class=\"swiper-slide-image\" src=\"https:\/\/odraniemen.org\/wp-content\/uploads\/2023\/12\/prace-na-cmentarzu-Kukii-81-of-192-kopia.jpg\" alt=\"\" \/><\/figure><\/div><div class=\"swiper-slide\" role=\"group\" aria-roledescription=\"slide\" aria-label=\"4 of 12\"><figure class=\"swiper-slide-inner\"><img decoding=\"async\" class=\"swiper-slide-image\" src=\"https:\/\/odraniemen.org\/wp-content\/uploads\/2023\/12\/prace-na-cmentarzu-Kukii-87-of-192.jpg\" alt=\"\" \/><\/figure><\/div><div class=\"swiper-slide\" role=\"group\" aria-roledescription=\"slide\" aria-label=\"5 of 12\"><figure class=\"swiper-slide-inner\"><img decoding=\"async\" class=\"swiper-slide-image\" src=\"https:\/\/odraniemen.org\/wp-content\/uploads\/2023\/12\/prace-na-cmentarzu-Kukii-91-of-192.jpg\" alt=\"\" \/><\/figure><\/div><div class=\"swiper-slide\" role=\"group\" aria-roledescription=\"slide\" aria-label=\"6 of 12\"><figure class=\"swiper-slide-inner\"><img decoding=\"async\" class=\"swiper-slide-image\" src=\"https:\/\/odraniemen.org\/wp-content\/uploads\/2023\/12\/prace-na-cmentarzu-Kukii-115-of-192.jpg\" alt=\"\" \/><\/figure><\/div><div class=\"swiper-slide\" role=\"group\" aria-roledescription=\"slide\" aria-label=\"7 of 12\"><figure class=\"swiper-slide-inner\"><img decoding=\"async\" class=\"swiper-slide-image\" src=\"https:\/\/odraniemen.org\/wp-content\/uploads\/2023\/12\/prace-na-cmentarzu-Kukii-130-of-192.jpg\" alt=\"\" \/><\/figure><\/div><div class=\"swiper-slide\" role=\"group\" aria-roledescription=\"slide\" aria-label=\"8 of 12\"><figure class=\"swiper-slide-inner\"><img decoding=\"async\" class=\"swiper-slide-image\" src=\"https:\/\/odraniemen.org\/wp-content\/uploads\/2023\/12\/prace-na-cmentarzu-Kukii-142-of-192.jpg\" alt=\"\" \/><\/figure><\/div><div class=\"swiper-slide\" role=\"group\" aria-roledescription=\"slide\" aria-label=\"9 of 12\"><figure class=\"swiper-slide-inner\"><img decoding=\"async\" class=\"swiper-slide-image\" src=\"https:\/\/odraniemen.org\/wp-content\/uploads\/2023\/12\/prace-na-cmentarzu-Kukii-155-of-192.jpg\" alt=\"\" \/><\/figure><\/div><div class=\"swiper-slide\" role=\"group\" aria-roledescription=\"slide\" aria-label=\"10 of 12\"><figure class=\"swiper-slide-inner\"><img decoding=\"async\" class=\"swiper-slide-image\" src=\"https:\/\/odraniemen.org\/wp-content\/uploads\/2023\/12\/prace-na-cmentarzu-Kukii-157-of-192.jpg\" alt=\"\" \/><\/figure><\/div><div class=\"swiper-slide\" role=\"group\" aria-roledescription=\"slide\" aria-label=\"11 of 12\"><figure class=\"swiper-slide-inner\"><img decoding=\"async\" class=\"swiper-slide-image\" src=\"https:\/\/odraniemen.org\/wp-content\/uploads\/2023\/12\/prace-na-cmentarzu-Kukii-173-of-192.jpg\" alt=\"\" \/><\/figure><\/div><div class=\"swiper-slide\" role=\"group\" aria-roledescription=\"slide\" aria-label=\"12 of 12\"><figure class=\"swiper-slide-inner\"><img decoding=\"async\" class=\"swiper-slide-image\" src=\"https:\/\/odraniemen.org\/wp-content\/uploads\/2023\/12\/prace-na-cmentarzu-Kukii-11-of-192.jpg\" alt=\"\" \/><\/figure><\/div>\t\t\t<\/div>\n\t\t\t\t\t\t\t\n\t\t\t\t\t\t\t\t\t<div class=\"swiper-pagination\"><\/div>\n\t\t\t\t\t\t\t\t\t<\/div>\n\t\t\t\t<\/div>\n\t\t\t\t<\/div>\n\t\t\t\t\t<\/div>\n\t\t<\/div>\n\t\t\t\t\t\t\t<\/div>\n\t\t<\/section>\n\t\t\t\t<section class=\"has_eae_slider elementor-section elementor-top-section elementor-element elementor-element-5bd1896 elementor-section-boxed elementor-section-height-default elementor-section-height-default\" data-id=\"5bd1896\" data-element_type=\"section\">\n\t\t\t\t\t\t<div class=\"elementor-container elementor-column-gap-no\">\n\t\t\t\t\t<div class=\"has_eae_slider elementor-column elementor-col-100 elementor-top-column elementor-element elementor-element-cd5e915\" data-id=\"cd5e915\" data-element_type=\"column\">\n\t\t\t<div class=\"elementor-widget-wrap elementor-element-populated\">\n\t\t\t\t\t\t\t\t<div class=\"elementor-element elementor-element-fd92f7c elementor-widget elementor-widget-text-editor\" data-id=\"fd92f7c\" data-element_type=\"widget\" data-widget_type=\"text-editor.default\">\n\t\t\t\t<div class=\"elementor-widget-container\">\n\t\t\t\t\t\t\t<p>W ostatnich dniach prac do naszej ekipy do\u0142\u0105czyli r\u00f3wnie\u017c m\u0142odzi wolontariusze z Polskiej szko\u0142y w Tbilisi oraz wolontariusze z misji Kamilian\u00f3w, kt\u00f3rej szefem jest Ojciec Pawe\u0142 Dyl,\u00a0 Razem na wszystkich polskich grobach, kt\u00f3re zlokalizowali\u015bmy , zawiesili\u015bmy bia\u0142o-czerwone opaski. Towarzyszy\u0142 nam na cmentarzu r\u00f3wnie\u017c Polak urodzony w Gruzji Miko\u0142aj Koz\u0142owski oraz Nodari &#8211; miejscowy Asyryjczyk.<\/p>\t\t\t\t\t\t<\/div>\n\t\t\t\t<\/div>\n\t\t\t\t<div class=\"elementor-element elementor-element-cba58c7 elementor-arrows-position-inside elementor-pagination-position-outside elementor-widget elementor-widget-image-carousel\" data-id=\"cba58c7\" data-element_type=\"widget\" data-settings=\"{&quot;slides_to_show&quot;:&quot;2&quot;,&quot;slides_to_scroll&quot;:&quot;1&quot;,&quot;autoplay_speed&quot;:3000,&quot;navigation&quot;:&quot;both&quot;,&quot;autoplay&quot;:&quot;yes&quot;,&quot;pause_on_hover&quot;:&quot;yes&quot;,&quot;pause_on_interaction&quot;:&quot;yes&quot;,&quot;infinite&quot;:&quot;yes&quot;,&quot;speed&quot;:500,&quot;image_spacing_custom&quot;:{&quot;unit&quot;:&quot;px&quot;,&quot;size&quot;:20,&quot;sizes&quot;:[]},&quot;image_spacing_custom_tablet&quot;:{&quot;unit&quot;:&quot;px&quot;,&quot;size&quot;:&quot;&quot;,&quot;sizes&quot;:[]},&quot;image_spacing_custom_mobile&quot;:{&quot;unit&quot;:&quot;px&quot;,&quot;size&quot;:&quot;&quot;,&quot;sizes&quot;:[]}}\" data-widget_type=\"image-carousel.default\">\n\t\t\t\t<div class=\"elementor-widget-container\">\n\t\t\t\t\t<div class=\"elementor-image-carousel-wrapper swiper-container\" dir=\"ltr\">\n\t\t\t<div class=\"elementor-image-carousel swiper-wrapper\" aria-live=\"off\">\n\t\t\t\t\t\t\t\t<div class=\"swiper-slide\" role=\"group\" aria-roledescription=\"slide\" aria-label=\"1 of 16\"><figure class=\"swiper-slide-inner\"><img decoding=\"async\" class=\"swiper-slide-image\" src=\"https:\/\/odraniemen.org\/wp-content\/uploads\/2023\/12\/Georgia-4248.jpg\" alt=\"\" \/><\/figure><\/div><div class=\"swiper-slide\" role=\"group\" aria-roledescription=\"slide\" aria-label=\"2 of 16\"><figure class=\"swiper-slide-inner\"><img decoding=\"async\" class=\"swiper-slide-image\" src=\"https:\/\/odraniemen.org\/wp-content\/uploads\/2023\/12\/Georgia-4297.jpg\" alt=\"\" \/><\/figure><\/div><div class=\"swiper-slide\" role=\"group\" aria-roledescription=\"slide\" aria-label=\"3 of 16\"><figure class=\"swiper-slide-inner\"><img decoding=\"async\" class=\"swiper-slide-image\" src=\"https:\/\/odraniemen.org\/wp-content\/uploads\/2023\/12\/Georgia-4323.jpg\" alt=\"\" \/><\/figure><\/div><div class=\"swiper-slide\" role=\"group\" aria-roledescription=\"slide\" aria-label=\"4 of 16\"><figure class=\"swiper-slide-inner\"><img decoding=\"async\" class=\"swiper-slide-image\" src=\"https:\/\/odraniemen.org\/wp-content\/uploads\/2023\/12\/Georgia-4851.jpg\" alt=\"\" \/><\/figure><\/div><div class=\"swiper-slide\" role=\"group\" aria-roledescription=\"slide\" aria-label=\"5 of 16\"><figure class=\"swiper-slide-inner\"><img decoding=\"async\" class=\"swiper-slide-image\" src=\"https:\/\/odraniemen.org\/wp-content\/uploads\/2023\/12\/Georgia-4860.jpg\" alt=\"\" \/><\/figure><\/div><div class=\"swiper-slide\" role=\"group\" aria-roledescription=\"slide\" aria-label=\"6 of 16\"><figure class=\"swiper-slide-inner\"><img decoding=\"async\" class=\"swiper-slide-image\" src=\"https:\/\/odraniemen.org\/wp-content\/uploads\/2023\/12\/Georgia-5988.jpg\" alt=\"\" \/><\/figure><\/div><div class=\"swiper-slide\" role=\"group\" aria-roledescription=\"slide\" aria-label=\"7 of 16\"><figure class=\"swiper-slide-inner\"><img decoding=\"async\" class=\"swiper-slide-image\" src=\"https:\/\/odraniemen.org\/wp-content\/uploads\/2023\/12\/Georgia-5994.jpg\" alt=\"\" \/><\/figure><\/div><div class=\"swiper-slide\" role=\"group\" aria-roledescription=\"slide\" aria-label=\"8 of 16\"><figure class=\"swiper-slide-inner\"><img decoding=\"async\" class=\"swiper-slide-image\" src=\"https:\/\/odraniemen.org\/wp-content\/uploads\/2023\/12\/Georgia-6007.jpg\" alt=\"\" \/><\/figure><\/div><div class=\"swiper-slide\" role=\"group\" aria-roledescription=\"slide\" aria-label=\"9 of 16\"><figure class=\"swiper-slide-inner\"><img decoding=\"async\" class=\"swiper-slide-image\" src=\"https:\/\/odraniemen.org\/wp-content\/uploads\/2023\/12\/Georgia-6009.jpg\" alt=\"\" \/><\/figure><\/div><div class=\"swiper-slide\" role=\"group\" aria-roledescription=\"slide\" aria-label=\"10 of 16\"><figure class=\"swiper-slide-inner\"><img decoding=\"async\" class=\"swiper-slide-image\" src=\"https:\/\/odraniemen.org\/wp-content\/uploads\/2023\/12\/Georgia-6015.jpg\" alt=\"\" \/><\/figure><\/div><div class=\"swiper-slide\" role=\"group\" aria-roledescription=\"slide\" aria-label=\"11 of 16\"><figure class=\"swiper-slide-inner\"><img decoding=\"async\" class=\"swiper-slide-image\" src=\"https:\/\/odraniemen.org\/wp-content\/uploads\/2023\/12\/Georgia-6027.jpg\" alt=\"\" \/><\/figure><\/div><div class=\"swiper-slide\" role=\"group\" aria-roledescription=\"slide\" aria-label=\"12 of 16\"><figure class=\"swiper-slide-inner\"><img decoding=\"async\" class=\"swiper-slide-image\" src=\"https:\/\/odraniemen.org\/wp-content\/uploads\/2023\/12\/Georgia-6029.jpg\" alt=\"\" \/><\/figure><\/div><div class=\"swiper-slide\" role=\"group\" aria-roledescription=\"slide\" aria-label=\"13 of 16\"><figure class=\"swiper-slide-inner\"><img decoding=\"async\" class=\"swiper-slide-image\" src=\"https:\/\/odraniemen.org\/wp-content\/uploads\/2023\/12\/Georgia-6036.jpg\" alt=\"\" \/><\/figure><\/div><div class=\"swiper-slide\" role=\"group\" aria-roledescription=\"slide\" aria-label=\"14 of 16\"><figure class=\"swiper-slide-inner\"><img decoding=\"async\" class=\"swiper-slide-image\" src=\"https:\/\/odraniemen.org\/wp-content\/uploads\/2023\/12\/Georgia-6043.jpg\" alt=\"\" \/><\/figure><\/div><div class=\"swiper-slide\" role=\"group\" aria-roledescription=\"slide\" aria-label=\"15 of 16\"><figure class=\"swiper-slide-inner\"><img decoding=\"async\" class=\"swiper-slide-image\" src=\"https:\/\/odraniemen.org\/wp-content\/uploads\/2023\/12\/Georgia-6049.jpg\" alt=\"\" \/><\/figure><\/div><div class=\"swiper-slide\" role=\"group\" aria-roledescription=\"slide\" aria-label=\"16 of 16\"><figure class=\"swiper-slide-inner\"><img decoding=\"async\" class=\"swiper-slide-image\" src=\"https:\/\/odraniemen.org\/wp-content\/uploads\/2023\/12\/Georgia-6054.jpg\" alt=\"\" \/><\/figure><\/div>\t\t\t<\/div>\n\t\t\t\t\t\t\t\t\t\t\t\t<div class=\"elementor-swiper-button elementor-swiper-button-prev\" role=\"button\" tabindex=\"0\">\n\t\t\t\t\t\t<i aria-hidden=\"true\" class=\"eicon-chevron-left\"><\/i>\t\t\t\t\t<\/div>\n\t\t\t\t\t<div class=\"elementor-swiper-button elementor-swiper-button-next\" role=\"button\" tabindex=\"0\">\n\t\t\t\t\t\t<i aria-hidden=\"true\" class=\"eicon-chevron-right\"><\/i>\t\t\t\t\t<\/div>\n\t\t\t\t\n\t\t\t\t\t\t\t\t\t<div class=\"swiper-pagination\"><\/div>\n\t\t\t\t\t\t\t\t\t<\/div>\n\t\t\t\t<\/div>\n\t\t\t\t<\/div>\n\t\t\t\t\t<\/div>\n\t\t<\/div>\n\t\t\t\t\t\t\t<\/div>\n\t\t<\/section>\n\t\t\t\t<section class=\"has_eae_slider elementor-section elementor-top-section elementor-element elementor-element-730c205 elementor-section-full_width elementor-section-height-default elementor-section-height-default\" data-id=\"730c205\" data-element_type=\"section\">\n\t\t\t\t\t\t<div class=\"elementor-container elementor-column-gap-default\">\n\t\t\t\t\t<div class=\"has_eae_slider elementor-column elementor-col-100 elementor-top-column elementor-element elementor-element-5301ef5\" data-id=\"5301ef5\" data-element_type=\"column\">\n\t\t\t<div class=\"elementor-widget-wrap elementor-element-populated\">\n\t\t\t\t\t\t\t\t<div class=\"elementor-element elementor-element-dc00c7b elementor-widget elementor-widget-heading\" data-id=\"dc00c7b\" data-element_type=\"widget\" data-widget_type=\"heading.default\">\n\t\t\t\t<div class=\"elementor-widget-container\">\n\t\t\t<h2 class=\"elementor-heading-title elementor-size-default\">Podsumowanie<\/h2>\t\t<\/div>\n\t\t\t\t<\/div>\n\t\t\t\t<div class=\"elementor-element elementor-element-8f2ee70 elementor-widget elementor-widget-text-editor\" data-id=\"8f2ee70\" data-element_type=\"widget\" data-widget_type=\"text-editor.default\">\n\t\t\t\t<div class=\"elementor-widget-container\">\n\t\t\t\t\t\t\t<p>W sumie nasza grupa sp\u0119dzi\u0142a 15 dni\u00a0 w Tbilisi, w tym 12 dni pracowali\u015bmy na Cmentarzu Kukijskim.\u00a0 Zaanga\u017cowanych w prace porz\u0105dkowe by\u0142o 8 wolontariuszy z Polski oraz kilkunastu ze spo\u0142eczno\u015bci lokalnej. Podczas wyjazdu zosta\u0142o przeprowadzone\u00a0 szkolenie\u00a0 dla wolontariuszy projektu, Uporz\u0105dkowali\u015bmy cz\u0119\u015bci 1 nekropolii w Gruzji. \u0141\u0105cznie odnowili\u015bmy 15 miejsc, w kt\u00f3rych pochowani byli Polacy. W projekcie wzi\u0119\u0142o udzia\u0142 dw\u00f3ch partner\u00f3w pozarz\u0105dowych Z oddzia\u0142u wielkopolskiego Odra Niemen oraz Oddzia\u0142u Mazowieckiego Odra Niemen.<\/p><p>W wyniku przyjazdu na cmentarz w Tbilisi w 2022 i 2023 roku, wolontariusze stowarzyszenia uporz\u0105dkowali \u0142\u0105cznie 30 grob\u00f3w. Odszukana zosta\u0142a ich ponad setka. Poznano przedstawicieli Polonii w Tbilisi. Na co dzie\u0144 o nagrobki dba grupa uczni\u00f3w polskiej szko\u0142y im. \u015aw. Kr\u00f3lowej Jadwigi w Tbilisi na czele z pani\u0105 dyrektor Nukri Gabunia. Sw\u00f3j udzia\u0142 w upami\u0119tnieniu miejsca maj\u0105 tak\u017ce przedstawiciele Ambasady RP w Tbilisi. Nad wszystkim czuwa spo\u0142eczny opiekun cmentarza \u2013 niezwyk\u0142y Nodarij.\u00a0<\/p>\t\t\t\t\t\t<\/div>\n\t\t\t\t<\/div>\n\t\t\t\t\t<\/div>\n\t\t<\/div>\n\t\t\t\t\t\t\t<\/div>\n\t\t<\/section>\n\t\t\t\t<section class=\"has_eae_slider elementor-section elementor-top-section elementor-element elementor-element-6d2cf04 elementor-section-boxed elementor-section-height-default elementor-section-height-default\" data-id=\"6d2cf04\" data-element_type=\"section\">\n\t\t\t\t\t\t<div class=\"elementor-container elementor-column-gap-default\">\n\t\t\t\t\t<div class=\"has_eae_slider elementor-column elementor-col-50 elementor-top-column elementor-element elementor-element-f774748\" data-id=\"f774748\" data-element_type=\"column\">\n\t\t\t<div class=\"elementor-widget-wrap elementor-element-populated\">\n\t\t\t\t\t\t\t\t<div class=\"elementor-element elementor-element-29e4609 elementor-widget elementor-widget-heading\" data-id=\"29e4609\" data-element_type=\"widget\" data-widget_type=\"heading.default\">\n\t\t\t\t<div class=\"elementor-widget-container\">\n\t\t\t<h2 class=\"elementor-heading-title elementor-size-default\">Miejsca przed rozpocz\u0119ciem prac<\/h2>\t\t<\/div>\n\t\t\t\t<\/div>\n\t\t\t\t<div class=\"elementor-element elementor-element-ffb8375 elementor-arrows-position-inside elementor-pagination-position-outside elementor-widget elementor-widget-image-carousel\" data-id=\"ffb8375\" data-element_type=\"widget\" data-settings=\"{&quot;slides_to_show&quot;:&quot;1&quot;,&quot;autoplay_speed&quot;:3000,&quot;effect&quot;:&quot;fade&quot;,&quot;navigation&quot;:&quot;both&quot;,&quot;autoplay&quot;:&quot;yes&quot;,&quot;pause_on_hover&quot;:&quot;yes&quot;,&quot;pause_on_interaction&quot;:&quot;yes&quot;,&quot;infinite&quot;:&quot;yes&quot;,&quot;speed&quot;:500}\" data-widget_type=\"image-carousel.default\">\n\t\t\t\t<div class=\"elementor-widget-container\">\n\t\t\t\t\t<div class=\"elementor-image-carousel-wrapper swiper-container\" dir=\"ltr\">\n\t\t\t<div class=\"elementor-image-carousel swiper-wrapper\" aria-live=\"off\">\n\t\t\t\t\t\t\t\t<div class=\"swiper-slide\" role=\"group\" aria-roledescription=\"slide\" aria-label=\"1 of 6\"><figure class=\"swiper-slide-inner\"><img decoding=\"async\" class=\"swiper-slide-image\" src=\"https:\/\/odraniemen.org\/wp-content\/uploads\/2023\/12\/prace-na-cmentarzu-Kukii-5-of-192.jpg\" alt=\"\" \/><\/figure><\/div><div class=\"swiper-slide\" role=\"group\" aria-roledescription=\"slide\" aria-label=\"2 of 6\"><figure class=\"swiper-slide-inner\"><img decoding=\"async\" class=\"swiper-slide-image\" src=\"https:\/\/odraniemen.org\/wp-content\/uploads\/2023\/12\/prace-na-cmentarzu-Kukii-23-of-192.jpg\" alt=\"\" \/><\/figure><\/div><div class=\"swiper-slide\" role=\"group\" aria-roledescription=\"slide\" aria-label=\"3 of 6\"><figure class=\"swiper-slide-inner\"><img decoding=\"async\" class=\"swiper-slide-image\" src=\"https:\/\/odraniemen.org\/wp-content\/uploads\/2023\/12\/prace-na-cmentarzu-Kukii-27-of-192.jpg\" alt=\"\" \/><\/figure><\/div><div class=\"swiper-slide\" role=\"group\" aria-roledescription=\"slide\" aria-label=\"4 of 6\"><figure class=\"swiper-slide-inner\"><img decoding=\"async\" class=\"swiper-slide-image\" src=\"https:\/\/odraniemen.org\/wp-content\/uploads\/2023\/12\/prace-na-cmentarzu-Kukii-44-of-192.jpg\" alt=\"\" \/><\/figure><\/div><div class=\"swiper-slide\" role=\"group\" aria-roledescription=\"slide\" aria-label=\"5 of 6\"><figure class=\"swiper-slide-inner\"><img decoding=\"async\" class=\"swiper-slide-image\" src=\"https:\/\/odraniemen.org\/wp-content\/uploads\/2023\/12\/prace-na-cmentarzu-Kukii-71-of-192.jpg\" alt=\"\" \/><\/figure><\/div><div class=\"swiper-slide\" role=\"group\" aria-roledescription=\"slide\" aria-label=\"6 of 6\"><figure class=\"swiper-slide-inner\"><img decoding=\"async\" class=\"swiper-slide-image\" src=\"https:\/\/odraniemen.org\/wp-content\/uploads\/2023\/12\/prace-na-cmentarzu-Kukii-96-of-192.jpg\" alt=\"\" \/><\/figure><\/div>\t\t\t<\/div>\n\t\t\t\t\t\t\t\t\t\t\t\t<div class=\"elementor-swiper-button elementor-swiper-button-prev\" role=\"button\" tabindex=\"0\">\n\t\t\t\t\t\t<i aria-hidden=\"true\" class=\"eicon-chevron-left\"><\/i>\t\t\t\t\t<\/div>\n\t\t\t\t\t<div class=\"elementor-swiper-button elementor-swiper-button-next\" role=\"button\" tabindex=\"0\">\n\t\t\t\t\t\t<i aria-hidden=\"true\" class=\"eicon-chevron-right\"><\/i>\t\t\t\t\t<\/div>\n\t\t\t\t\n\t\t\t\t\t\t\t\t\t<div class=\"swiper-pagination\"><\/div>\n\t\t\t\t\t\t\t\t\t<\/div>\n\t\t\t\t<\/div>\n\t\t\t\t<\/div>\n\t\t\t\t\t<\/div>\n\t\t<\/div>\n\t\t\t\t<div class=\"has_eae_slider elementor-column elementor-col-50 elementor-top-column elementor-element elementor-element-e1646f4\" data-id=\"e1646f4\" data-element_type=\"column\">\n\t\t\t<div class=\"elementor-widget-wrap elementor-element-populated\">\n\t\t\t\t\t\t\t\t<div class=\"elementor-element elementor-element-25cd615 elementor-widget elementor-widget-heading\" data-id=\"25cd615\" data-element_type=\"widget\" data-widget_type=\"heading.default\">\n\t\t\t\t<div class=\"elementor-widget-container\">\n\t\t\t<h2 class=\"elementor-heading-title elementor-size-default\">Miejsca po zako\u0144czeniu prac porz\u0105dkowych<\/h2>\t\t<\/div>\n\t\t\t\t<\/div>\n\t\t\t\t<div class=\"elementor-element elementor-element-4961cb3 elementor-arrows-position-inside elementor-pagination-position-outside elementor-widget elementor-widget-image-carousel\" data-id=\"4961cb3\" data-element_type=\"widget\" data-settings=\"{&quot;slides_to_show&quot;:&quot;1&quot;,&quot;autoplay_speed&quot;:3000,&quot;effect&quot;:&quot;fade&quot;,&quot;navigation&quot;:&quot;both&quot;,&quot;autoplay&quot;:&quot;yes&quot;,&quot;pause_on_hover&quot;:&quot;yes&quot;,&quot;pause_on_interaction&quot;:&quot;yes&quot;,&quot;infinite&quot;:&quot;yes&quot;,&quot;speed&quot;:500}\" data-widget_type=\"image-carousel.default\">\n\t\t\t\t<div class=\"elementor-widget-container\">\n\t\t\t\t\t<div class=\"elementor-image-carousel-wrapper swiper-container\" dir=\"ltr\">\n\t\t\t<div class=\"elementor-image-carousel swiper-wrapper\" aria-live=\"off\">\n\t\t\t\t\t\t\t\t<div class=\"swiper-slide\" role=\"group\" aria-roledescription=\"slide\" aria-label=\"1 of 6\"><figure class=\"swiper-slide-inner\"><img decoding=\"async\" class=\"swiper-slide-image\" src=\"https:\/\/odraniemen.org\/wp-content\/uploads\/2023\/12\/prace-na-cmentarzu-Kukii-106-of-192.jpg\" alt=\"\" \/><\/figure><\/div><div class=\"swiper-slide\" role=\"group\" aria-roledescription=\"slide\" aria-label=\"2 of 6\"><figure class=\"swiper-slide-inner\"><img decoding=\"async\" class=\"swiper-slide-image\" src=\"https:\/\/odraniemen.org\/wp-content\/uploads\/2023\/12\/prace-na-cmentarzu-Kukii-145-of-192.jpg\" alt=\"\" \/><\/figure><\/div><div class=\"swiper-slide\" role=\"group\" aria-roledescription=\"slide\" aria-label=\"3 of 6\"><figure class=\"swiper-slide-inner\"><img decoding=\"async\" class=\"swiper-slide-image\" src=\"https:\/\/odraniemen.org\/wp-content\/uploads\/2023\/12\/prace-na-cmentarzu-Kukii-176-of-192.jpg\" alt=\"\" \/><\/figure><\/div><div class=\"swiper-slide\" role=\"group\" aria-roledescription=\"slide\" aria-label=\"4 of 6\"><figure class=\"swiper-slide-inner\"><img decoding=\"async\" class=\"swiper-slide-image\" src=\"https:\/\/odraniemen.org\/wp-content\/uploads\/2023\/12\/prace-na-cmentarzu-Kukii-187-of-192.jpg\" alt=\"\" \/><\/figure><\/div><div class=\"swiper-slide\" role=\"group\" aria-roledescription=\"slide\" aria-label=\"5 of 6\"><figure class=\"swiper-slide-inner\"><img decoding=\"async\" class=\"swiper-slide-image\" src=\"https:\/\/odraniemen.org\/wp-content\/uploads\/2023\/12\/prace-na-cmentarzu-Kukii-189-of-192.jpg\" alt=\"\" \/><\/figure><\/div><div class=\"swiper-slide\" role=\"group\" aria-roledescription=\"slide\" aria-label=\"6 of 6\"><figure class=\"swiper-slide-inner\"><img decoding=\"async\" class=\"swiper-slide-image\" src=\"https:\/\/odraniemen.org\/wp-content\/uploads\/2023\/12\/prace-na-cmentarzu-Kukii-191-of-192.jpg\" alt=\"\" \/><\/figure><\/div>\t\t\t<\/div>\n\t\t\t\t\t\t\t\t\t\t\t\t<div class=\"elementor-swiper-button elementor-swiper-button-prev\" role=\"button\" tabindex=\"0\">\n\t\t\t\t\t\t<i aria-hidden=\"true\" class=\"eicon-chevron-left\"><\/i>\t\t\t\t\t<\/div>\n\t\t\t\t\t<div class=\"elementor-swiper-button elementor-swiper-button-next\" role=\"button\" tabindex=\"0\">\n\t\t\t\t\t\t<i aria-hidden=\"true\" class=\"eicon-chevron-right\"><\/i>\t\t\t\t\t<\/div>\n\t\t\t\t\n\t\t\t\t\t\t\t\t\t<div class=\"swiper-pagination\"><\/div>\n\t\t\t\t\t\t\t\t\t<\/div>\n\t\t\t\t<\/div>\n\t\t\t\t<\/div>\n\t\t\t\t\t<\/div>\n\t\t<\/div>\n\t\t\t\t\t\t\t<\/div>\n\t\t<\/section>\n\t\t\t\t<section class=\"has_eae_slider elementor-section elementor-top-section elementor-element elementor-element-6c5c3ae elementor-section-boxed elementor-section-height-default elementor-section-height-default\" data-id=\"6c5c3ae\" data-element_type=\"section\">\n\t\t\t\t\t\t<div class=\"elementor-container elementor-column-gap-default\">\n\t\t\t\t\t<div class=\"has_eae_slider elementor-column elementor-col-100 elementor-top-column elementor-element elementor-element-01f0241\" data-id=\"01f0241\" data-element_type=\"column\">\n\t\t\t<div class=\"elementor-widget-wrap elementor-element-populated\">\n\t\t\t\t\t\t\t\t<div class=\"elementor-element elementor-element-2aba2d9 elementor-widget elementor-widget-heading\" data-id=\"2aba2d9\" data-element_type=\"widget\" data-widget_type=\"heading.default\">\n\t\t\t\t<div class=\"elementor-widget-container\">\n\t\t\t<h2 class=\"elementor-heading-title elementor-size-default\">Promocja projektu<\/h2>\t\t<\/div>\n\t\t\t\t<\/div>\n\t\t\t\t<div class=\"elementor-element elementor-element-1a3d1f2 elementor-widget elementor-widget-text-editor\" data-id=\"1a3d1f2\" data-element_type=\"widget\" data-widget_type=\"text-editor.default\">\n\t\t\t\t<div class=\"elementor-widget-container\">\n\t\t\t\t\t\t\t<p>Projekt ten na bie\u017c\u0105c\u0105 by\u0142 promowany\u00a0 i relacjonowany w mediach spo\u0142eczno\u015bciowych Stowarzyszenia Odra Niemen. Posty z relacji prac na cmentarzu Kuki w Tbilisy cieszy\u0142y si\u0119 wysok\u0105 aktywno\u015bci\u0105 oraz du\u017cymi zasi\u0119gami odbiorc\u00f3w. Poni\u017cej linki do wybranych wpis\u00f3w:\u00a0<\/p><p><a href=\"https:\/\/www.facebook.com\/OdraNiemen\/posts\/pfbid0abuPKFtxsuLroUGTNCUZZoiYRwMY74NNGx5DEBt19PBxwQrPePGgKHF1AqR99zARl\">Post 1, <\/a><a href=\"https:\/\/www.facebook.com\/OdraNiemen\/posts\/pfbid0s4HqeNXRuDXBb9cPkYXF4brXqTXyn84c5hNqJSCwKhrkGcbYiv6azagUvfEyp8Trl\">Po<\/a><a href=\"https:\/\/www.facebook.com\/OdraNiemen\/posts\/pfbid0s4HqeNXRuDXBb9cPkYXF4brXqTXyn84c5hNqJSCwKhrkGcbYiv6azagUvfEyp8Trl\">st 2,\u00a0<\/a><a href=\"https:\/\/www.facebook.com\/OdraNiemen\/posts\/pfbid02UdAHSZiMsfSnETkerZ3MSHjt4uWXW8vGoh41SeAugtHfvfUeEHHc6ViANd5RShUfl\">Post 3, <\/a><a href=\"https:\/\/www.facebook.com\/OdraNiemen\/posts\/pfbid02kp3Jr8ovuSzmmtEqvpu2mJepQs1HnV9fS5z5aZNTi6bSoUcJJTWfVZiE5ASch36Ll\">Post 4, <\/a><a href=\"https:\/\/www.facebook.com\/OdraNiemen\/posts\/pfbid02QEGHyYAP4SLkwCkXr9FvqZGKoW2WauKvSVZy4fbgHBAegUZWjE3BQsw6ra2fTXDdl\">Post 5<\/a><\/p><p><a href=\"https:\/\/ponadgranicami.org\/kukia-poszukiwania-polskich-sladow-w-gruzji\/\">Artyku\u0142 na portlu Ponad Granicami<\/a><\/p><p>Na koniec projektu TVP Rzesz\u00f3w opublikowa\u0142o reporta\u017c o Polakach w Gruzji w tym znaczna cz\u0119\u015b\u0107 po\u015bwi\u0119cona zosta\u0142a projektowi porz\u0105dkowania cmentarza na Kukii.<\/p><p><blockquote class=\"wp-embedded-content\" data-secret=\"Xzed4b5MsI\"><a href=\"https:\/\/radio.rzeszow.pl\/60675\/polskie-slady-w-gruzji\/\">Polskie \u015blady w Gruzji<\/a><\/blockquote><iframe class=\"wp-embedded-content\" sandbox=\"allow-scripts\" security=\"restricted\" style=\"position: absolute; clip: rect(1px, 1px, 1px, 1px);\" title=\"&#8222;Polskie \u015blady w Gruzji&#8221; &#8212; Polskie Radio Rzesz\u00f3w\" src=\"https:\/\/radio.rzeszow.pl\/60675\/polskie-slady-w-gruzji\/embed\/#?secret=Ucg0Fgnus2#?secret=Xzed4b5MsI\" data-secret=\"Xzed4b5MsI\" width=\"500\" height=\"282\" frameborder=\"0\" marginwidth=\"0\" marginheight=\"0\" scrolling=\"no\"><\/iframe><\/p>\t\t\t\t\t\t<\/div>\n\t\t\t\t<\/div>\n\t\t\t\t\t<\/div>\n\t\t<\/div>\n\t\t\t\t\t\t\t<\/div>\n\t\t<\/section>\n\t\t\t\t<section class=\"has_eae_slider elementor-section elementor-top-section elementor-element elementor-element-96590ad elementor-section-boxed elementor-section-height-default elementor-section-height-default\" data-id=\"96590ad\" data-element_type=\"section\">\n\t\t\t\t\t\t<div class=\"elementor-container elementor-column-gap-default\">\n\t\t\t\t\t<div class=\"has_eae_slider elementor-column elementor-col-100 elementor-top-column elementor-element elementor-element-1e3e197\" data-id=\"1e3e197\" data-element_type=\"column\">\n\t\t\t<div class=\"elementor-widget-wrap elementor-element-populated\">\n\t\t\t\t\t\t\t\t<div class=\"elementor-element elementor-element-85bac95 elementor-widget elementor-widget-heading\" data-id=\"85bac95\" data-element_type=\"widget\" data-widget_type=\"heading.default\">\n\t\t\t\t<div class=\"elementor-widget-container\">\n\t\t\t<h2 class=\"elementor-heading-title elementor-size-default\">Wsp\u00f3\u0142finansowanie projektu<\/h2>\t\t<\/div>\n\t\t\t\t<\/div>\n\t\t\t\t\t<\/div>\n\t\t<\/div>\n\t\t\t\t\t\t\t<\/div>\n\t\t<\/section>\n\t\t\t\t<section class=\"has_eae_slider elementor-section elementor-top-section elementor-element elementor-element-0b9e037 elementor-section-boxed elementor-section-height-default elementor-section-height-default\" data-id=\"0b9e037\" data-element_type=\"section\">\n\t\t\t\t\t\t<div class=\"elementor-container elementor-column-gap-default\">\n\t\t\t\t\t<div class=\"has_eae_slider elementor-column elementor-col-100 elementor-top-column elementor-element elementor-element-7e17140\" data-id=\"7e17140\" data-element_type=\"column\">\n\t\t\t<div class=\"elementor-widget-wrap elementor-element-populated\">\n\t\t\t\t\t\t\t\t<div class=\"elementor-element elementor-element-0dfcdc3 elementor-widget elementor-widget-text-editor\" data-id=\"0dfcdc3\" data-element_type=\"widget\" data-widget_type=\"text-editor.default\">\n\t\t\t\t<div class=\"elementor-widget-container\">\n\t\t\t\t\t\t\t<p>Projekt \u201eRatujemy polskie groby w Tbilisi\u201d wsp\u00f3\u0142finansowany ze \u015brodk\u00f3w <strong>Instytut Polonika<\/strong> z Programu &#8220;Polskie dziedzictwo kulturowe za granic\u0105 \u2013 wolontariat. Edycja 2023&#8221;. Warto\u015b\u0107 ca\u0142kowita wynios\u0142a 61 200,00 PLN warto\u015b\u0107\u00a0 dofinansowania 55000,00 PLN<\/p>\t\t\t\t\t\t<\/div>\n\t\t\t\t<\/div>\n\t\t\t\t\t<\/div>\n\t\t<\/div>\n\t\t\t\t\t\t\t<\/div>\n\t\t<\/section>\n\t\t\t\t<section class=\"has_eae_slider elementor-section elementor-top-section elementor-element elementor-element-f103d58 elementor-section-boxed elementor-section-height-default elementor-section-height-default\" data-id=\"f103d58\" data-element_type=\"section\">\n\t\t\t\t\t\t<div class=\"elementor-container elementor-column-gap-default\">\n\t\t\t\t\t<div class=\"has_eae_slider elementor-column elementor-col-50 elementor-top-column elementor-element elementor-element-c441a5b\" data-id=\"c441a5b\" data-element_type=\"column\">\n\t\t\t<div class=\"elementor-widget-wrap elementor-element-populated\">\n\t\t\t\t\t\t\t\t<div class=\"elementor-element elementor-element-c46cf89 elementor-widget elementor-widget-image\" data-id=\"c46cf89\" data-element_type=\"widget\" data-widget_type=\"image.default\">\n\t\t\t\t<div class=\"elementor-widget-container\">\n\t\t\t\t\t\t\t\t\t\t\t\t\t\t\t<img decoding=\"async\" src=\"https:\/\/odraniemen.org\/wp-content\/uploads\/2022\/07\/plakat_budzet_panstwa_flaga-i-herb.jpg\" title=\"\" alt=\"\" loading=\"lazy\" \/>\t\t\t\t\t\t\t\t\t\t\t\t\t\t\t<\/div>\n\t\t\t\t<\/div>\n\t\t\t\t\t<\/div>\n\t\t<\/div>\n\t\t\t\t<div class=\"has_eae_slider elementor-column elementor-col-50 elementor-top-column elementor-element elementor-element-677345c\" data-id=\"677345c\" data-element_type=\"column\">\n\t\t\t<div class=\"elementor-widget-wrap elementor-element-populated\">\n\t\t\t\t\t\t\t\t<div class=\"elementor-element elementor-element-707b6e9 elementor-widget elementor-widget-image\" data-id=\"707b6e9\" data-element_type=\"widget\" data-widget_type=\"image.default\">\n\t\t\t\t<div class=\"elementor-widget-container\">\n\t\t\t\t\t\t\t\t\t\t\t\t\t\t\t<img decoding=\"async\" src=\"https:\/\/odraniemen.org\/wp-content\/uploads\/2022\/12\/polonika_pl_cover_auto_640x640.png\" title=\"\" alt=\"\" loading=\"lazy\" \/>\t\t\t\t\t\t\t\t\t\t\t\t\t\t\t<\/div>\n\t\t\t\t<\/div>\n\t\t\t\t\t<\/div>\n\t\t<\/div>\n\t\t\t\t\t\t\t<\/div>\n\t\t<\/section>\n\t\t\t\t\t\t\t<\/div>\n\t\t","protected":false},"excerpt":{"rendered":"<p>W po\u0142owie wrze\u015bnia grupa wolontariuszy Stowarzyszenia Odra-Niemen \u00a0wylecia\u0142a na 15 dni do Gruzji, gdzie realizowany by\u0142 projekt \u201eRatujemy polskie groby w Tbilisi\u201d wsp\u00f3\u0142finansowany ze \u015brodk\u00f3w Instytut Polonika z Programu &#8220;Polskie dziedzictwo kulturowe za granic\u0105 \u2013 wolontariat. Edycja 2023&#8221;. Uczestnicy wyprawy pochodzili z r\u00f3\u017cnych stron Polski. Przygotowania Projekt zacz\u0105\u0142 si\u0119 od wytypowania w \u015br\u00f3d zg\u0142osze\u0144 najbardziej &hellip;<\/p>\n<p class=\"read-more\"> <a class=\"\" href=\"https:\/\/odraniemen.org\/polacy-na-swiecie\/2023\/12\/13\/prace-porzadkowe-cmentarza-na-kukii-w-tbilisi-2\/\"> <span class=\"screen-reader-text\">Prace porz\u0105dkowe cmentarza na Kukii w Tbilisi<\/span> Read More &raquo;<\/a><\/p>\n","protected":false},"author":2611,"featured_media":2128,"comment_status":"closed","ping_status":"closed","sticky":false,"template":"","format":"standard","meta":{"site-sidebar-layout":"default","site-content-layout":"default","ast-site-content-layout":"default","site-content-style":"default","site-sidebar-style":"default","ast-global-header-display":"","ast-banner-title-visibility":"","ast-main-header-display":"disabled","ast-hfb-above-header-display":"","ast-hfb-below-header-display":"","ast-hfb-mobile-header-display":"","site-post-title":"","ast-breadcrumbs-content":"","ast-featured-img":"disabled","footer-sml-layout":"","theme-transparent-header-meta":"default","adv-header-id-meta":"","stick-header-meta":"","header-above-stick-meta":"","header-main-stick-meta":"","header-below-stick-meta":"","astra-migrate-meta-layouts":"set","ast-page-background-enabled":"default","ast-page-background-meta":{"desktop":{"background-color":"","background-image":"","background-repeat":"repeat","background-position":"center center","background-size":"auto","background-attachment":"scroll","background-type":"","background-media":"","overlay-type":"","overlay-color":"","overlay-gradient":""},"tablet":{"background-color":"","background-image":"","background-repeat":"repeat","background-position":"center center","background-size":"auto","background-attachment":"scroll","background-type":"","background-media":"","overlay-type":"","overlay-color":"","overlay-gradient":""},"mobile":{"background-color":"","background-image":"","background-repeat":"repeat","background-position":"center center","background-size":"auto","background-attachment":"scroll","background-type":"","background-media":"","overlay-type":"","overlay-color":"","overlay-gradient":""}},"ast-content-background-meta":{"desktop":{"background-color":"var(--ast-global-color-5)","background-image":"","background-repeat":"repeat","background-position":"center center","background-size":"auto","background-attachment":"scroll","background-type":"","background-media":"","overlay-type":"","overlay-color":"","overlay-gradient":""},"tablet":{"background-color":"var(--ast-global-color-5)","background-image":"","background-repeat":"repeat","background-position":"center center","background-size":"auto","background-attachment":"scroll","background-type":"","background-media":"","overlay-type":"","overlay-color":"","overlay-gradient":""},"mobile":{"background-color":"var(--ast-global-color-5)","background-image":"","background-repeat":"repeat","background-position":"center center","background-size":"auto","background-attachment":"scroll","background-type":"","background-media":"","overlay-type":"","overlay-color":"","overlay-gradient":""}},"footnotes":""},"categories":[17,62,97],"tags":[163,166,185,222,71,219,223],"yoast_head":"<!-- This site is optimized with the Yoast SEO plugin v21.6 - https:\/\/yoast.com\/wordpress\/plugins\/seo\/ -->\n<title>Prace porz\u0105dkowe cmentarza na Kukii w Tbilisi - Polacy Ponad Granicami<\/title>\n<meta name=\"description\" content=\"Cmentarz Kukijski w Tbilisi po\u0142o\u017cony jest na stoku wzg\u00f3rza Machata, wi\u0119c wykonywanym pracom towarzyszy\u0142y cudowne widoki na panoram\u0119 Tbilisi.\" \/>\n<meta name=\"robots\" content=\"index, follow, max-snippet:-1, max-image-preview:large, max-video-preview:-1\" \/>\n<link rel=\"canonical\" href=\"https:\/\/odraniemen.org\/polacy-na-swiecie\/2023\/12\/13\/prace-porzadkowe-cmentarza-na-kukii-w-tbilisi-2\/\" \/>\n<meta property=\"og:locale\" content=\"pl_PL\" \/>\n<meta property=\"og:type\" content=\"article\" \/>\n<meta property=\"og:title\" content=\"Prace porz\u0105dkowe cmentarza na Kukii w Tbilisi - Polacy Ponad Granicami\" \/>\n<meta property=\"og:description\" content=\"Cmentarz Kukijski w Tbilisi po\u0142o\u017cony jest na stoku wzg\u00f3rza Machata, wi\u0119c wykonywanym pracom towarzyszy\u0142y cudowne widoki na panoram\u0119 Tbilisi.\" \/>\n<meta property=\"og:url\" content=\"https:\/\/odraniemen.org\/polacy-na-swiecie\/2023\/12\/13\/prace-porzadkowe-cmentarza-na-kukii-w-tbilisi-2\/\" \/>\n<meta property=\"og:site_name\" content=\"Polacy Ponad Granicami\" \/>\n<meta property=\"article:published_time\" content=\"2023-12-13T11:41:37+00:00\" \/>\n<meta property=\"og:image\" content=\"https:\/\/odraniemen.org\/polacy-na-swiecie\/wp-content\/uploads\/sites\/10\/2023\/02\/Gruzja-Odra-Niemen-1.jpg\" \/>\n\t<meta property=\"og:image:width\" content=\"1600\" \/>\n\t<meta property=\"og:image:height\" content=\"1067\" \/>\n\t<meta property=\"og:image:type\" content=\"image\/jpeg\" \/>\n<meta name=\"author\" content=\"pkurpaska\" \/>\n<meta name=\"twitter:card\" content=\"summary_large_image\" \/>\n<meta name=\"twitter:label1\" content=\"Napisane przez\" \/>\n\t<meta name=\"twitter:data1\" content=\"pkurpaska\" \/>\n\t<meta name=\"twitter:label2\" content=\"Szacowany czas czytania\" \/>\n\t<meta name=\"twitter:data2\" content=\"14 minut\" \/>\n<script type=\"application\/ld+json\" class=\"yoast-schema-graph\">{\"@context\":\"https:\/\/schema.org\",\"@graph\":[{\"@type\":\"Article\",\"@id\":\"https:\/\/odraniemen.org\/polacy-na-swiecie\/2023\/12\/13\/prace-porzadkowe-cmentarza-na-kukii-w-tbilisi-2\/#article\",\"isPartOf\":{\"@id\":\"https:\/\/odraniemen.org\/polacy-na-swiecie\/2023\/12\/13\/prace-porzadkowe-cmentarza-na-kukii-w-tbilisi-2\/\"},\"author\":{\"name\":\"pkurpaska\",\"@id\":\"https:\/\/odraniemen.org\/polacy-na-swiecie\/#\/schema\/person\/c7b45263d0e09da609ccfc158ee8cd48\"},\"headline\":\"Prace porz\u0105dkowe cmentarza na Kukii w Tbilisi\",\"datePublished\":\"2023-12-13T11:41:37+00:00\",\"dateModified\":\"2023-12-13T11:41:37+00:00\",\"mainEntityOfPage\":{\"@id\":\"https:\/\/odraniemen.org\/polacy-na-swiecie\/2023\/12\/13\/prace-porzadkowe-cmentarza-na-kukii-w-tbilisi-2\/\"},\"wordCount\":906,\"publisher\":{\"@id\":\"https:\/\/odraniemen.org\/polacy-na-swiecie\/#organization\"},\"keywords\":[\"dotacjekprm\",\"kprm\",\"pomoc\",\"pomocukrainie\",\"wolontariat\",\"wolontariusze\",\"wsparciengo\"],\"articleSection\":[\"Aktualno\u015bci\",\"Centrum Aktywno\u015bci Mi\u0119dzypokoleniowej. Wolontariat\",\"Miejsca Pami\u0119ci\"],\"inLanguage\":\"pl-PL\"},{\"@type\":\"WebPage\",\"@id\":\"https:\/\/odraniemen.org\/polacy-na-swiecie\/2023\/12\/13\/prace-porzadkowe-cmentarza-na-kukii-w-tbilisi-2\/\",\"url\":\"https:\/\/odraniemen.org\/polacy-na-swiecie\/2023\/12\/13\/prace-porzadkowe-cmentarza-na-kukii-w-tbilisi-2\/\",\"name\":\"Prace porz\u0105dkowe cmentarza na Kukii w Tbilisi - Polacy Ponad Granicami\",\"isPartOf\":{\"@id\":\"https:\/\/odraniemen.org\/polacy-na-swiecie\/#website\"},\"datePublished\":\"2023-12-13T11:41:37+00:00\",\"dateModified\":\"2023-12-13T11:41:37+00:00\",\"description\":\"Cmentarz Kukijski w Tbilisi po\u0142o\u017cony jest na stoku wzg\u00f3rza Machata, wi\u0119c wykonywanym pracom towarzyszy\u0142y cudowne widoki na panoram\u0119 Tbilisi.\",\"breadcrumb\":{\"@id\":\"https:\/\/odraniemen.org\/polacy-na-swiecie\/2023\/12\/13\/prace-porzadkowe-cmentarza-na-kukii-w-tbilisi-2\/#breadcrumb\"},\"inLanguage\":\"pl-PL\",\"potentialAction\":[{\"@type\":\"ReadAction\",\"target\":[\"https:\/\/odraniemen.org\/polacy-na-swiecie\/2023\/12\/13\/prace-porzadkowe-cmentarza-na-kukii-w-tbilisi-2\/\"]}]},{\"@type\":\"BreadcrumbList\",\"@id\":\"https:\/\/odraniemen.org\/polacy-na-swiecie\/2023\/12\/13\/prace-porzadkowe-cmentarza-na-kukii-w-tbilisi-2\/#breadcrumb\",\"itemListElement\":[{\"@type\":\"ListItem\",\"position\":1,\"name\":\"Strona g\u0142\u00f3wna\",\"item\":\"https:\/\/odraniemen.org\/polacy-na-swiecie\/\"},{\"@type\":\"ListItem\",\"position\":2,\"name\":\"Prace porz\u0105dkowe cmentarza na Kukii w Tbilisi\"}]},{\"@type\":\"WebSite\",\"@id\":\"https:\/\/odraniemen.org\/polacy-na-swiecie\/#website\",\"url\":\"https:\/\/odraniemen.org\/polacy-na-swiecie\/\",\"name\":\"Polacy Ponad Granicami\",\"description\":\"Kolejna witryna sieci \u201eOdra-Niemen Witryny\u201d\",\"publisher\":{\"@id\":\"https:\/\/odraniemen.org\/polacy-na-swiecie\/#organization\"},\"potentialAction\":[{\"@type\":\"SearchAction\",\"target\":{\"@type\":\"EntryPoint\",\"urlTemplate\":\"https:\/\/odraniemen.org\/polacy-na-swiecie\/?s={search_term_string}\"},\"query-input\":\"required name=search_term_string\"}],\"inLanguage\":\"pl-PL\"},{\"@type\":\"Organization\",\"@id\":\"https:\/\/odraniemen.org\/polacy-na-swiecie\/#organization\",\"name\":\"Polacy Ponad Granicami\",\"url\":\"https:\/\/odraniemen.org\/polacy-na-swiecie\/\",\"logo\":{\"@type\":\"ImageObject\",\"inLanguage\":\"pl-PL\",\"@id\":\"https:\/\/odraniemen.org\/polacy-na-swiecie\/#\/schema\/logo\/image\/\",\"url\":\"https:\/\/odraniemen.org\/polacy-na-swiecie\/wp-content\/uploads\/sites\/10\/2025\/06\/cropped-Polacy-PONAD-GRANICAMI-logo.png\",\"contentUrl\":\"https:\/\/odraniemen.org\/polacy-na-swiecie\/wp-content\/uploads\/sites\/10\/2025\/06\/cropped-Polacy-PONAD-GRANICAMI-logo.png\",\"width\":1546,\"height\":454,\"caption\":\"Polacy Ponad Granicami\"},\"image\":{\"@id\":\"https:\/\/odraniemen.org\/polacy-na-swiecie\/#\/schema\/logo\/image\/\"}},{\"@type\":\"Person\",\"@id\":\"https:\/\/odraniemen.org\/polacy-na-swiecie\/#\/schema\/person\/c7b45263d0e09da609ccfc158ee8cd48\",\"name\":\"pkurpaska\",\"image\":{\"@type\":\"ImageObject\",\"inLanguage\":\"pl-PL\",\"@id\":\"https:\/\/odraniemen.org\/polacy-na-swiecie\/#\/schema\/person\/image\/\",\"url\":\"https:\/\/secure.gravatar.com\/avatar\/c7fa4a8354d8c08bb5dc0b6b9e579330?s=96&d=mm&r=g\",\"contentUrl\":\"https:\/\/secure.gravatar.com\/avatar\/c7fa4a8354d8c08bb5dc0b6b9e579330?s=96&d=mm&r=g\",\"caption\":\"pkurpaska\"},\"url\":\"https:\/\/odraniemen.org\/polacy-na-swiecie\/author\/pkurpaska\/\"}]}<\/script>\n<!-- \/ Yoast SEO plugin. -->","yoast_head_json":{"title":"Prace porz\u0105dkowe cmentarza na Kukii w Tbilisi - Polacy Ponad Granicami","description":"Cmentarz Kukijski w Tbilisi po\u0142o\u017cony jest na stoku wzg\u00f3rza Machata, wi\u0119c wykonywanym pracom towarzyszy\u0142y cudowne widoki na panoram\u0119 Tbilisi.","robots":{"index":"index","follow":"follow","max-snippet":"max-snippet:-1","max-image-preview":"max-image-preview:large","max-video-preview":"max-video-preview:-1"},"canonical":"https:\/\/odraniemen.org\/polacy-na-swiecie\/2023\/12\/13\/prace-porzadkowe-cmentarza-na-kukii-w-tbilisi-2\/","og_locale":"pl_PL","og_type":"article","og_title":"Prace porz\u0105dkowe cmentarza na Kukii w Tbilisi - Polacy Ponad Granicami","og_description":"Cmentarz Kukijski w Tbilisi po\u0142o\u017cony jest na stoku wzg\u00f3rza Machata, wi\u0119c wykonywanym pracom towarzyszy\u0142y cudowne widoki na panoram\u0119 Tbilisi.","og_url":"https:\/\/odraniemen.org\/polacy-na-swiecie\/2023\/12\/13\/prace-porzadkowe-cmentarza-na-kukii-w-tbilisi-2\/","og_site_name":"Polacy Ponad Granicami","article_published_time":"2023-12-13T11:41:37+00:00","og_image":[{"width":1600,"height":1067,"url":"https:\/\/odraniemen.org\/polacy-na-swiecie\/wp-content\/uploads\/sites\/10\/2023\/02\/Gruzja-Odra-Niemen-1.jpg","type":"image\/jpeg"}],"author":"pkurpaska","twitter_card":"summary_large_image","twitter_misc":{"Napisane przez":"pkurpaska","Szacowany czas czytania":"14 minut"},"schema":{"@context":"https:\/\/schema.org","@graph":[{"@type":"Article","@id":"https:\/\/odraniemen.org\/polacy-na-swiecie\/2023\/12\/13\/prace-porzadkowe-cmentarza-na-kukii-w-tbilisi-2\/#article","isPartOf":{"@id":"https:\/\/odraniemen.org\/polacy-na-swiecie\/2023\/12\/13\/prace-porzadkowe-cmentarza-na-kukii-w-tbilisi-2\/"},"author":{"name":"pkurpaska","@id":"https:\/\/odraniemen.org\/polacy-na-swiecie\/#\/schema\/person\/c7b45263d0e09da609ccfc158ee8cd48"},"headline":"Prace porz\u0105dkowe cmentarza na Kukii w Tbilisi","datePublished":"2023-12-13T11:41:37+00:00","dateModified":"2023-12-13T11:41:37+00:00","mainEntityOfPage":{"@id":"https:\/\/odraniemen.org\/polacy-na-swiecie\/2023\/12\/13\/prace-porzadkowe-cmentarza-na-kukii-w-tbilisi-2\/"},"wordCount":906,"publisher":{"@id":"https:\/\/odraniemen.org\/polacy-na-swiecie\/#organization"},"keywords":["dotacjekprm","kprm","pomoc","pomocukrainie","wolontariat","wolontariusze","wsparciengo"],"articleSection":["Aktualno\u015bci","Centrum Aktywno\u015bci Mi\u0119dzypokoleniowej. Wolontariat","Miejsca Pami\u0119ci"],"inLanguage":"pl-PL"},{"@type":"WebPage","@id":"https:\/\/odraniemen.org\/polacy-na-swiecie\/2023\/12\/13\/prace-porzadkowe-cmentarza-na-kukii-w-tbilisi-2\/","url":"https:\/\/odraniemen.org\/polacy-na-swiecie\/2023\/12\/13\/prace-porzadkowe-cmentarza-na-kukii-w-tbilisi-2\/","name":"Prace porz\u0105dkowe cmentarza na Kukii w Tbilisi - Polacy Ponad Granicami","isPartOf":{"@id":"https:\/\/odraniemen.org\/polacy-na-swiecie\/#website"},"datePublished":"2023-12-13T11:41:37+00:00","dateModified":"2023-12-13T11:41:37+00:00","description":"Cmentarz Kukijski w Tbilisi po\u0142o\u017cony jest na stoku wzg\u00f3rza Machata, wi\u0119c wykonywanym pracom towarzyszy\u0142y cudowne widoki na panoram\u0119 Tbilisi.","breadcrumb":{"@id":"https:\/\/odraniemen.org\/polacy-na-swiecie\/2023\/12\/13\/prace-porzadkowe-cmentarza-na-kukii-w-tbilisi-2\/#breadcrumb"},"inLanguage":"pl-PL","potentialAction":[{"@type":"ReadAction","target":["https:\/\/odraniemen.org\/polacy-na-swiecie\/2023\/12\/13\/prace-porzadkowe-cmentarza-na-kukii-w-tbilisi-2\/"]}]},{"@type":"BreadcrumbList","@id":"https:\/\/odraniemen.org\/polacy-na-swiecie\/2023\/12\/13\/prace-porzadkowe-cmentarza-na-kukii-w-tbilisi-2\/#breadcrumb","itemListElement":[{"@type":"ListItem","position":1,"name":"Strona g\u0142\u00f3wna","item":"https:\/\/odraniemen.org\/polacy-na-swiecie\/"},{"@type":"ListItem","position":2,"name":"Prace porz\u0105dkowe cmentarza na Kukii w Tbilisi"}]},{"@type":"WebSite","@id":"https:\/\/odraniemen.org\/polacy-na-swiecie\/#website","url":"https:\/\/odraniemen.org\/polacy-na-swiecie\/","name":"Polacy Ponad Granicami","description":"Kolejna witryna sieci \u201eOdra-Niemen Witryny\u201d","publisher":{"@id":"https:\/\/odraniemen.org\/polacy-na-swiecie\/#organization"},"potentialAction":[{"@type":"SearchAction","target":{"@type":"EntryPoint","urlTemplate":"https:\/\/odraniemen.org\/polacy-na-swiecie\/?s={search_term_string}"},"query-input":"required name=search_term_string"}],"inLanguage":"pl-PL"},{"@type":"Organization","@id":"https:\/\/odraniemen.org\/polacy-na-swiecie\/#organization","name":"Polacy Ponad Granicami","url":"https:\/\/odraniemen.org\/polacy-na-swiecie\/","logo":{"@type":"ImageObject","inLanguage":"pl-PL","@id":"https:\/\/odraniemen.org\/polacy-na-swiecie\/#\/schema\/logo\/image\/","url":"https:\/\/odraniemen.org\/polacy-na-swiecie\/wp-content\/uploads\/sites\/10\/2025\/06\/cropped-Polacy-PONAD-GRANICAMI-logo.png","contentUrl":"https:\/\/odraniemen.org\/polacy-na-swiecie\/wp-content\/uploads\/sites\/10\/2025\/06\/cropped-Polacy-PONAD-GRANICAMI-logo.png","width":1546,"height":454,"caption":"Polacy Ponad Granicami"},"image":{"@id":"https:\/\/odraniemen.org\/polacy-na-swiecie\/#\/schema\/logo\/image\/"}},{"@type":"Person","@id":"https:\/\/odraniemen.org\/polacy-na-swiecie\/#\/schema\/person\/c7b45263d0e09da609ccfc158ee8cd48","name":"pkurpaska","image":{"@type":"ImageObject","inLanguage":"pl-PL","@id":"https:\/\/odraniemen.org\/polacy-na-swiecie\/#\/schema\/person\/image\/","url":"https:\/\/secure.gravatar.com\/avatar\/c7fa4a8354d8c08bb5dc0b6b9e579330?s=96&d=mm&r=g","contentUrl":"https:\/\/secure.gravatar.com\/avatar\/c7fa4a8354d8c08bb5dc0b6b9e579330?s=96&d=mm&r=g","caption":"pkurpaska"},"url":"https:\/\/odraniemen.org\/polacy-na-swiecie\/author\/pkurpaska\/"}]}},"_links":{"self":[{"href":"https:\/\/odraniemen.org\/polacy-na-swiecie\/wp-json\/wp\/v2\/posts\/2889"}],"collection":[{"href":"https:\/\/odraniemen.org\/polacy-na-swiecie\/wp-json\/wp\/v2\/posts"}],"about":[{"href":"https:\/\/odraniemen.org\/polacy-na-swiecie\/wp-json\/wp\/v2\/types\/post"}],"author":[{"embeddable":true,"href":"https:\/\/odraniemen.org\/polacy-na-swiecie\/wp-json\/wp\/v2\/users\/2611"}],"replies":[{"embeddable":true,"href":"https:\/\/odraniemen.org\/polacy-na-swiecie\/wp-json\/wp\/v2\/comments?post=2889"}],"version-history":[{"count":1,"href":"https:\/\/odraniemen.org\/polacy-na-swiecie\/wp-json\/wp\/v2\/posts\/2889\/revisions"}],"predecessor-version":[{"id":2931,"href":"https:\/\/odraniemen.org\/polacy-na-swiecie\/wp-json\/wp\/v2\/posts\/2889\/revisions\/2931"}],"wp:featuredmedia":[{"embeddable":true,"href":"https:\/\/odraniemen.org\/polacy-na-swiecie\/wp-json\/wp\/v2\/media\/2128"}],"wp:attachment":[{"href":"https:\/\/odraniemen.org\/polacy-na-swiecie\/wp-json\/wp\/v2\/media?parent=2889"}],"wp:term":[{"taxonomy":"category","embeddable":true,"href":"https:\/\/odraniemen.org\/polacy-na-swiecie\/wp-json\/wp\/v2\/categories?post=2889"},{"taxonomy":"post_tag","embeddable":true,"href":"https:\/\/odraniemen.org\/polacy-na-swiecie\/wp-json\/wp\/v2\/tags?post=2889"}],"curies":[{"name":"wp","href":"https:\/\/api.w.org\/{rel}","templated":true}]}}