
{"id":2980,"date":"2024-01-19T12:21:48","date_gmt":"2024-01-19T11:21:48","guid":{"rendered":"https:\/\/odraniemen.org\/polacy-na-swiecie\/2024\/01\/19\/z-paczkami-u-polakow-na-litwie\/"},"modified":"2024-01-19T12:21:48","modified_gmt":"2024-01-19T11:21:48","slug":"z-paczkami-u-polakow-na-litwie","status":"publish","type":"post","link":"https:\/\/odraniemen.org\/polacy-na-swiecie\/2024\/01\/19\/z-paczkami-u-polakow-na-litwie\/","title":{"rendered":"Z paczkami u rodak\u00f3w na Litwie"},"content":{"rendered":"\n<p><strong>W miniony weekend w ramach akcji Rodacy Bohaterom zawie\u017ali\u015bmy do Rejonu Solecznickiego 270 paczek pami\u0119ci.<\/strong><\/p>\n\n\n\n<p>Udzia\u0142 w akcji wzi\u0119li wolontariusze z Wroc\u0142awia i oddzia\u0142u podlaskiego oraz wspaniali uczniowie wraz z nauczycielk\u0105 z <a href=\"https:\/\/www.facebook.com\/LotniczeZakladyNaukowe?__cft__[0]=AZUxLbgEyQjZ7R0h4EXrq968vdLc-jnFPtFJ52MwVClW0CKawvRCsqu0lYsa4qLgkYO3p77IB2F1-qPZ67srEmQeAZ69OC9zaXJzxFX80IVsOmYh3a5pX3Pngr40UfmW2yRa7X5PbZ39nxHEqZq-BVi4&amp;__tn__=-]K-R\">Lotniczych Zak\u0142ad\u00f3w Naukowych<\/a> i wolontariusze z UMSC w Lublinie. <br><br>Wszystkim z ca\u0142ego serca dzi\u0119kujemy za zaanga\u017cowanie i fantastyczn\u0105 atmosfer\u0119. Szczeg\u00f3lne podzi\u0119kowania dla Macieja z firmy AMS, kt\u00f3ry sam zabra\u0142 120 paczek, do\u0142\u0105czy\u0142 do naszej ekipy i osobi\u015bcie zawi\u00f3z\u0142 dary na Kresy.<\/p>\n\n\n\n<p>Odwiedzili\u015bmy rodak\u00f3w i przekazali\u015bmy paczki w Solecznikach, Dziewieniszkach, Krakunach, Turgielach, Kole\u015bnikach, Kamionce, Koniuchach, Rudnikikach, Poszkach i Ejszyszkach.<\/p>\n\n\n\n<p>Na <a href=\"https:\/\/www.facebook.com\/OdraNiemen\/posts\/pfbid08YThyD74n1rUsTArbJ2Z2VP3zdHpE7LJMQdnzYvkUQpvJpVJ1Ynca26a8TsY5duZl\">zdj\u0119ciach<\/a> relacja z tego pe\u0142nego wzrusze\u0144 wyjazdu.<\/p>\n\n\n\n<figure class=\"wp-block-gallery has-nested-images columns-default is-cropped wp-block-gallery-1 is-layout-flex wp-block-gallery-is-layout-flex\">\n<figure class=\"wp-block-image size-full\"><a href=\"https:\/\/odraniemen.org\/polacy-na-swiecie\/wp-content\/uploads\/sites\/10\/2024\/03\/419270479_776882811133343_8073876495918326850_n.jpg\"><img loading=\"lazy\" decoding=\"async\" width=\"2048\" height=\"1540\" data-id=\"2982\" src=\"https:\/\/odraniemen.org\/polacy-na-swiecie\/wp-content\/uploads\/sites\/10\/2024\/03\/419270479_776882811133343_8073876495918326850_n.jpg\" alt=\"\" class=\"wp-image-2982\" srcset=\"https:\/\/odraniemen.org\/polacy-na-swiecie\/wp-content\/uploads\/sites\/10\/2024\/03\/419270479_776882811133343_8073876495918326850_n.jpg 2048w, https:\/\/odraniemen.org\/polacy-na-swiecie\/wp-content\/uploads\/sites\/10\/2024\/03\/419270479_776882811133343_8073876495918326850_n-300x226.jpg 300w, https:\/\/odraniemen.org\/polacy-na-swiecie\/wp-content\/uploads\/sites\/10\/2024\/03\/419270479_776882811133343_8073876495918326850_n-1024x770.jpg 1024w, https:\/\/odraniemen.org\/polacy-na-swiecie\/wp-content\/uploads\/sites\/10\/2024\/03\/419270479_776882811133343_8073876495918326850_n-768x578.jpg 768w, https:\/\/odraniemen.org\/polacy-na-swiecie\/wp-content\/uploads\/sites\/10\/2024\/03\/419270479_776882811133343_8073876495918326850_n-1536x1155.jpg 1536w\" sizes=\"(max-width: 2048px) 100vw, 2048px\" \/><\/a><\/figure>\n\n\n\n<figure class=\"wp-block-image size-full\"><a href=\"https:\/\/odraniemen.org\/polacy-na-swiecie\/wp-content\/uploads\/sites\/10\/2024\/03\/419311882_776882014466756_4620813578884097259_n.jpg\"><img loading=\"lazy\" decoding=\"async\" width=\"1540\" height=\"2048\" data-id=\"2986\" src=\"https:\/\/odraniemen.org\/polacy-na-swiecie\/wp-content\/uploads\/sites\/10\/2024\/03\/419311882_776882014466756_4620813578884097259_n.jpg\" alt=\"\" class=\"wp-image-2986\" srcset=\"https:\/\/odraniemen.org\/polacy-na-swiecie\/wp-content\/uploads\/sites\/10\/2024\/03\/419311882_776882014466756_4620813578884097259_n.jpg 1540w, https:\/\/odraniemen.org\/polacy-na-swiecie\/wp-content\/uploads\/sites\/10\/2024\/03\/419311882_776882014466756_4620813578884097259_n-226x300.jpg 226w, https:\/\/odraniemen.org\/polacy-na-swiecie\/wp-content\/uploads\/sites\/10\/2024\/03\/419311882_776882014466756_4620813578884097259_n-770x1024.jpg 770w, https:\/\/odraniemen.org\/polacy-na-swiecie\/wp-content\/uploads\/sites\/10\/2024\/03\/419311882_776882014466756_4620813578884097259_n-768x1021.jpg 768w, https:\/\/odraniemen.org\/polacy-na-swiecie\/wp-content\/uploads\/sites\/10\/2024\/03\/419311882_776882014466756_4620813578884097259_n-1155x1536.jpg 1155w\" sizes=\"(max-width: 1540px) 100vw, 1540px\" \/><\/a><\/figure>\n\n\n\n<figure class=\"wp-block-image size-full\"><a href=\"https:\/\/odraniemen.org\/polacy-na-swiecie\/wp-content\/uploads\/sites\/10\/2024\/03\/419318249_776880827800208_2394146251000242942_n.jpg\"><img loading=\"lazy\" decoding=\"async\" width=\"2048\" height=\"1365\" data-id=\"2984\" src=\"https:\/\/odraniemen.org\/polacy-na-swiecie\/wp-content\/uploads\/sites\/10\/2024\/03\/419318249_776880827800208_2394146251000242942_n.jpg\" alt=\"\" class=\"wp-image-2984\" srcset=\"https:\/\/odraniemen.org\/polacy-na-swiecie\/wp-content\/uploads\/sites\/10\/2024\/03\/419318249_776880827800208_2394146251000242942_n.jpg 2048w, https:\/\/odraniemen.org\/polacy-na-swiecie\/wp-content\/uploads\/sites\/10\/2024\/03\/419318249_776880827800208_2394146251000242942_n-300x200.jpg 300w, https:\/\/odraniemen.org\/polacy-na-swiecie\/wp-content\/uploads\/sites\/10\/2024\/03\/419318249_776880827800208_2394146251000242942_n-1024x683.jpg 1024w, https:\/\/odraniemen.org\/polacy-na-swiecie\/wp-content\/uploads\/sites\/10\/2024\/03\/419318249_776880827800208_2394146251000242942_n-768x512.jpg 768w, https:\/\/odraniemen.org\/polacy-na-swiecie\/wp-content\/uploads\/sites\/10\/2024\/03\/419318249_776880827800208_2394146251000242942_n-1536x1024.jpg 1536w\" sizes=\"(max-width: 2048px) 100vw, 2048px\" \/><\/a><\/figure>\n\n\n\n<figure class=\"wp-block-image size-full\"><a href=\"https:\/\/odraniemen.org\/polacy-na-swiecie\/wp-content\/uploads\/sites\/10\/2024\/03\/419324213_776881341133490_4835528676411576112_n.jpg\"><img loading=\"lazy\" decoding=\"async\" width=\"2048\" height=\"1365\" data-id=\"2983\" src=\"https:\/\/odraniemen.org\/polacy-na-swiecie\/wp-content\/uploads\/sites\/10\/2024\/03\/419324213_776881341133490_4835528676411576112_n.jpg\" alt=\"\" class=\"wp-image-2983\" srcset=\"https:\/\/odraniemen.org\/polacy-na-swiecie\/wp-content\/uploads\/sites\/10\/2024\/03\/419324213_776881341133490_4835528676411576112_n.jpg 2048w, https:\/\/odraniemen.org\/polacy-na-swiecie\/wp-content\/uploads\/sites\/10\/2024\/03\/419324213_776881341133490_4835528676411576112_n-300x200.jpg 300w, https:\/\/odraniemen.org\/polacy-na-swiecie\/wp-content\/uploads\/sites\/10\/2024\/03\/419324213_776881341133490_4835528676411576112_n-1024x683.jpg 1024w, https:\/\/odraniemen.org\/polacy-na-swiecie\/wp-content\/uploads\/sites\/10\/2024\/03\/419324213_776881341133490_4835528676411576112_n-768x512.jpg 768w, https:\/\/odraniemen.org\/polacy-na-swiecie\/wp-content\/uploads\/sites\/10\/2024\/03\/419324213_776881341133490_4835528676411576112_n-1536x1024.jpg 1536w\" sizes=\"(max-width: 2048px) 100vw, 2048px\" \/><\/a><\/figure>\n\n\n\n<figure class=\"wp-block-image size-full\"><a href=\"https:\/\/odraniemen.org\/polacy-na-swiecie\/wp-content\/uploads\/sites\/10\/2024\/03\/420076260_776882981133326_7662371233073531869_n.jpg\"><img loading=\"lazy\" decoding=\"async\" width=\"2048\" height=\"1540\" data-id=\"2985\" src=\"https:\/\/odraniemen.org\/polacy-na-swiecie\/wp-content\/uploads\/sites\/10\/2024\/03\/420076260_776882981133326_7662371233073531869_n.jpg\" alt=\"\" class=\"wp-image-2985\" srcset=\"https:\/\/odraniemen.org\/polacy-na-swiecie\/wp-content\/uploads\/sites\/10\/2024\/03\/420076260_776882981133326_7662371233073531869_n.jpg 2048w, https:\/\/odraniemen.org\/polacy-na-swiecie\/wp-content\/uploads\/sites\/10\/2024\/03\/420076260_776882981133326_7662371233073531869_n-300x226.jpg 300w, https:\/\/odraniemen.org\/polacy-na-swiecie\/wp-content\/uploads\/sites\/10\/2024\/03\/420076260_776882981133326_7662371233073531869_n-1024x770.jpg 1024w, https:\/\/odraniemen.org\/polacy-na-swiecie\/wp-content\/uploads\/sites\/10\/2024\/03\/420076260_776882981133326_7662371233073531869_n-768x578.jpg 768w, https:\/\/odraniemen.org\/polacy-na-swiecie\/wp-content\/uploads\/sites\/10\/2024\/03\/420076260_776882981133326_7662371233073531869_n-1536x1155.jpg 1536w\" sizes=\"(max-width: 2048px) 100vw, 2048px\" \/><\/a><\/figure>\n<\/figure>\n\n\n\n<p><a href=\"https:\/\/www.facebook.com\/hashtag\/rodacybohaterom?__eep__=6&amp;__cft__[0]=AZUxLbgEyQjZ7R0h4EXrq968vdLc-jnFPtFJ52MwVClW0CKawvRCsqu0lYsa4qLgkYO3p77IB2F1-qPZ67srEmQeAZ69OC9zaXJzxFX80IVsOmYh3a5pX3Pngr40UfmW2yRa7X5PbZ39nxHEqZq-BVi4&amp;__tn__=*NK-R\">#rodacybohaterom<\/a><a href=\"https:\/\/www.facebook.com\/hashtag\/odraniemen?__eep__=6&amp;__cft__[0]=AZUxLbgEyQjZ7R0h4EXrq968vdLc-jnFPtFJ52MwVClW0CKawvRCsqu0lYsa4qLgkYO3p77IB2F1-qPZ67srEmQeAZ69OC9zaXJzxFX80IVsOmYh3a5pX3Pngr40UfmW2yRa7X5PbZ39nxHEqZq-BVi4&amp;__tn__=*NK-R\"> #odraniemen<\/a><a href=\"https:\/\/www.facebook.com\/hashtag\/15latrodacybohaterom?__eep__=6&amp;__cft__[0]=AZUxLbgEyQjZ7R0h4EXrq968vdLc-jnFPtFJ52MwVClW0CKawvRCsqu0lYsa4qLgkYO3p77IB2F1-qPZ67srEmQeAZ69OC9zaXJzxFX80IVsOmYh3a5pX3Pngr40UfmW2yRa7X5PbZ39nxHEqZq-BVi4&amp;__tn__=*NK-R\"> #15latrodacybohaterom<\/a><\/p>\n","protected":false},"excerpt":{"rendered":"<p>W miniony weekend w ramach akcji Rodacy Bohaterom zawie\u017ali\u015bmy do Rejonu Solecznickiego 270 paczek pami\u0119ci. Udzia\u0142 w akcji wzi\u0119li wolontariusze z Wroc\u0142awia i oddzia\u0142u podlaskiego oraz wspaniali uczniowie wraz z nauczycielk\u0105 z Lotniczych Zak\u0142ad\u00f3w Naukowych i wolontariusze z UMSC w Lublinie. Wszystkim z ca\u0142ego serca dzi\u0119kujemy za zaanga\u017cowanie i fantastyczn\u0105 atmosfer\u0119. Szczeg\u00f3lne podzi\u0119kowania dla Macieja &hellip;<\/p>\n<p class=\"read-more\"> <a class=\"\" href=\"https:\/\/odraniemen.org\/polacy-na-swiecie\/2024\/01\/19\/z-paczkami-u-polakow-na-litwie\/\"> <span class=\"screen-reader-text\">Z paczkami u rodak\u00f3w na Litwie<\/span> Read More &raquo;<\/a><\/p>\n","protected":false},"author":8,"featured_media":2981,"comment_status":"closed","ping_status":"closed","sticky":false,"template":"","format":"standard","meta":{"site-sidebar-layout":"default","site-content-layout":"","ast-site-content-layout":"","site-content-style":"default","site-sidebar-style":"default","ast-global-header-display":"","ast-banner-title-visibility":"","ast-main-header-display":"","ast-hfb-above-header-display":"","ast-hfb-below-header-display":"","ast-hfb-mobile-header-display":"","site-post-title":"","ast-breadcrumbs-content":"","ast-featured-img":"","footer-sml-layout":"","theme-transparent-header-meta":"","adv-header-id-meta":"","stick-header-meta":"","header-above-stick-meta":"","header-main-stick-meta":"","header-below-stick-meta":"","astra-migrate-meta-layouts":"","ast-page-background-enabled":"default","ast-page-background-meta":{"desktop":{"background-color":"","background-image":"","background-repeat":"repeat","background-position":"center center","background-size":"auto","background-attachment":"scroll","background-type":"","background-media":"","overlay-type":"","overlay-color":"","overlay-gradient":""},"tablet":{"background-color":"","background-image":"","background-repeat":"repeat","background-position":"center center","background-size":"auto","background-attachment":"scroll","background-type":"","background-media":"","overlay-type":"","overlay-color":"","overlay-gradient":""},"mobile":{"background-color":"","background-image":"","background-repeat":"repeat","background-position":"center center","background-size":"auto","background-attachment":"scroll","background-type":"","background-media":"","overlay-type":"","overlay-color":"","overlay-gradient":""}},"ast-content-background-meta":{"desktop":{"background-color":"var(--ast-global-color-5)","background-image":"","background-repeat":"repeat","background-position":"center center","background-size":"auto","background-attachment":"scroll","background-type":"","background-media":"","overlay-type":"","overlay-color":"","overlay-gradient":""},"tablet":{"background-color":"var(--ast-global-color-5)","background-image":"","background-repeat":"repeat","background-position":"center center","background-size":"auto","background-attachment":"scroll","background-type":"","background-media":"","overlay-type":"","overlay-color":"","overlay-gradient":""},"mobile":{"background-color":"var(--ast-global-color-5)","background-image":"","background-repeat":"repeat","background-position":"center center","background-size":"auto","background-attachment":"scroll","background-type":"","background-media":"","overlay-type":"","overlay-color":"","overlay-gradient":""}},"footnotes":""},"categories":[17],"tags":[81,70,71],"yoast_head":"<!-- This site is optimized with the Yoast SEO plugin v21.6 - https:\/\/yoast.com\/wordpress\/plugins\/seo\/ -->\n<title>Z paczkami u rodak\u00f3w na Litwie - Polacy Ponad Granicami<\/title>\n<meta name=\"description\" content=\"W miniony weekend w ramach akcji Rodacy Bohaterom zawie\u017ali\u015bmy do Rejonu Solecznickiego 270 paczek pami\u0119ci.\" \/>\n<meta name=\"robots\" content=\"index, follow, max-snippet:-1, max-image-preview:large, max-video-preview:-1\" \/>\n<link rel=\"canonical\" href=\"https:\/\/odraniemen.org\/polacy-na-swiecie\/2024\/01\/19\/z-paczkami-u-polakow-na-litwie\/\" \/>\n<meta property=\"og:locale\" content=\"pl_PL\" \/>\n<meta property=\"og:type\" content=\"article\" \/>\n<meta property=\"og:title\" content=\"Z paczkami u rodak\u00f3w na Litwie - Polacy Ponad Granicami\" \/>\n<meta property=\"og:description\" content=\"W miniony weekend w ramach akcji Rodacy Bohaterom zawie\u017ali\u015bmy do Rejonu Solecznickiego 270 paczek pami\u0119ci.\" \/>\n<meta property=\"og:url\" content=\"https:\/\/odraniemen.org\/polacy-na-swiecie\/2024\/01\/19\/z-paczkami-u-polakow-na-litwie\/\" \/>\n<meta property=\"og:site_name\" content=\"Polacy Ponad Granicami\" \/>\n<meta property=\"article:published_time\" content=\"2024-01-19T11:21:48+00:00\" \/>\n<meta property=\"og:image\" content=\"https:\/\/odraniemen.org\/polacy-na-swiecie\/wp-content\/uploads\/sites\/10\/2024\/03\/419261897_776881627800128_1920864414647334581_n.jpg\" \/>\n\t<meta property=\"og:image:width\" content=\"2048\" \/>\n\t<meta property=\"og:image:height\" content=\"1365\" \/>\n\t<meta property=\"og:image:type\" content=\"image\/jpeg\" \/>\n<meta name=\"author\" content=\"Dominik Rozp\u0119dowski\" \/>\n<meta name=\"twitter:card\" content=\"summary_large_image\" \/>\n<meta name=\"twitter:label1\" content=\"Napisane przez\" \/>\n\t<meta name=\"twitter:data1\" content=\"Dominik Rozp\u0119dowski\" \/>\n\t<meta name=\"twitter:label2\" content=\"Szacowany czas czytania\" \/>\n\t<meta name=\"twitter:data2\" content=\"2 minuty\" \/>\n<script type=\"application\/ld+json\" class=\"yoast-schema-graph\">{\"@context\":\"https:\/\/schema.org\",\"@graph\":[{\"@type\":\"Article\",\"@id\":\"https:\/\/odraniemen.org\/polacy-na-swiecie\/2024\/01\/19\/z-paczkami-u-polakow-na-litwie\/#article\",\"isPartOf\":{\"@id\":\"https:\/\/odraniemen.org\/polacy-na-swiecie\/2024\/01\/19\/z-paczkami-u-polakow-na-litwie\/\"},\"author\":{\"name\":\"Dominik Rozp\u0119dowski\",\"@id\":\"https:\/\/odraniemen.org\/polacy-na-swiecie\/#\/schema\/person\/c984700c636a4cedb794a2cb7ab8d986\"},\"headline\":\"Z paczkami u rodak\u00f3w na Litwie\",\"datePublished\":\"2024-01-19T11:21:48+00:00\",\"dateModified\":\"2024-01-19T11:21:48+00:00\",\"mainEntityOfPage\":{\"@id\":\"https:\/\/odraniemen.org\/polacy-na-swiecie\/2024\/01\/19\/z-paczkami-u-polakow-na-litwie\/\"},\"wordCount\":129,\"publisher\":{\"@id\":\"https:\/\/odraniemen.org\/polacy-na-swiecie\/#organization\"},\"keywords\":[\"ponadgranicami\",\"rodacybohaterom\",\"wolontariat\"],\"articleSection\":[\"Aktualno\u015bci\"],\"inLanguage\":\"pl-PL\"},{\"@type\":\"WebPage\",\"@id\":\"https:\/\/odraniemen.org\/polacy-na-swiecie\/2024\/01\/19\/z-paczkami-u-polakow-na-litwie\/\",\"url\":\"https:\/\/odraniemen.org\/polacy-na-swiecie\/2024\/01\/19\/z-paczkami-u-polakow-na-litwie\/\",\"name\":\"Z paczkami u rodak\u00f3w na Litwie - Polacy Ponad Granicami\",\"isPartOf\":{\"@id\":\"https:\/\/odraniemen.org\/polacy-na-swiecie\/#website\"},\"datePublished\":\"2024-01-19T11:21:48+00:00\",\"dateModified\":\"2024-01-19T11:21:48+00:00\",\"description\":\"W miniony weekend w ramach akcji Rodacy Bohaterom zawie\u017ali\u015bmy do Rejonu Solecznickiego 270 paczek pami\u0119ci.\",\"breadcrumb\":{\"@id\":\"https:\/\/odraniemen.org\/polacy-na-swiecie\/2024\/01\/19\/z-paczkami-u-polakow-na-litwie\/#breadcrumb\"},\"inLanguage\":\"pl-PL\",\"potentialAction\":[{\"@type\":\"ReadAction\",\"target\":[\"https:\/\/odraniemen.org\/polacy-na-swiecie\/2024\/01\/19\/z-paczkami-u-polakow-na-litwie\/\"]}]},{\"@type\":\"BreadcrumbList\",\"@id\":\"https:\/\/odraniemen.org\/polacy-na-swiecie\/2024\/01\/19\/z-paczkami-u-polakow-na-litwie\/#breadcrumb\",\"itemListElement\":[{\"@type\":\"ListItem\",\"position\":1,\"name\":\"Strona g\u0142\u00f3wna\",\"item\":\"https:\/\/odraniemen.org\/polacy-na-swiecie\/\"},{\"@type\":\"ListItem\",\"position\":2,\"name\":\"Z paczkami u rodak\u00f3w na Litwie\"}]},{\"@type\":\"WebSite\",\"@id\":\"https:\/\/odraniemen.org\/polacy-na-swiecie\/#website\",\"url\":\"https:\/\/odraniemen.org\/polacy-na-swiecie\/\",\"name\":\"Polacy Ponad Granicami\",\"description\":\"Kolejna witryna sieci \u201eOdra-Niemen Witryny\u201d\",\"publisher\":{\"@id\":\"https:\/\/odraniemen.org\/polacy-na-swiecie\/#organization\"},\"potentialAction\":[{\"@type\":\"SearchAction\",\"target\":{\"@type\":\"EntryPoint\",\"urlTemplate\":\"https:\/\/odraniemen.org\/polacy-na-swiecie\/?s={search_term_string}\"},\"query-input\":\"required name=search_term_string\"}],\"inLanguage\":\"pl-PL\"},{\"@type\":\"Organization\",\"@id\":\"https:\/\/odraniemen.org\/polacy-na-swiecie\/#organization\",\"name\":\"Polacy Ponad Granicami\",\"url\":\"https:\/\/odraniemen.org\/polacy-na-swiecie\/\",\"logo\":{\"@type\":\"ImageObject\",\"inLanguage\":\"pl-PL\",\"@id\":\"https:\/\/odraniemen.org\/polacy-na-swiecie\/#\/schema\/logo\/image\/\",\"url\":\"https:\/\/odraniemen.org\/polacy-na-swiecie\/wp-content\/uploads\/sites\/10\/2025\/06\/cropped-Polacy-PONAD-GRANICAMI-logo.png\",\"contentUrl\":\"https:\/\/odraniemen.org\/polacy-na-swiecie\/wp-content\/uploads\/sites\/10\/2025\/06\/cropped-Polacy-PONAD-GRANICAMI-logo.png\",\"width\":1546,\"height\":454,\"caption\":\"Polacy Ponad Granicami\"},\"image\":{\"@id\":\"https:\/\/odraniemen.org\/polacy-na-swiecie\/#\/schema\/logo\/image\/\"}},{\"@type\":\"Person\",\"@id\":\"https:\/\/odraniemen.org\/polacy-na-swiecie\/#\/schema\/person\/c984700c636a4cedb794a2cb7ab8d986\",\"name\":\"Dominik Rozp\u0119dowski\",\"image\":{\"@type\":\"ImageObject\",\"inLanguage\":\"pl-PL\",\"@id\":\"https:\/\/odraniemen.org\/polacy-na-swiecie\/#\/schema\/person\/image\/\",\"url\":\"https:\/\/secure.gravatar.com\/avatar\/404ca3efd4b3a1b7c0732d658932c622?s=96&d=mm&r=g\",\"contentUrl\":\"https:\/\/secure.gravatar.com\/avatar\/404ca3efd4b3a1b7c0732d658932c622?s=96&d=mm&r=g\",\"caption\":\"Dominik Rozp\u0119dowski\"},\"url\":\"https:\/\/odraniemen.org\/polacy-na-swiecie\/author\/drozpedowski\/\"}]}<\/script>\n<!-- \/ Yoast SEO plugin. -->","yoast_head_json":{"title":"Z paczkami u rodak\u00f3w na Litwie - Polacy Ponad Granicami","description":"W miniony weekend w ramach akcji Rodacy Bohaterom zawie\u017ali\u015bmy do Rejonu Solecznickiego 270 paczek pami\u0119ci.","robots":{"index":"index","follow":"follow","max-snippet":"max-snippet:-1","max-image-preview":"max-image-preview:large","max-video-preview":"max-video-preview:-1"},"canonical":"https:\/\/odraniemen.org\/polacy-na-swiecie\/2024\/01\/19\/z-paczkami-u-polakow-na-litwie\/","og_locale":"pl_PL","og_type":"article","og_title":"Z paczkami u rodak\u00f3w na Litwie - Polacy Ponad Granicami","og_description":"W miniony weekend w ramach akcji Rodacy Bohaterom zawie\u017ali\u015bmy do Rejonu Solecznickiego 270 paczek pami\u0119ci.","og_url":"https:\/\/odraniemen.org\/polacy-na-swiecie\/2024\/01\/19\/z-paczkami-u-polakow-na-litwie\/","og_site_name":"Polacy Ponad Granicami","article_published_time":"2024-01-19T11:21:48+00:00","og_image":[{"width":2048,"height":1365,"url":"https:\/\/odraniemen.org\/polacy-na-swiecie\/wp-content\/uploads\/sites\/10\/2024\/03\/419261897_776881627800128_1920864414647334581_n.jpg","type":"image\/jpeg"}],"author":"Dominik Rozp\u0119dowski","twitter_card":"summary_large_image","twitter_misc":{"Napisane przez":"Dominik Rozp\u0119dowski","Szacowany czas czytania":"2 minuty"},"schema":{"@context":"https:\/\/schema.org","@graph":[{"@type":"Article","@id":"https:\/\/odraniemen.org\/polacy-na-swiecie\/2024\/01\/19\/z-paczkami-u-polakow-na-litwie\/#article","isPartOf":{"@id":"https:\/\/odraniemen.org\/polacy-na-swiecie\/2024\/01\/19\/z-paczkami-u-polakow-na-litwie\/"},"author":{"name":"Dominik Rozp\u0119dowski","@id":"https:\/\/odraniemen.org\/polacy-na-swiecie\/#\/schema\/person\/c984700c636a4cedb794a2cb7ab8d986"},"headline":"Z paczkami u rodak\u00f3w na Litwie","datePublished":"2024-01-19T11:21:48+00:00","dateModified":"2024-01-19T11:21:48+00:00","mainEntityOfPage":{"@id":"https:\/\/odraniemen.org\/polacy-na-swiecie\/2024\/01\/19\/z-paczkami-u-polakow-na-litwie\/"},"wordCount":129,"publisher":{"@id":"https:\/\/odraniemen.org\/polacy-na-swiecie\/#organization"},"keywords":["ponadgranicami","rodacybohaterom","wolontariat"],"articleSection":["Aktualno\u015bci"],"inLanguage":"pl-PL"},{"@type":"WebPage","@id":"https:\/\/odraniemen.org\/polacy-na-swiecie\/2024\/01\/19\/z-paczkami-u-polakow-na-litwie\/","url":"https:\/\/odraniemen.org\/polacy-na-swiecie\/2024\/01\/19\/z-paczkami-u-polakow-na-litwie\/","name":"Z paczkami u rodak\u00f3w na Litwie - Polacy Ponad Granicami","isPartOf":{"@id":"https:\/\/odraniemen.org\/polacy-na-swiecie\/#website"},"datePublished":"2024-01-19T11:21:48+00:00","dateModified":"2024-01-19T11:21:48+00:00","description":"W miniony weekend w ramach akcji Rodacy Bohaterom zawie\u017ali\u015bmy do Rejonu Solecznickiego 270 paczek pami\u0119ci.","breadcrumb":{"@id":"https:\/\/odraniemen.org\/polacy-na-swiecie\/2024\/01\/19\/z-paczkami-u-polakow-na-litwie\/#breadcrumb"},"inLanguage":"pl-PL","potentialAction":[{"@type":"ReadAction","target":["https:\/\/odraniemen.org\/polacy-na-swiecie\/2024\/01\/19\/z-paczkami-u-polakow-na-litwie\/"]}]},{"@type":"BreadcrumbList","@id":"https:\/\/odraniemen.org\/polacy-na-swiecie\/2024\/01\/19\/z-paczkami-u-polakow-na-litwie\/#breadcrumb","itemListElement":[{"@type":"ListItem","position":1,"name":"Strona g\u0142\u00f3wna","item":"https:\/\/odraniemen.org\/polacy-na-swiecie\/"},{"@type":"ListItem","position":2,"name":"Z paczkami u rodak\u00f3w na Litwie"}]},{"@type":"WebSite","@id":"https:\/\/odraniemen.org\/polacy-na-swiecie\/#website","url":"https:\/\/odraniemen.org\/polacy-na-swiecie\/","name":"Polacy Ponad Granicami","description":"Kolejna witryna sieci \u201eOdra-Niemen Witryny\u201d","publisher":{"@id":"https:\/\/odraniemen.org\/polacy-na-swiecie\/#organization"},"potentialAction":[{"@type":"SearchAction","target":{"@type":"EntryPoint","urlTemplate":"https:\/\/odraniemen.org\/polacy-na-swiecie\/?s={search_term_string}"},"query-input":"required name=search_term_string"}],"inLanguage":"pl-PL"},{"@type":"Organization","@id":"https:\/\/odraniemen.org\/polacy-na-swiecie\/#organization","name":"Polacy Ponad Granicami","url":"https:\/\/odraniemen.org\/polacy-na-swiecie\/","logo":{"@type":"ImageObject","inLanguage":"pl-PL","@id":"https:\/\/odraniemen.org\/polacy-na-swiecie\/#\/schema\/logo\/image\/","url":"https:\/\/odraniemen.org\/polacy-na-swiecie\/wp-content\/uploads\/sites\/10\/2025\/06\/cropped-Polacy-PONAD-GRANICAMI-logo.png","contentUrl":"https:\/\/odraniemen.org\/polacy-na-swiecie\/wp-content\/uploads\/sites\/10\/2025\/06\/cropped-Polacy-PONAD-GRANICAMI-logo.png","width":1546,"height":454,"caption":"Polacy Ponad Granicami"},"image":{"@id":"https:\/\/odraniemen.org\/polacy-na-swiecie\/#\/schema\/logo\/image\/"}},{"@type":"Person","@id":"https:\/\/odraniemen.org\/polacy-na-swiecie\/#\/schema\/person\/c984700c636a4cedb794a2cb7ab8d986","name":"Dominik Rozp\u0119dowski","image":{"@type":"ImageObject","inLanguage":"pl-PL","@id":"https:\/\/odraniemen.org\/polacy-na-swiecie\/#\/schema\/person\/image\/","url":"https:\/\/secure.gravatar.com\/avatar\/404ca3efd4b3a1b7c0732d658932c622?s=96&d=mm&r=g","contentUrl":"https:\/\/secure.gravatar.com\/avatar\/404ca3efd4b3a1b7c0732d658932c622?s=96&d=mm&r=g","caption":"Dominik Rozp\u0119dowski"},"url":"https:\/\/odraniemen.org\/polacy-na-swiecie\/author\/drozpedowski\/"}]}},"_links":{"self":[{"href":"https:\/\/odraniemen.org\/polacy-na-swiecie\/wp-json\/wp\/v2\/posts\/2980"}],"collection":[{"href":"https:\/\/odraniemen.org\/polacy-na-swiecie\/wp-json\/wp\/v2\/posts"}],"about":[{"href":"https:\/\/odraniemen.org\/polacy-na-swiecie\/wp-json\/wp\/v2\/types\/post"}],"author":[{"embeddable":true,"href":"https:\/\/odraniemen.org\/polacy-na-swiecie\/wp-json\/wp\/v2\/users\/8"}],"replies":[{"embeddable":true,"href":"https:\/\/odraniemen.org\/polacy-na-swiecie\/wp-json\/wp\/v2\/comments?post=2980"}],"version-history":[{"count":1,"href":"https:\/\/odraniemen.org\/polacy-na-swiecie\/wp-json\/wp\/v2\/posts\/2980\/revisions"}],"predecessor-version":[{"id":2987,"href":"https:\/\/odraniemen.org\/polacy-na-swiecie\/wp-json\/wp\/v2\/posts\/2980\/revisions\/2987"}],"wp:featuredmedia":[{"embeddable":true,"href":"https:\/\/odraniemen.org\/polacy-na-swiecie\/wp-json\/wp\/v2\/media\/2981"}],"wp:attachment":[{"href":"https:\/\/odraniemen.org\/polacy-na-swiecie\/wp-json\/wp\/v2\/media?parent=2980"}],"wp:term":[{"taxonomy":"category","embeddable":true,"href":"https:\/\/odraniemen.org\/polacy-na-swiecie\/wp-json\/wp\/v2\/categories?post=2980"},{"taxonomy":"post_tag","embeddable":true,"href":"https:\/\/odraniemen.org\/polacy-na-swiecie\/wp-json\/wp\/v2\/tags?post=2980"}],"curies":[{"name":"wp","href":"https:\/\/api.w.org\/{rel}","templated":true}]}}