
{"id":2999,"date":"2024-01-13T15:16:00","date_gmt":"2024-01-13T14:16:00","guid":{"rendered":"https:\/\/odraniemen.org\/polacy-na-swiecie\/2024\/01\/13\/podsumowanie-wyjazdow-do-polakow\/"},"modified":"2024-01-13T15:16:00","modified_gmt":"2024-01-13T14:16:00","slug":"podsumowanie-wyjazdow-do-polakow","status":"publish","type":"post","link":"https:\/\/odraniemen.org\/polacy-na-swiecie\/2024\/01\/13\/podsumowanie-wyjazdow-do-polakow\/","title":{"rendered":"Podsumowanie dotychczasowych wyjazd\u00f3w"},"content":{"rendered":"\n<p><strong>Stowarzyszenie Odra-Niemen po raz kolejny, ju\u017c od 15 lat, w ramach akcji Rodacy-Bohaterom wyrusza z Paczkami Pami\u0119ci do naszych Rodak\u00f3w, zamieszka\u0142ych na dawnych Kresach RP.<\/strong><\/p>\n\n\n\n<p>W listopadzie i grudniu odby\u0142y si\u0119 pierwsze \u015bwi\u0105teczne wyjazdy, w czasie kt\u00f3rych zosta\u0142y przekazane dary do nast\u0119puj\u0105cych \u015brodowisk:<\/p>\n\n\n\n<p><img loading=\"lazy\" decoding=\"async\" height=\"16\" width=\"16\" alt=\"\u203c\ufe0f\" src=\"https:\/\/static.xx.fbcdn.net\/images\/emoji.php\/v9\/tfe\/1.5\/16\/203c.png\"> 18-19.11.2023 Wyprawa zorganizowana przez <a href=\"https:\/\/www.facebook.com\/SONPodkarpacie?__cft__[0]=AZUPZ3XWvbhZpcLsgni-DJlfww-0PobLarINGc0uJGJrqS3voxjEbad1wHBzWfqHksjwHgi-YatnZhLUQqb6dlmSW0fd3_m2MDX1UiQoeF5BXFwgjcArIqmLXEDaMmGSL7c4YPkLgD51E1llpmhSGRQW&amp;__tn__=-]K-R\">Odra-Niemen Podkarpacie<\/a> na Ukrain\u0119, gdzie w Czortkowie przekazano ponad ton\u0119 dar\u00f3w<\/p>\n\n\n\n<p><img loading=\"lazy\" decoding=\"async\" height=\"16\" width=\"16\" alt=\"\u203c\ufe0f\" src=\"https:\/\/static.xx.fbcdn.net\/images\/emoji.php\/v9\/tfe\/1.5\/16\/203c.png\"> 7-10.12.2023 Wyprawa zorganizowana przez <a href=\"https:\/\/www.facebook.com\/OdraNiemenMazowsze?__cft__[0]=AZUPZ3XWvbhZpcLsgni-DJlfww-0PobLarINGc0uJGJrqS3voxjEbad1wHBzWfqHksjwHgi-YatnZhLUQqb6dlmSW0fd3_m2MDX1UiQoeF5BXFwgjcArIqmLXEDaMmGSL7c4YPkLgD51E1llpmhSGRQW&amp;__tn__=-]K-R\">Stowarzyszenie Odra-Niemen Oddzia\u0142 Mazowiecki<\/a> na Litw\u0119, gdzie w miejscowo\u015bci &#8211; J\u0119czmieniszki przekazano 103 paczki<\/p>\n\n\n\n<p><img loading=\"lazy\" decoding=\"async\" height=\"16\" width=\"16\" alt=\"\u203c\ufe0f\" src=\"https:\/\/static.xx.fbcdn.net\/images\/emoji.php\/v9\/tfe\/1.5\/16\/203c.png\"> 9-14.12. 2023 Wyprawa zorganizowana przez <a href=\"https:\/\/www.facebook.com\/sonwlkp?__cft__[0]=AZUPZ3XWvbhZpcLsgni-DJlfww-0PobLarINGc0uJGJrqS3voxjEbad1wHBzWfqHksjwHgi-YatnZhLUQqb6dlmSW0fd3_m2MDX1UiQoeF5BXFwgjcArIqmLXEDaMmGSL7c4YPkLgD51E1llpmhSGRQW&amp;__tn__=-]K-R\">Odra-Niemen Wielkopolska<\/a> na \u0141otw\u0119, gdzie w r\u00f3\u017cnych miejscach przekazano 137 paczek i przeprowadzono seri\u0119 lekcji historycznych<\/p>\n\n\n\n<p><img loading=\"lazy\" decoding=\"async\" height=\"16\" width=\"16\" alt=\"\u203c\ufe0f\" src=\"https:\/\/static.xx.fbcdn.net\/images\/emoji.php\/v9\/tfe\/1.5\/16\/203c.png\"> 18-20.12.2023 Wyprawa zorganizowana przez <a href=\"https:\/\/www.facebook.com\/OdraNiemen?__cft__[0]=AZUPZ3XWvbhZpcLsgni-DJlfww-0PobLarINGc0uJGJrqS3voxjEbad1wHBzWfqHksjwHgi-YatnZhLUQqb6dlmSW0fd3_m2MDX1UiQoeF5BXFwgjcArIqmLXEDaMmGSL7c4YPkLgD51E1llpmhSGRQW&amp;__tn__=-]K-R\">Stowarzyszenie Odra &#8211; Niemen<\/a> oraz Fundacj\u0119 <a href=\"https:\/\/www.facebook.com\/FundacjaLexLupus?__cft__[0]=AZUPZ3XWvbhZpcLsgni-DJlfww-0PobLarINGc0uJGJrqS3voxjEbad1wHBzWfqHksjwHgi-YatnZhLUQqb6dlmSW0fd3_m2MDX1UiQoeF5BXFwgjcArIqmLXEDaMmGSL7c4YPkLgD51E1llpmhSGRQW&amp;__tn__=-]K-R\">Lex Lupus<\/a> z Torunia na Litw\u0119, gdzie w Wilnie przekazano 74 paczek dla Sybirak\u00f3w, kombatant\u00f3w i wd\u00f3w po weteranach AK, a tak\u017ce dowieziono 80 paczek do \u015awi\u0119cian i 116 do dalekich Turmont<\/p>\n\n\n\n<p><img loading=\"lazy\" decoding=\"async\" height=\"16\" width=\"16\" alt=\"\u203c\ufe0f\" src=\"https:\/\/static.xx.fbcdn.net\/images\/emoji.php\/v9\/tfe\/1.5\/16\/203c.png\"> 27-30.12.2023 Wyprawa zorganizowana przez <a href=\"https:\/\/www.facebook.com\/OdraNiemenOpolskie?__cft__[0]=AZUPZ3XWvbhZpcLsgni-DJlfww-0PobLarINGc0uJGJrqS3voxjEbad1wHBzWfqHksjwHgi-YatnZhLUQqb6dlmSW0fd3_m2MDX1UiQoeF5BXFwgjcArIqmLXEDaMmGSL7c4YPkLgD51E1llpmhSGRQW&amp;__tn__=-]K-R\">Stowarzyszenie Odra-Niemen Oddzia\u0142 Opolski<\/a> na Litw\u0119, do Rejonu Solecznickiego. Tam przekazano 90 paczek oraz dary do jedynego Hospicjum na Litwie prowadzone przez polsk\u0105 Siostr\u0119 Michael\u0119 Rak<\/p>\n\n\n\n<p>To, co za nami, to ju\u017c spora cz\u0119\u015b\u0107 dar\u00f3w i du\u017ca logistyka wypraw. Jednak to nie wszystko, od stycznia do ko\u0144ca marca b\u0119dziemy intensywnie wywozi\u0107 kolejne dary, kt\u00f3re zebrali\u015bmy dzi\u0119ki darczy\u0144com z ca\u0142ej Polski.<\/p>\n\n\n\n<p><img loading=\"lazy\" decoding=\"async\" height=\"16\" width=\"16\" alt=\"\u203c\ufe0f\" src=\"https:\/\/static.xx.fbcdn.net\/images\/emoji.php\/v9\/tfe\/1.5\/16\/203c.png\"> W ten weekend 3 ekipy s\u0105 na Litwie: grupa wolontariuszy z Wielkopolski spotyka si\u0119 z Rodakami w Rejonie \u015awi\u0119cia\u0144skim, ekipa \u0142\u0105czonych \u015brodowisk z Wroc\u0142awia, Lublina, Warszawy, Bia\u0142egostoku zawozi paczki do kolejnych polskich rodzin w Rejonie Solecznickim, a grupa z Opolszczyzny wyje\u017cd\u017ca z paczkami do Rejonu Trockiego<\/p>\n\n\n\n<p><img loading=\"lazy\" decoding=\"async\" height=\"16\" width=\"16\" alt=\"\u203c\ufe0f\" src=\"https:\/\/static.xx.fbcdn.net\/images\/emoji.php\/v9\/tfe\/1.5\/16\/203c.png\"> Kolejny weekend to wyprawy do Lwowa, wolontariusze z Mazowsza jad\u0105 na Litw\u0119, <a href=\"https:\/\/www.facebook.com\/OdraNiemenLublin?__cft__[0]=AZUPZ3XWvbhZpcLsgni-DJlfww-0PobLarINGc0uJGJrqS3voxjEbad1wHBzWfqHksjwHgi-YatnZhLUQqb6dlmSW0fd3_m2MDX1UiQoeF5BXFwgjcArIqmLXEDaMmGSL7c4YPkLgD51E1llpmhSGRQW&amp;__tn__=-]K-R\">Stowarzyszenie Odra-Niemen Oddzia\u0142 Lubelski<\/a> organizuje wypraw\u0119 z Paczkami Pami\u0119ci do Polak\u00f3w zamieszkuj\u0105cych p\u00f3\u0142nocne tereny Litwy &#8211; Szy\u0142okarczma i K\u0142ajpeda. <a href=\"https:\/\/www.facebook.com\/traugutt.org?__cft__[0]=AZUPZ3XWvbhZpcLsgni-DJlfww-0PobLarINGc0uJGJrqS3voxjEbad1wHBzWfqHksjwHgi-YatnZhLUQqb6dlmSW0fd3_m2MDX1UiQoeF5BXFwgjcArIqmLXEDaMmGSL7c4YPkLgD51E1llpmhSGRQW&amp;__tn__=-]K-R\">Stowarzyszenie Traugutt.org<\/a> rusza z paczkami do Gminy Niemenczyn<\/p>\n\n\n\n<p><img loading=\"lazy\" decoding=\"async\" height=\"16\" width=\"16\" alt=\"\u203c\ufe0f\" src=\"https:\/\/static.xx.fbcdn.net\/images\/emoji.php\/v9\/tfe\/1.5\/16\/203c.png\"> W lutym ekipa ze <a href=\"https:\/\/www.facebook.com\/StowarzyszenieOdraNiemenMalopolska?__cft__[0]=AZUPZ3XWvbhZpcLsgni-DJlfww-0PobLarINGc0uJGJrqS3voxjEbad1wHBzWfqHksjwHgi-YatnZhLUQqb6dlmSW0fd3_m2MDX1UiQoeF5BXFwgjcArIqmLXEDaMmGSL7c4YPkLgD51E1llpmhSGRQW&amp;__tn__=-]K-R\">Odra-Niemen Ma\u0142opolska<\/a>, kolejne grupy wolontariuszy z Mazowsza, z Podkarpacia wyje\u017cd\u017caj\u0105 na Litw\u0119, do grup polskich \u015brodowisk, z kt\u00f3rymi od lat wsp\u00f3\u0142pracujemy.<\/p>\n\n\n\n<p>Ten plan to nie s\u0105 wszystkie wyjazdy z darami. Mamy te\u017c osobne dzia\u0142ania na rzecz wsparcia Polak\u00f3w z Bia\u0142orusi, odb\u0119dzie si\u0119 wyprawa do Rodak\u00f3w mieszkaj\u0105cych w Mo\u0142dawii i kolejne spotkania na Litwie.<\/p>\n\n\n\n<p>To zestawienie to tak\u017ce nasze robocze sprawozdanie z realizacji akcji Rodacy-Bohaterom, aby Pa\u0144stwo wiedzieli, jak du\u017co dar\u00f3w dzi\u0119ki Wam zebrali\u015bmy, gdzie te dary trafiaj\u0105. To tak\u017ce informacja na co wydajemy zebrane fundusze w ramach zbi\u00f3rki organizowanej we wsp\u00f3\u0142pracy z <a href=\"https:\/\/www.facebook.com\/siepomaga?__cft__[0]=AZUPZ3XWvbhZpcLsgni-DJlfww-0PobLarINGc0uJGJrqS3voxjEbad1wHBzWfqHksjwHgi-YatnZhLUQqb6dlmSW0fd3_m2MDX1UiQoeF5BXFwgjcArIqmLXEDaMmGSL7c4YPkLgD51E1llpmhSGRQW&amp;__tn__=-]K-R\">Siepomaga.pl<\/a>.<\/p>\n\n\n\n<figure class=\"wp-block-image aligncenter size-large\"><img decoding=\"async\" src=\"https:\/\/odraniemen.org\/polacy-na-swiecie\/wp-content\/uploads\/sites\/10\/2024\/03\/Czortkow-Ukraina-RB-2023-68-1024x1024.jpg\" alt=\"\" class=\"wp-image-3000\" \/><\/figure>\n\n\n\n<p>Koszty akcji to przede wszystkim benzyna, wynajem bus\u00f3w, zakupy brakuj\u0105cych artyku\u0142\u00f3w, karton\u00f3w i ta\u015bm, a tak\u017ce \u015brodki przekazywane na bezpo\u015bredni\u0105 pomoc polskim rodzinom z Bia\u0142orusi.<\/p>\n\n\n\n<p><img loading=\"lazy\" decoding=\"async\" height=\"16\" width=\"16\" alt=\"\u203c\ufe0f\" src=\"https:\/\/static.xx.fbcdn.net\/images\/emoji.php\/v9\/tfe\/1.5\/16\/203c.png\"> Wszyscy przy tej akcji pracujemy spo\u0142ecznie, to nasze presti\u017cowe zadanie i nasza to\u017csamo\u015bciowa dzia\u0142alno\u015b\u0107. Dzi\u0119ki \u017cyczliwo\u015bci wielu polskich \u015brodowisk, cz\u0119sto za granic\u0105 nocujemy bezp\u0142atnie np. w bursach szkolnych, ograniczaj\u0105c koszty pobytowe i dzi\u0119ki temu mo\u017cemy zabiera\u0107 ze sob\u0105 przedstawicieli grup, kt\u00f3re zbiera\u0142y dary w ramach akcji Rodacy-Bohaterom w swoich lokalnych \u015brodowiskach.<\/p>\n\n\n\n<p>Wszystkim pi\u0119knie dzi\u0119kujemy, za ka\u017cd\u0105 pomoc i prosimy o dalsze wspieranie naszej zbi\u00f3rki, bo jak sami Pa\u0144stwo widz\u0105, koszty tego zadania s\u0105 du\u017ce, a do ko\u0144ca marca jeszcze wiele potrzeb i wyzwa\u0144 przed nami.<\/p>\n\n\n\n<p>Link do zbi\u00f3rki: <a href=\"https:\/\/www.siepomaga.pl\/rodacy-bohaterom\">https:\/\/www.siepomaga.pl\/rodacy-bohaterom<\/a><\/p>\n\n\n\n<p><a href=\"https:\/\/www.facebook.com\/hashtag\/rodacybohaterom?__eep__=6&amp;__cft__[0]=AZUxLbgEyQjZ7R0h4EXrq968vdLc-jnFPtFJ52MwVClW0CKawvRCsqu0lYsa4qLgkYO3p77IB2F1-qPZ67srEmQeAZ69OC9zaXJzxFX80IVsOmYh3a5pX3Pngr40UfmW2yRa7X5PbZ39nxHEqZq-BVi4&amp;__tn__=*NK-R\">#rodacybohaterom<\/a><a href=\"https:\/\/www.facebook.com\/hashtag\/odraniemen?__eep__=6&amp;__cft__[0]=AZUxLbgEyQjZ7R0h4EXrq968vdLc-jnFPtFJ52MwVClW0CKawvRCsqu0lYsa4qLgkYO3p77IB2F1-qPZ67srEmQeAZ69OC9zaXJzxFX80IVsOmYh3a5pX3Pngr40UfmW2yRa7X5PbZ39nxHEqZq-BVi4&amp;__tn__=*NK-R\"> #odraniemen<\/a><a href=\"https:\/\/www.facebook.com\/hashtag\/15latrodacybohaterom?__eep__=6&amp;__cft__[0]=AZUxLbgEyQjZ7R0h4EXrq968vdLc-jnFPtFJ52MwVClW0CKawvRCsqu0lYsa4qLgkYO3p77IB2F1-qPZ67srEmQeAZ69OC9zaXJzxFX80IVsOmYh3a5pX3Pngr40UfmW2yRa7X5PbZ39nxHEqZq-BVi4&amp;__tn__=*NK-R\"> #15latrodacybohaterom<\/a><\/p>\n","protected":false},"excerpt":{"rendered":"<p>Stowarzyszenie Odra-Niemen po raz kolejny, ju\u017c od 15 lat, w ramach akcji Rodacy-Bohaterom wyrusza z Paczkami Pami\u0119ci do naszych Rodak\u00f3w, zamieszka\u0142ych na dawnych Kresach RP. W listopadzie i grudniu odby\u0142y si\u0119 pierwsze \u015bwi\u0105teczne wyjazdy, w czasie kt\u00f3rych zosta\u0142y przekazane dary do nast\u0119puj\u0105cych \u015brodowisk: 18-19.11.2023 Wyprawa zorganizowana przez Odra-Niemen Podkarpacie na Ukrain\u0119, gdzie w Czortkowie przekazano &hellip;<\/p>\n<p class=\"read-more\"> <a class=\"\" href=\"https:\/\/odraniemen.org\/polacy-na-swiecie\/2024\/01\/13\/podsumowanie-wyjazdow-do-polakow\/\"> <span class=\"screen-reader-text\">Podsumowanie dotychczasowych wyjazd\u00f3w<\/span> Read More &raquo;<\/a><\/p>\n","protected":false},"author":8,"featured_media":3001,"comment_status":"closed","ping_status":"closed","sticky":false,"template":"","format":"standard","meta":{"site-sidebar-layout":"default","site-content-layout":"","ast-site-content-layout":"","site-content-style":"default","site-sidebar-style":"default","ast-global-header-display":"","ast-banner-title-visibility":"","ast-main-header-display":"","ast-hfb-above-header-display":"","ast-hfb-below-header-display":"","ast-hfb-mobile-header-display":"","site-post-title":"","ast-breadcrumbs-content":"","ast-featured-img":"","footer-sml-layout":"","theme-transparent-header-meta":"","adv-header-id-meta":"","stick-header-meta":"","header-above-stick-meta":"","header-main-stick-meta":"","header-below-stick-meta":"","astra-migrate-meta-layouts":"","ast-page-background-enabled":"default","ast-page-background-meta":{"desktop":{"background-color":"","background-image":"","background-repeat":"repeat","background-position":"center center","background-size":"auto","background-attachment":"scroll","background-type":"","background-media":"","overlay-type":"","overlay-color":"","overlay-gradient":""},"tablet":{"background-color":"","background-image":"","background-repeat":"repeat","background-position":"center center","background-size":"auto","background-attachment":"scroll","background-type":"","background-media":"","overlay-type":"","overlay-color":"","overlay-gradient":""},"mobile":{"background-color":"","background-image":"","background-repeat":"repeat","background-position":"center center","background-size":"auto","background-attachment":"scroll","background-type":"","background-media":"","overlay-type":"","overlay-color":"","overlay-gradient":""}},"ast-content-background-meta":{"desktop":{"background-color":"var(--ast-global-color-5)","background-image":"","background-repeat":"repeat","background-position":"center center","background-size":"auto","background-attachment":"scroll","background-type":"","background-media":"","overlay-type":"","overlay-color":"","overlay-gradient":""},"tablet":{"background-color":"var(--ast-global-color-5)","background-image":"","background-repeat":"repeat","background-position":"center center","background-size":"auto","background-attachment":"scroll","background-type":"","background-media":"","overlay-type":"","overlay-color":"","overlay-gradient":""},"mobile":{"background-color":"var(--ast-global-color-5)","background-image":"","background-repeat":"repeat","background-position":"center center","background-size":"auto","background-attachment":"scroll","background-type":"","background-media":"","overlay-type":"","overlay-color":"","overlay-gradient":""}},"footnotes":""},"categories":[17],"tags":[81,70,71],"yoast_head":"<!-- This site is optimized with the Yoast SEO plugin v21.6 - https:\/\/yoast.com\/wordpress\/plugins\/seo\/ -->\n<title>Podsumowanie dotychczasowych wyjazd\u00f3w - Polacy Ponad Granicami<\/title>\n<meta name=\"description\" content=\"Stowarzyszenie Odra-Niemen po raz kolejny, ju\u017c od 15 lat, w ramach akcji Rodacy-Bohaterom wyrusza z paczkamii do naszych rodak\u00f3w na Kresach.\" \/>\n<meta name=\"robots\" content=\"index, follow, max-snippet:-1, max-image-preview:large, max-video-preview:-1\" \/>\n<link rel=\"canonical\" href=\"https:\/\/odraniemen.org\/polacy-na-swiecie\/2024\/01\/13\/podsumowanie-wyjazdow-do-polakow\/\" \/>\n<meta property=\"og:locale\" content=\"pl_PL\" \/>\n<meta property=\"og:type\" content=\"article\" \/>\n<meta property=\"og:title\" content=\"Podsumowanie dotychczasowych wyjazd\u00f3w - Polacy Ponad Granicami\" \/>\n<meta property=\"og:description\" content=\"Stowarzyszenie Odra-Niemen po raz kolejny, ju\u017c od 15 lat, w ramach akcji Rodacy-Bohaterom wyrusza z paczkamii do naszych rodak\u00f3w na Kresach.\" \/>\n<meta property=\"og:url\" content=\"https:\/\/odraniemen.org\/polacy-na-swiecie\/2024\/01\/13\/podsumowanie-wyjazdow-do-polakow\/\" \/>\n<meta property=\"og:site_name\" content=\"Polacy Ponad Granicami\" \/>\n<meta property=\"article:published_time\" content=\"2024-01-13T14:16:00+00:00\" \/>\n<meta property=\"og:image\" content=\"https:\/\/odraniemen.org\/polacy-na-swiecie\/wp-content\/uploads\/sites\/10\/2024\/03\/419338836_772600508228240_1040096603701465629_n.jpg\" \/>\n\t<meta property=\"og:image:width\" content=\"1600\" \/>\n\t<meta property=\"og:image:height\" content=\"1203\" \/>\n\t<meta property=\"og:image:type\" content=\"image\/jpeg\" \/>\n<meta name=\"author\" content=\"Dominik Rozp\u0119dowski\" \/>\n<meta name=\"twitter:card\" content=\"summary_large_image\" \/>\n<meta name=\"twitter:label1\" content=\"Napisane przez\" \/>\n\t<meta name=\"twitter:data1\" content=\"Dominik Rozp\u0119dowski\" \/>\n\t<meta name=\"twitter:label2\" content=\"Szacowany czas czytania\" \/>\n\t<meta name=\"twitter:data2\" content=\"6 minut\" \/>\n<script type=\"application\/ld+json\" class=\"yoast-schema-graph\">{\"@context\":\"https:\/\/schema.org\",\"@graph\":[{\"@type\":\"Article\",\"@id\":\"https:\/\/odraniemen.org\/polacy-na-swiecie\/2024\/01\/13\/podsumowanie-wyjazdow-do-polakow\/#article\",\"isPartOf\":{\"@id\":\"https:\/\/odraniemen.org\/polacy-na-swiecie\/2024\/01\/13\/podsumowanie-wyjazdow-do-polakow\/\"},\"author\":{\"name\":\"Dominik Rozp\u0119dowski\",\"@id\":\"https:\/\/odraniemen.org\/polacy-na-swiecie\/#\/schema\/person\/c984700c636a4cedb794a2cb7ab8d986\"},\"headline\":\"Podsumowanie dotychczasowych wyjazd\u00f3w\",\"datePublished\":\"2024-01-13T14:16:00+00:00\",\"dateModified\":\"2024-01-13T14:16:00+00:00\",\"mainEntityOfPage\":{\"@id\":\"https:\/\/odraniemen.org\/polacy-na-swiecie\/2024\/01\/13\/podsumowanie-wyjazdow-do-polakow\/\"},\"wordCount\":593,\"publisher\":{\"@id\":\"https:\/\/odraniemen.org\/polacy-na-swiecie\/#organization\"},\"keywords\":[\"ponadgranicami\",\"rodacybohaterom\",\"wolontariat\"],\"articleSection\":[\"Aktualno\u015bci\"],\"inLanguage\":\"pl-PL\"},{\"@type\":\"WebPage\",\"@id\":\"https:\/\/odraniemen.org\/polacy-na-swiecie\/2024\/01\/13\/podsumowanie-wyjazdow-do-polakow\/\",\"url\":\"https:\/\/odraniemen.org\/polacy-na-swiecie\/2024\/01\/13\/podsumowanie-wyjazdow-do-polakow\/\",\"name\":\"Podsumowanie dotychczasowych wyjazd\u00f3w - Polacy Ponad Granicami\",\"isPartOf\":{\"@id\":\"https:\/\/odraniemen.org\/polacy-na-swiecie\/#website\"},\"datePublished\":\"2024-01-13T14:16:00+00:00\",\"dateModified\":\"2024-01-13T14:16:00+00:00\",\"description\":\"Stowarzyszenie Odra-Niemen po raz kolejny, ju\u017c od 15 lat, w ramach akcji Rodacy-Bohaterom wyrusza z paczkamii do naszych rodak\u00f3w na Kresach.\",\"breadcrumb\":{\"@id\":\"https:\/\/odraniemen.org\/polacy-na-swiecie\/2024\/01\/13\/podsumowanie-wyjazdow-do-polakow\/#breadcrumb\"},\"inLanguage\":\"pl-PL\",\"potentialAction\":[{\"@type\":\"ReadAction\",\"target\":[\"https:\/\/odraniemen.org\/polacy-na-swiecie\/2024\/01\/13\/podsumowanie-wyjazdow-do-polakow\/\"]}]},{\"@type\":\"BreadcrumbList\",\"@id\":\"https:\/\/odraniemen.org\/polacy-na-swiecie\/2024\/01\/13\/podsumowanie-wyjazdow-do-polakow\/#breadcrumb\",\"itemListElement\":[{\"@type\":\"ListItem\",\"position\":1,\"name\":\"Strona g\u0142\u00f3wna\",\"item\":\"https:\/\/odraniemen.org\/polacy-na-swiecie\/\"},{\"@type\":\"ListItem\",\"position\":2,\"name\":\"Podsumowanie dotychczasowych wyjazd\u00f3w\"}]},{\"@type\":\"WebSite\",\"@id\":\"https:\/\/odraniemen.org\/polacy-na-swiecie\/#website\",\"url\":\"https:\/\/odraniemen.org\/polacy-na-swiecie\/\",\"name\":\"Polacy Ponad Granicami\",\"description\":\"Kolejna witryna sieci \u201eOdra-Niemen Witryny\u201d\",\"publisher\":{\"@id\":\"https:\/\/odraniemen.org\/polacy-na-swiecie\/#organization\"},\"potentialAction\":[{\"@type\":\"SearchAction\",\"target\":{\"@type\":\"EntryPoint\",\"urlTemplate\":\"https:\/\/odraniemen.org\/polacy-na-swiecie\/?s={search_term_string}\"},\"query-input\":\"required name=search_term_string\"}],\"inLanguage\":\"pl-PL\"},{\"@type\":\"Organization\",\"@id\":\"https:\/\/odraniemen.org\/polacy-na-swiecie\/#organization\",\"name\":\"Polacy Ponad Granicami\",\"url\":\"https:\/\/odraniemen.org\/polacy-na-swiecie\/\",\"logo\":{\"@type\":\"ImageObject\",\"inLanguage\":\"pl-PL\",\"@id\":\"https:\/\/odraniemen.org\/polacy-na-swiecie\/#\/schema\/logo\/image\/\",\"url\":\"https:\/\/odraniemen.org\/polacy-na-swiecie\/wp-content\/uploads\/sites\/10\/2025\/06\/cropped-Polacy-PONAD-GRANICAMI-logo.png\",\"contentUrl\":\"https:\/\/odraniemen.org\/polacy-na-swiecie\/wp-content\/uploads\/sites\/10\/2025\/06\/cropped-Polacy-PONAD-GRANICAMI-logo.png\",\"width\":1546,\"height\":454,\"caption\":\"Polacy Ponad Granicami\"},\"image\":{\"@id\":\"https:\/\/odraniemen.org\/polacy-na-swiecie\/#\/schema\/logo\/image\/\"}},{\"@type\":\"Person\",\"@id\":\"https:\/\/odraniemen.org\/polacy-na-swiecie\/#\/schema\/person\/c984700c636a4cedb794a2cb7ab8d986\",\"name\":\"Dominik Rozp\u0119dowski\",\"image\":{\"@type\":\"ImageObject\",\"inLanguage\":\"pl-PL\",\"@id\":\"https:\/\/odraniemen.org\/polacy-na-swiecie\/#\/schema\/person\/image\/\",\"url\":\"https:\/\/secure.gravatar.com\/avatar\/404ca3efd4b3a1b7c0732d658932c622?s=96&d=mm&r=g\",\"contentUrl\":\"https:\/\/secure.gravatar.com\/avatar\/404ca3efd4b3a1b7c0732d658932c622?s=96&d=mm&r=g\",\"caption\":\"Dominik Rozp\u0119dowski\"},\"url\":\"https:\/\/odraniemen.org\/polacy-na-swiecie\/author\/drozpedowski\/\"}]}<\/script>\n<!-- \/ Yoast SEO plugin. -->","yoast_head_json":{"title":"Podsumowanie dotychczasowych wyjazd\u00f3w - Polacy Ponad Granicami","description":"Stowarzyszenie Odra-Niemen po raz kolejny, ju\u017c od 15 lat, w ramach akcji Rodacy-Bohaterom wyrusza z paczkamii do naszych rodak\u00f3w na Kresach.","robots":{"index":"index","follow":"follow","max-snippet":"max-snippet:-1","max-image-preview":"max-image-preview:large","max-video-preview":"max-video-preview:-1"},"canonical":"https:\/\/odraniemen.org\/polacy-na-swiecie\/2024\/01\/13\/podsumowanie-wyjazdow-do-polakow\/","og_locale":"pl_PL","og_type":"article","og_title":"Podsumowanie dotychczasowych wyjazd\u00f3w - Polacy Ponad Granicami","og_description":"Stowarzyszenie Odra-Niemen po raz kolejny, ju\u017c od 15 lat, w ramach akcji Rodacy-Bohaterom wyrusza z paczkamii do naszych rodak\u00f3w na Kresach.","og_url":"https:\/\/odraniemen.org\/polacy-na-swiecie\/2024\/01\/13\/podsumowanie-wyjazdow-do-polakow\/","og_site_name":"Polacy Ponad Granicami","article_published_time":"2024-01-13T14:16:00+00:00","og_image":[{"width":1600,"height":1203,"url":"https:\/\/odraniemen.org\/polacy-na-swiecie\/wp-content\/uploads\/sites\/10\/2024\/03\/419338836_772600508228240_1040096603701465629_n.jpg","type":"image\/jpeg"}],"author":"Dominik Rozp\u0119dowski","twitter_card":"summary_large_image","twitter_misc":{"Napisane przez":"Dominik Rozp\u0119dowski","Szacowany czas czytania":"6 minut"},"schema":{"@context":"https:\/\/schema.org","@graph":[{"@type":"Article","@id":"https:\/\/odraniemen.org\/polacy-na-swiecie\/2024\/01\/13\/podsumowanie-wyjazdow-do-polakow\/#article","isPartOf":{"@id":"https:\/\/odraniemen.org\/polacy-na-swiecie\/2024\/01\/13\/podsumowanie-wyjazdow-do-polakow\/"},"author":{"name":"Dominik Rozp\u0119dowski","@id":"https:\/\/odraniemen.org\/polacy-na-swiecie\/#\/schema\/person\/c984700c636a4cedb794a2cb7ab8d986"},"headline":"Podsumowanie dotychczasowych wyjazd\u00f3w","datePublished":"2024-01-13T14:16:00+00:00","dateModified":"2024-01-13T14:16:00+00:00","mainEntityOfPage":{"@id":"https:\/\/odraniemen.org\/polacy-na-swiecie\/2024\/01\/13\/podsumowanie-wyjazdow-do-polakow\/"},"wordCount":593,"publisher":{"@id":"https:\/\/odraniemen.org\/polacy-na-swiecie\/#organization"},"keywords":["ponadgranicami","rodacybohaterom","wolontariat"],"articleSection":["Aktualno\u015bci"],"inLanguage":"pl-PL"},{"@type":"WebPage","@id":"https:\/\/odraniemen.org\/polacy-na-swiecie\/2024\/01\/13\/podsumowanie-wyjazdow-do-polakow\/","url":"https:\/\/odraniemen.org\/polacy-na-swiecie\/2024\/01\/13\/podsumowanie-wyjazdow-do-polakow\/","name":"Podsumowanie dotychczasowych wyjazd\u00f3w - Polacy Ponad Granicami","isPartOf":{"@id":"https:\/\/odraniemen.org\/polacy-na-swiecie\/#website"},"datePublished":"2024-01-13T14:16:00+00:00","dateModified":"2024-01-13T14:16:00+00:00","description":"Stowarzyszenie Odra-Niemen po raz kolejny, ju\u017c od 15 lat, w ramach akcji Rodacy-Bohaterom wyrusza z paczkamii do naszych rodak\u00f3w na Kresach.","breadcrumb":{"@id":"https:\/\/odraniemen.org\/polacy-na-swiecie\/2024\/01\/13\/podsumowanie-wyjazdow-do-polakow\/#breadcrumb"},"inLanguage":"pl-PL","potentialAction":[{"@type":"ReadAction","target":["https:\/\/odraniemen.org\/polacy-na-swiecie\/2024\/01\/13\/podsumowanie-wyjazdow-do-polakow\/"]}]},{"@type":"BreadcrumbList","@id":"https:\/\/odraniemen.org\/polacy-na-swiecie\/2024\/01\/13\/podsumowanie-wyjazdow-do-polakow\/#breadcrumb","itemListElement":[{"@type":"ListItem","position":1,"name":"Strona g\u0142\u00f3wna","item":"https:\/\/odraniemen.org\/polacy-na-swiecie\/"},{"@type":"ListItem","position":2,"name":"Podsumowanie dotychczasowych wyjazd\u00f3w"}]},{"@type":"WebSite","@id":"https:\/\/odraniemen.org\/polacy-na-swiecie\/#website","url":"https:\/\/odraniemen.org\/polacy-na-swiecie\/","name":"Polacy Ponad Granicami","description":"Kolejna witryna sieci \u201eOdra-Niemen Witryny\u201d","publisher":{"@id":"https:\/\/odraniemen.org\/polacy-na-swiecie\/#organization"},"potentialAction":[{"@type":"SearchAction","target":{"@type":"EntryPoint","urlTemplate":"https:\/\/odraniemen.org\/polacy-na-swiecie\/?s={search_term_string}"},"query-input":"required name=search_term_string"}],"inLanguage":"pl-PL"},{"@type":"Organization","@id":"https:\/\/odraniemen.org\/polacy-na-swiecie\/#organization","name":"Polacy Ponad Granicami","url":"https:\/\/odraniemen.org\/polacy-na-swiecie\/","logo":{"@type":"ImageObject","inLanguage":"pl-PL","@id":"https:\/\/odraniemen.org\/polacy-na-swiecie\/#\/schema\/logo\/image\/","url":"https:\/\/odraniemen.org\/polacy-na-swiecie\/wp-content\/uploads\/sites\/10\/2025\/06\/cropped-Polacy-PONAD-GRANICAMI-logo.png","contentUrl":"https:\/\/odraniemen.org\/polacy-na-swiecie\/wp-content\/uploads\/sites\/10\/2025\/06\/cropped-Polacy-PONAD-GRANICAMI-logo.png","width":1546,"height":454,"caption":"Polacy Ponad Granicami"},"image":{"@id":"https:\/\/odraniemen.org\/polacy-na-swiecie\/#\/schema\/logo\/image\/"}},{"@type":"Person","@id":"https:\/\/odraniemen.org\/polacy-na-swiecie\/#\/schema\/person\/c984700c636a4cedb794a2cb7ab8d986","name":"Dominik Rozp\u0119dowski","image":{"@type":"ImageObject","inLanguage":"pl-PL","@id":"https:\/\/odraniemen.org\/polacy-na-swiecie\/#\/schema\/person\/image\/","url":"https:\/\/secure.gravatar.com\/avatar\/404ca3efd4b3a1b7c0732d658932c622?s=96&d=mm&r=g","contentUrl":"https:\/\/secure.gravatar.com\/avatar\/404ca3efd4b3a1b7c0732d658932c622?s=96&d=mm&r=g","caption":"Dominik Rozp\u0119dowski"},"url":"https:\/\/odraniemen.org\/polacy-na-swiecie\/author\/drozpedowski\/"}]}},"_links":{"self":[{"href":"https:\/\/odraniemen.org\/polacy-na-swiecie\/wp-json\/wp\/v2\/posts\/2999"}],"collection":[{"href":"https:\/\/odraniemen.org\/polacy-na-swiecie\/wp-json\/wp\/v2\/posts"}],"about":[{"href":"https:\/\/odraniemen.org\/polacy-na-swiecie\/wp-json\/wp\/v2\/types\/post"}],"author":[{"embeddable":true,"href":"https:\/\/odraniemen.org\/polacy-na-swiecie\/wp-json\/wp\/v2\/users\/8"}],"replies":[{"embeddable":true,"href":"https:\/\/odraniemen.org\/polacy-na-swiecie\/wp-json\/wp\/v2\/comments?post=2999"}],"version-history":[{"count":1,"href":"https:\/\/odraniemen.org\/polacy-na-swiecie\/wp-json\/wp\/v2\/posts\/2999\/revisions"}],"predecessor-version":[{"id":3002,"href":"https:\/\/odraniemen.org\/polacy-na-swiecie\/wp-json\/wp\/v2\/posts\/2999\/revisions\/3002"}],"wp:featuredmedia":[{"embeddable":true,"href":"https:\/\/odraniemen.org\/polacy-na-swiecie\/wp-json\/wp\/v2\/media\/3001"}],"wp:attachment":[{"href":"https:\/\/odraniemen.org\/polacy-na-swiecie\/wp-json\/wp\/v2\/media?parent=2999"}],"wp:term":[{"taxonomy":"category","embeddable":true,"href":"https:\/\/odraniemen.org\/polacy-na-swiecie\/wp-json\/wp\/v2\/categories?post=2999"},{"taxonomy":"post_tag","embeddable":true,"href":"https:\/\/odraniemen.org\/polacy-na-swiecie\/wp-json\/wp\/v2\/tags?post=2999"}],"curies":[{"name":"wp","href":"https:\/\/api.w.org\/{rel}","templated":true}]}}