
{"id":556,"date":"2019-11-19T16:13:00","date_gmt":"2019-11-19T15:13:00","guid":{"rendered":"https:\/\/odraniemen.org\/polacy-na-swiecie\/2019\/11\/19\/10-lat-odry-niemen-i-wspolpracy-ponad-podzialami\/"},"modified":"2020-04-04T17:12:54","modified_gmt":"2020-04-04T15:12:54","slug":"10-lat-odry-niemen-i-wspolpracy-ponad-podzialami","status":"publish","type":"post","link":"https:\/\/odraniemen.org\/polacy-na-swiecie\/2019\/11\/19\/10-lat-odry-niemen-i-wspolpracy-ponad-podzialami\/","title":{"rendered":"10 Lat Odry-Niemen i wsp\u00f3\u0142pracy ponad podzia\u0142ami"},"content":{"rendered":"<figure class=\"gallery-item\">\n\t\t\t\t<a data-elementor-open-lightbox=\"yes\" data-elementor-lightbox-slideshow=\"ce2c4e7\" href=\"https:\/\/odraniemen.org\/wp-content\/uploads\/2020\/01\/logo2.jpg\"><img loading=\"lazy\" decoding=\"async\" width=\"150\" height=\"150\" src=\"https:\/\/odraniemen.org\/wp-content\/uploads\/2020\/01\/logo2-150x150.jpg\" alt=\"\"><\/a><br>\n\t\t\t<\/figure>\n<figure class=\"gallery-item\">\n\t\t\t\t<a data-elementor-open-lightbox=\"yes\" data-elementor-lightbox-slideshow=\"ce2c4e7\" data-elementor-lightbox-title=\"10- lecie Stowarzyszenia Odra-Niemen, urodzinowy tort\" href=\"https:\/\/odraniemen.org\/wp-content\/uploads\/2020\/01\/10-lecie-Stowarzyszenia-Odra-Niemen-210-of-207.jpg\"><img loading=\"lazy\" decoding=\"async\" width=\"150\" height=\"150\" src=\"https:\/\/odraniemen.org\/wp-content\/uploads\/2020\/01\/10-lecie-Stowarzyszenia-Odra-Niemen-210-of-207-150x150.jpg\" alt=\"\"><\/a><br>\n\t\t\t<\/figure>\n<figure class=\"gallery-item\">\n\t\t\t\t<a data-elementor-open-lightbox=\"yes\" data-elementor-lightbox-slideshow=\"ce2c4e7\" data-elementor-lightbox-title=\"10- lecie Stowarzyszenia Odra-Niemen - darczy\u0144cy naszej organizacji 207)\" href=\"https:\/\/odraniemen.org\/wp-content\/uploads\/2019\/01\/10-lecie-Stowarzyszenia-Odra-Niemen-124-of-207.jpg\"><img loading=\"lazy\" decoding=\"async\" width=\"150\" height=\"150\" src=\"https:\/\/odraniemen.org\/wp-content\/uploads\/2019\/01\/10-lecie-Stowarzyszenia-Odra-Niemen-124-of-207-150x150.jpg\" alt=\"\"><\/a><br>\n\t\t\t<\/figure>\n<figure class=\"gallery-item\">\n\t\t\t\t<a data-elementor-open-lightbox=\"yes\" data-elementor-lightbox-slideshow=\"ce2c4e7\" data-elementor-lightbox-title=\"10-lecie-Stowarzyszenia-Odra-Niemen, wolontariusze akcji Rodacy-Bohaterom\" href=\"https:\/\/odraniemen.org\/polacy-na-swiecie\/wp-content\/uploads\/sites\/10\/2020\/04\/10-lecie-Stowarzyszenia-Odra-Niemen-183-of-207.jpg\"><img loading=\"lazy\" decoding=\"async\" width=\"150\" height=\"150\" src=\"https:\/\/odraniemen.org\/polacy-na-swiecie\/wp-content\/uploads\/sites\/10\/2020\/04\/10-lecie-Stowarzyszenia-Odra-Niemen-183-of-207-150x150.jpg\" alt=\"\"><\/a><br>\n\t\t\t<\/figure>\n<figure class=\"gallery-item\">\n\t\t\t\t<a data-elementor-open-lightbox=\"yes\" data-elementor-lightbox-slideshow=\"ce2c4e7\" data-elementor-lightbox-title=\"10-lecie-Stowarzyszenia-Odra-Niemen i od 10 lat z p\u0142k Weronik\u0105 Sebastianowicz\" href=\"https:\/\/odraniemen.org\/polacy-na-swiecie\/wp-content\/uploads\/sites\/10\/2020\/04\/10-lecie-Stowarzyszenia-Odra-Niemen-200-of-207.jpg\"><img loading=\"lazy\" decoding=\"async\" width=\"150\" height=\"150\" src=\"https:\/\/odraniemen.org\/polacy-na-swiecie\/wp-content\/uploads\/sites\/10\/2020\/04\/10-lecie-Stowarzyszenia-Odra-Niemen-200-of-207-150x150.jpg\" alt=\"\"><\/a><br>\n\t\t\t<\/figure>\n<figure class=\"gallery-item\">\n\t\t\t\t<a data-elementor-open-lightbox=\"yes\" data-elementor-lightbox-slideshow=\"ce2c4e7\" data-elementor-lightbox-title=\"10-lecie-Stowarzyszenia-Odra-Niemen. Spotkania, warsztaty, podsumowania\" href=\"https:\/\/odraniemen.org\/polacy-na-swiecie\/wp-content\/uploads\/sites\/10\/2020\/04\/10-lecie-Stowarzyszenia-Odra-Niemen-213-of-207.jpg\"><img loading=\"lazy\" decoding=\"async\" width=\"150\" height=\"150\" src=\"https:\/\/odraniemen.org\/polacy-na-swiecie\/wp-content\/uploads\/sites\/10\/2020\/04\/10-lecie-Stowarzyszenia-Odra-Niemen-213-of-207-150x150.jpg\" alt=\"\"><\/a><br>\n\t\t\t<\/figure>\n<figure class=\"gallery-item\">\n\t\t\t\t<a data-elementor-open-lightbox=\"yes\" data-elementor-lightbox-slideshow=\"ce2c4e7\" data-elementor-lightbox-title=\"10-lecie-Stowarzyszenia-Odra-Niemen\" href=\"https:\/\/odraniemen.org\/polacy-na-swiecie\/wp-content\/uploads\/sites\/10\/2020\/04\/10-lecie-Stowarzyszenia-Odra-Niemen-111-of-207.jpg\"><img loading=\"lazy\" decoding=\"async\" width=\"150\" height=\"150\" src=\"https:\/\/odraniemen.org\/polacy-na-swiecie\/wp-content\/uploads\/sites\/10\/2020\/04\/10-lecie-Stowarzyszenia-Odra-Niemen-111-of-207-150x150.jpg\" alt=\"\"><\/a><br>\n\t\t\t<\/figure>\n<figure class=\"gallery-item\">\n\t\t\t\t<a data-elementor-open-lightbox=\"yes\" data-elementor-lightbox-slideshow=\"ce2c4e7\" data-elementor-lightbox-title=\"10- lecie Stowarzyszenia Odra-Niemen  i 10 lat z Teres\u0105 Sobol, szefow\u0105 ZPB w Iwie\u0144cu\" href=\"https:\/\/odraniemen.org\/wp-content\/uploads\/2020\/02\/10-lecie-Stowarzyszenia-Odra-Niemen-147-of-207.jpg\"><img loading=\"lazy\" decoding=\"async\" width=\"150\" height=\"150\" src=\"https:\/\/odraniemen.org\/wp-content\/uploads\/2020\/02\/10-lecie-Stowarzyszenia-Odra-Niemen-147-of-207-150x150.jpg\" alt=\"\"><\/a><br>\n\t\t\t<\/figure>\n<figure class=\"gallery-item\">\n\t\t\t\t<a data-elementor-open-lightbox=\"yes\" data-elementor-lightbox-slideshow=\"ce2c4e7\" data-elementor-lightbox-title=\"10-Lecie Odry-Niemen. Cz\u0142onkowie i przyjaciele z Polski i \u015bwiata\" href=\"https:\/\/odraniemen.org\/wp-content\/uploads\/2020\/02\/DSC_0171-crop-e1582312810239.jpg\"><img loading=\"lazy\" decoding=\"async\" width=\"150\" height=\"150\" src=\"https:\/\/odraniemen.org\/wp-content\/uploads\/2020\/02\/DSC_0171-crop-150x150.jpg\" alt=\"\"><\/a><br>\n\t\t\t<\/figure>\n<figure class=\"gallery-item\">\n\t\t\t\t<a data-elementor-open-lightbox=\"yes\" data-elementor-lightbox-slideshow=\"ce2c4e7\" data-elementor-lightbox-title=\"10-lecie-Stowarzyszenia-Odra-Niemen, spotkania mi\u0119zypokoleniowe\" href=\"https:\/\/odraniemen.org\/polacy-na-swiecie\/wp-content\/uploads\/sites\/10\/2020\/04\/10-lecie-Stowarzyszenia-Odra-Niemen-16-of-207-1.jpg\"><img loading=\"lazy\" decoding=\"async\" width=\"150\" height=\"150\" src=\"https:\/\/odraniemen.org\/polacy-na-swiecie\/wp-content\/uploads\/sites\/10\/2020\/04\/10-lecie-Stowarzyszenia-Odra-Niemen-16-of-207-1-150x150.jpg\" alt=\"\"><\/a><br>\n\t\t\t<\/figure>\n<figure class=\"gallery-item\">\n\t\t\t\t<a data-elementor-open-lightbox=\"yes\" data-elementor-lightbox-slideshow=\"ce2c4e7\" data-elementor-lightbox-title=\"10- lecie Stowarzyszenia Odra-Niemen - ekipa Odry-Niemen\" href=\"https:\/\/odraniemen.org\/wp-content\/uploads\/2019\/12\/78719763_2735377983167522_81388307409272832_o.jpg\"><img loading=\"lazy\" decoding=\"async\" width=\"150\" height=\"150\" src=\"https:\/\/odraniemen.org\/wp-content\/uploads\/2019\/12\/78719763_2735377983167522_81388307409272832_o-150x150.jpg\" alt=\"\"><\/a><br>\n\t\t\t<\/figure>\n<figure class=\"gallery-item\">\n\t\t\t\t<a data-elementor-open-lightbox=\"yes\" data-elementor-lightbox-slideshow=\"ce2c4e7\" data-elementor-lightbox-title=\"10- lecie Stowarzyszenia Odra-Niemen - ekipa Odry-Niemen\" href=\"https:\/\/odraniemen.org\/wp-content\/uploads\/2020\/01\/slajd_2-kopia.jpg\"><img loading=\"lazy\" decoding=\"async\" width=\"150\" height=\"150\" src=\"https:\/\/odraniemen.org\/wp-content\/uploads\/2020\/01\/slajd_2-kopia-150x150.jpg\" alt=\"\"><\/a><br>\n\t\t\t<\/figure>\n\n\n<p><p>Za nami wzruszaj\u0105cy wiecz\u00f3r zwi\u0105zany z <strong>Urodzinow\u0105 Gal\u0105 Stowarzyszenia Odra-Niemen.&nbsp;<\/strong>Za nami te\u017c 10 lat ci\u0119\u017ckiej pracy, pe\u0142nej barier, trud\u00f3w, ale i olbrzymiej satysfakcji. Za nami wiele spotka\u0144, przyja\u017ani, dumy i rado\u015bci. Za nami te\u017c wiele wykonanych zada\u0144 i wsp\u00f3\u0142pracy ponad podzia\u0142ami i granicami.<\/p>\n<p>Wzmocnieni obecno\u015bci\u0105 ponad 300 go\u015bci z Polski i zagranicy, na czele z go\u015bciem honorowym p\u0142k Weronik\u0105 Sebastianowicz, idziemy w dalsz\u0105 podr\u00f3\u017c. B\u0105d\u017acie Pa\u0144stwo z nami w tej drodze.<\/p>\n<p>To by\u0142 dzie\u0144 spotka\u0144, tak\u017ce wielu \u015brodowisk, aby debatowa\u0107 co dalej z rozpocz\u0119t\u0105 budow\u0105 federacji organizacji wok\u00f3\u0142 akcji Rodacy-Bohaterom.<\/p>\n<p><strong>To by\u0142 wielki dzie\u0144 dla nas, bo po raz pierwszy mogli\u015bmy podzi\u0119kowa\u0107 darczy\u0144com, wolontariuszom, przyjacio\u0142om z Polski i zagranicy. To by\u0142o wielkie \u015bwi\u0119to wolontariatu. I jak zwykle byli\u015bmy ponad podzia\u0142ami, mi\u0119dzypokoleniowo, z kombatantami, kt\u00f3rzy s\u0105 z nami zawsze.<\/strong><\/p><\/p>\n\n\n\n<p>To wa\u017cne dla nas wydarzenie, mogli\u015bmy zrealizowa\u0107 po raz pierwszy od 10 lat, dzi\u0119ki tytanicznej pracy wielu os\u00f3b z Odra-Niemen, ze wszystkich oddzia\u0142\u00f3w, tak\u017ce dzi\u0119ki przyjacio\u0142om naszego \u015brodowiska, dzi\u0119ki prywatnym darczy\u0144com.<\/p>\n<p>\n\n\n\n<\/p>\n<p>Nie bez znaczenia by\u0142 fakt, \u017ce po 10 latach mogli\u015bmy profesjonalnie i godnie zorganizowa\u0107 tak du\u017ce i znacz\u0105ce wydarzenie, by\u0142o wsparcie finansowe uzyskane dzi\u0119ki dotacjom instytucjonalnym. Wsparli nas:\u00a0<\/p>\n<p>Narodowy Instytut Wolno\u015bci &#8211; Centrum Rozwoju Instytucjonalnego oraz Urz\u0105d Marsza\u0142kowski Wojew\u00f3dztwa Dolno\u015bl\u0105skiego<\/p>\n<p><img loading=\"lazy\" decoding=\"async\" src=\"https:\/\/odraniemen.org\/polacy-na-swiecie\/wp-content\/uploads\/sites\/10\/2020\/04\/logotyp-umwd_rozszerzony-300x165.jpg\" alt=\"\" width=\"187\" height=\"103\" \/> <img loading=\"lazy\" decoding=\"async\" src=\"https:\/\/odraniemen.org\/wp-content\/uploads\/2020\/02\/Program-Rozwoju-Organizacji-Obywatelskich-300x200.jpg\" alt=\"\" width=\"164\" height=\"109\" \/> <img loading=\"lazy\" decoding=\"async\" src=\"https:\/\/odraniemen.org\/wp-content\/uploads\/2020\/02\/Rozszerzony.-Kolor.-PNG-1-300x59.png\" alt=\"\" width=\"300\" height=\"59\" \/><\/p>\n","protected":false},"excerpt":{"rendered":"<p>Za nami wzruszaj\u0105cy wiecz\u00f3r zwi\u0105zany z Urodzinow\u0105 Gal\u0105 Stowarzyszenia Odra-Niemen.&nbsp;Za nami te\u017c 10 lat ci\u0119\u017ckiej pracy, pe\u0142nej barier, trud\u00f3w, ale i olbrzymiej satysfakcji. Za nami wiele spotka\u0144, przyja\u017ani, dumy i rado\u015bci. Za nami te\u017c wiele wykonanych zada\u0144 i wsp\u00f3\u0142pracy ponad podzia\u0142ami i granicami. Wzmocnieni obecno\u015bci\u0105 ponad 300 go\u015bci z Polski i zagranicy, na czele z &hellip;<\/p>\n<p class=\"read-more\"> <a class=\"\" href=\"https:\/\/odraniemen.org\/polacy-na-swiecie\/2019\/11\/19\/10-lat-odry-niemen-i-wspolpracy-ponad-podzialami\/\"> <span class=\"screen-reader-text\">10 Lat Odry-Niemen i wsp\u00f3\u0142pracy ponad podzia\u0142ami<\/span> Read More &raquo;<\/a><\/p>\n","protected":false},"author":166,"featured_media":559,"comment_status":"closed","ping_status":"closed","sticky":false,"template":"","format":"standard","meta":{"site-sidebar-layout":"default","site-content-layout":"default","ast-site-content-layout":"","site-content-style":"default","site-sidebar-style":"default","ast-global-header-display":"","ast-banner-title-visibility":"","ast-main-header-display":"","ast-hfb-above-header-display":"","ast-hfb-below-header-display":"","ast-hfb-mobile-header-display":"","site-post-title":"","ast-breadcrumbs-content":"","ast-featured-img":"","footer-sml-layout":"","theme-transparent-header-meta":"default","adv-header-id-meta":"","stick-header-meta":"","header-above-stick-meta":"","header-main-stick-meta":"","header-below-stick-meta":"","astra-migrate-meta-layouts":"","ast-page-background-enabled":"default","ast-page-background-meta":{"desktop":{"background-color":"","background-image":"","background-repeat":"repeat","background-position":"center center","background-size":"auto","background-attachment":"scroll","background-type":"","background-media":"","overlay-type":"","overlay-color":"","overlay-gradient":""},"tablet":{"background-color":"","background-image":"","background-repeat":"repeat","background-position":"center center","background-size":"auto","background-attachment":"scroll","background-type":"","background-media":"","overlay-type":"","overlay-color":"","overlay-gradient":""},"mobile":{"background-color":"","background-image":"","background-repeat":"repeat","background-position":"center center","background-size":"auto","background-attachment":"scroll","background-type":"","background-media":"","overlay-type":"","overlay-color":"","overlay-gradient":""}},"ast-content-background-meta":{"desktop":{"background-color":"var(--ast-global-color-5)","background-image":"","background-repeat":"repeat","background-position":"center center","background-size":"auto","background-attachment":"scroll","background-type":"","background-media":"","overlay-type":"","overlay-color":"","overlay-gradient":""},"tablet":{"background-color":"var(--ast-global-color-5)","background-image":"","background-repeat":"repeat","background-position":"center center","background-size":"auto","background-attachment":"scroll","background-type":"","background-media":"","overlay-type":"","overlay-color":"","overlay-gradient":""},"mobile":{"background-color":"var(--ast-global-color-5)","background-image":"","background-repeat":"repeat","background-position":"center center","background-size":"auto","background-attachment":"scroll","background-type":"","background-media":"","overlay-type":"","overlay-color":"","overlay-gradient":""}},"footnotes":""},"categories":[17],"tags":[],"yoast_head":"<!-- This site is optimized with the Yoast SEO plugin v21.6 - https:\/\/yoast.com\/wordpress\/plugins\/seo\/ -->\n<title>10 Lat Odry-Niemen i wsp\u00f3\u0142pracy ponad podzia\u0142ami - Polacy Ponad Granicami<\/title>\n<meta name=\"robots\" content=\"index, follow, max-snippet:-1, max-image-preview:large, max-video-preview:-1\" \/>\n<link rel=\"canonical\" href=\"https:\/\/odraniemen.org\/polacy-na-swiecie\/2019\/11\/19\/10-lat-odry-niemen-i-wspolpracy-ponad-podzialami\/\" \/>\n<meta property=\"og:locale\" content=\"pl_PL\" \/>\n<meta property=\"og:type\" content=\"article\" \/>\n<meta property=\"og:title\" content=\"10 Lat Odry-Niemen i wsp\u00f3\u0142pracy ponad podzia\u0142ami - Polacy Ponad Granicami\" \/>\n<meta property=\"og:description\" content=\"Za nami wzruszaj\u0105cy wiecz\u00f3r zwi\u0105zany z Urodzinow\u0105 Gal\u0105 Stowarzyszenia Odra-Niemen.&nbsp;Za nami te\u017c 10 lat ci\u0119\u017ckiej pracy, pe\u0142nej barier, trud\u00f3w, ale i olbrzymiej satysfakcji. Za nami wiele spotka\u0144, przyja\u017ani, dumy i rado\u015bci. Za nami te\u017c wiele wykonanych zada\u0144 i wsp\u00f3\u0142pracy ponad podzia\u0142ami i granicami. Wzmocnieni obecno\u015bci\u0105 ponad 300 go\u015bci z Polski i zagranicy, na czele z &hellip; 10 Lat Odry-Niemen i wsp\u00f3\u0142pracy ponad podzia\u0142ami Read More &raquo;\" \/>\n<meta property=\"og:url\" content=\"https:\/\/odraniemen.org\/polacy-na-swiecie\/2019\/11\/19\/10-lat-odry-niemen-i-wspolpracy-ponad-podzialami\/\" \/>\n<meta property=\"og:site_name\" content=\"Polacy Ponad Granicami\" \/>\n<meta property=\"article:published_time\" content=\"2019-11-19T15:13:00+00:00\" \/>\n<meta property=\"article:modified_time\" content=\"2020-04-04T15:12:54+00:00\" \/>\n<meta property=\"og:image\" content=\"https:\/\/odraniemen.org\/polacy-na-swiecie\/wp-content\/uploads\/sites\/10\/2020\/04\/10-lecie-Stowarzyszenia-Odra-Niemen-213-of-207.jpg\" \/>\n\t<meta property=\"og:image:width\" content=\"1600\" \/>\n\t<meta property=\"og:image:height\" content=\"1067\" \/>\n\t<meta property=\"og:image:type\" content=\"image\/jpeg\" \/>\n<meta name=\"author\" content=\"jragin\" \/>\n<meta name=\"twitter:card\" content=\"summary_large_image\" \/>\n<meta name=\"twitter:label1\" content=\"Napisane przez\" \/>\n\t<meta name=\"twitter:data1\" content=\"jragin\" \/>\n\t<meta name=\"twitter:label2\" content=\"Szacowany czas czytania\" \/>\n\t<meta name=\"twitter:data2\" content=\"1 minuta\" \/>\n<script type=\"application\/ld+json\" class=\"yoast-schema-graph\">{\"@context\":\"https:\/\/schema.org\",\"@graph\":[{\"@type\":\"Article\",\"@id\":\"https:\/\/odraniemen.org\/polacy-na-swiecie\/2019\/11\/19\/10-lat-odry-niemen-i-wspolpracy-ponad-podzialami\/#article\",\"isPartOf\":{\"@id\":\"https:\/\/odraniemen.org\/polacy-na-swiecie\/2019\/11\/19\/10-lat-odry-niemen-i-wspolpracy-ponad-podzialami\/\"},\"author\":{\"name\":\"jragin\",\"@id\":\"https:\/\/odraniemen.org\/polacy-na-swiecie\/#\/schema\/person\/4564796a92b16f3ba7968aaa5a50c415\"},\"headline\":\"10 Lat Odry-Niemen i wsp\u00f3\u0142pracy ponad podzia\u0142ami\",\"datePublished\":\"2019-11-19T15:13:00+00:00\",\"dateModified\":\"2020-04-04T15:12:54+00:00\",\"mainEntityOfPage\":{\"@id\":\"https:\/\/odraniemen.org\/polacy-na-swiecie\/2019\/11\/19\/10-lat-odry-niemen-i-wspolpracy-ponad-podzialami\/\"},\"wordCount\":255,\"publisher\":{\"@id\":\"https:\/\/odraniemen.org\/polacy-na-swiecie\/#organization\"},\"articleSection\":[\"Aktualno\u015bci\"],\"inLanguage\":\"pl-PL\"},{\"@type\":\"WebPage\",\"@id\":\"https:\/\/odraniemen.org\/polacy-na-swiecie\/2019\/11\/19\/10-lat-odry-niemen-i-wspolpracy-ponad-podzialami\/\",\"url\":\"https:\/\/odraniemen.org\/polacy-na-swiecie\/2019\/11\/19\/10-lat-odry-niemen-i-wspolpracy-ponad-podzialami\/\",\"name\":\"10 Lat Odry-Niemen i wsp\u00f3\u0142pracy ponad podzia\u0142ami - Polacy Ponad Granicami\",\"isPartOf\":{\"@id\":\"https:\/\/odraniemen.org\/polacy-na-swiecie\/#website\"},\"datePublished\":\"2019-11-19T15:13:00+00:00\",\"dateModified\":\"2020-04-04T15:12:54+00:00\",\"breadcrumb\":{\"@id\":\"https:\/\/odraniemen.org\/polacy-na-swiecie\/2019\/11\/19\/10-lat-odry-niemen-i-wspolpracy-ponad-podzialami\/#breadcrumb\"},\"inLanguage\":\"pl-PL\",\"potentialAction\":[{\"@type\":\"ReadAction\",\"target\":[\"https:\/\/odraniemen.org\/polacy-na-swiecie\/2019\/11\/19\/10-lat-odry-niemen-i-wspolpracy-ponad-podzialami\/\"]}]},{\"@type\":\"BreadcrumbList\",\"@id\":\"https:\/\/odraniemen.org\/polacy-na-swiecie\/2019\/11\/19\/10-lat-odry-niemen-i-wspolpracy-ponad-podzialami\/#breadcrumb\",\"itemListElement\":[{\"@type\":\"ListItem\",\"position\":1,\"name\":\"Strona g\u0142\u00f3wna\",\"item\":\"https:\/\/odraniemen.org\/polacy-na-swiecie\/\"},{\"@type\":\"ListItem\",\"position\":2,\"name\":\"10 Lat Odry-Niemen i wsp\u00f3\u0142pracy ponad podzia\u0142ami\"}]},{\"@type\":\"WebSite\",\"@id\":\"https:\/\/odraniemen.org\/polacy-na-swiecie\/#website\",\"url\":\"https:\/\/odraniemen.org\/polacy-na-swiecie\/\",\"name\":\"Polacy Ponad Granicami\",\"description\":\"Kolejna witryna sieci \u201eOdra-Niemen Witryny\u201d\",\"publisher\":{\"@id\":\"https:\/\/odraniemen.org\/polacy-na-swiecie\/#organization\"},\"potentialAction\":[{\"@type\":\"SearchAction\",\"target\":{\"@type\":\"EntryPoint\",\"urlTemplate\":\"https:\/\/odraniemen.org\/polacy-na-swiecie\/?s={search_term_string}\"},\"query-input\":\"required name=search_term_string\"}],\"inLanguage\":\"pl-PL\"},{\"@type\":\"Organization\",\"@id\":\"https:\/\/odraniemen.org\/polacy-na-swiecie\/#organization\",\"name\":\"Polacy Ponad Granicami\",\"url\":\"https:\/\/odraniemen.org\/polacy-na-swiecie\/\",\"logo\":{\"@type\":\"ImageObject\",\"inLanguage\":\"pl-PL\",\"@id\":\"https:\/\/odraniemen.org\/polacy-na-swiecie\/#\/schema\/logo\/image\/\",\"url\":\"https:\/\/odraniemen.org\/polacy-na-swiecie\/wp-content\/uploads\/sites\/10\/2025\/06\/cropped-Polacy-PONAD-GRANICAMI-logo.png\",\"contentUrl\":\"https:\/\/odraniemen.org\/polacy-na-swiecie\/wp-content\/uploads\/sites\/10\/2025\/06\/cropped-Polacy-PONAD-GRANICAMI-logo.png\",\"width\":1546,\"height\":454,\"caption\":\"Polacy Ponad Granicami\"},\"image\":{\"@id\":\"https:\/\/odraniemen.org\/polacy-na-swiecie\/#\/schema\/logo\/image\/\"}},{\"@type\":\"Person\",\"@id\":\"https:\/\/odraniemen.org\/polacy-na-swiecie\/#\/schema\/person\/4564796a92b16f3ba7968aaa5a50c415\",\"name\":\"jragin\",\"image\":{\"@type\":\"ImageObject\",\"inLanguage\":\"pl-PL\",\"@id\":\"https:\/\/odraniemen.org\/polacy-na-swiecie\/#\/schema\/person\/image\/\",\"url\":\"https:\/\/secure.gravatar.com\/avatar\/70dc3b98116d5537cdd13645fde3c008?s=96&d=mm&r=g\",\"contentUrl\":\"https:\/\/secure.gravatar.com\/avatar\/70dc3b98116d5537cdd13645fde3c008?s=96&d=mm&r=g\",\"caption\":\"jragin\"},\"url\":\"https:\/\/odraniemen.org\/polacy-na-swiecie\/author\/jragin\/\"}]}<\/script>\n<!-- \/ Yoast SEO plugin. -->","yoast_head_json":{"title":"10 Lat Odry-Niemen i wsp\u00f3\u0142pracy ponad podzia\u0142ami - Polacy Ponad Granicami","robots":{"index":"index","follow":"follow","max-snippet":"max-snippet:-1","max-image-preview":"max-image-preview:large","max-video-preview":"max-video-preview:-1"},"canonical":"https:\/\/odraniemen.org\/polacy-na-swiecie\/2019\/11\/19\/10-lat-odry-niemen-i-wspolpracy-ponad-podzialami\/","og_locale":"pl_PL","og_type":"article","og_title":"10 Lat Odry-Niemen i wsp\u00f3\u0142pracy ponad podzia\u0142ami - Polacy Ponad Granicami","og_description":"Za nami wzruszaj\u0105cy wiecz\u00f3r zwi\u0105zany z Urodzinow\u0105 Gal\u0105 Stowarzyszenia Odra-Niemen.&nbsp;Za nami te\u017c 10 lat ci\u0119\u017ckiej pracy, pe\u0142nej barier, trud\u00f3w, ale i olbrzymiej satysfakcji. Za nami wiele spotka\u0144, przyja\u017ani, dumy i rado\u015bci. Za nami te\u017c wiele wykonanych zada\u0144 i wsp\u00f3\u0142pracy ponad podzia\u0142ami i granicami. Wzmocnieni obecno\u015bci\u0105 ponad 300 go\u015bci z Polski i zagranicy, na czele z &hellip; 10 Lat Odry-Niemen i wsp\u00f3\u0142pracy ponad podzia\u0142ami Read More &raquo;","og_url":"https:\/\/odraniemen.org\/polacy-na-swiecie\/2019\/11\/19\/10-lat-odry-niemen-i-wspolpracy-ponad-podzialami\/","og_site_name":"Polacy Ponad Granicami","article_published_time":"2019-11-19T15:13:00+00:00","article_modified_time":"2020-04-04T15:12:54+00:00","og_image":[{"width":1600,"height":1067,"url":"https:\/\/odraniemen.org\/polacy-na-swiecie\/wp-content\/uploads\/sites\/10\/2020\/04\/10-lecie-Stowarzyszenia-Odra-Niemen-213-of-207.jpg","type":"image\/jpeg"}],"author":"jragin","twitter_card":"summary_large_image","twitter_misc":{"Napisane przez":"jragin","Szacowany czas czytania":"1 minuta"},"schema":{"@context":"https:\/\/schema.org","@graph":[{"@type":"Article","@id":"https:\/\/odraniemen.org\/polacy-na-swiecie\/2019\/11\/19\/10-lat-odry-niemen-i-wspolpracy-ponad-podzialami\/#article","isPartOf":{"@id":"https:\/\/odraniemen.org\/polacy-na-swiecie\/2019\/11\/19\/10-lat-odry-niemen-i-wspolpracy-ponad-podzialami\/"},"author":{"name":"jragin","@id":"https:\/\/odraniemen.org\/polacy-na-swiecie\/#\/schema\/person\/4564796a92b16f3ba7968aaa5a50c415"},"headline":"10 Lat Odry-Niemen i wsp\u00f3\u0142pracy ponad podzia\u0142ami","datePublished":"2019-11-19T15:13:00+00:00","dateModified":"2020-04-04T15:12:54+00:00","mainEntityOfPage":{"@id":"https:\/\/odraniemen.org\/polacy-na-swiecie\/2019\/11\/19\/10-lat-odry-niemen-i-wspolpracy-ponad-podzialami\/"},"wordCount":255,"publisher":{"@id":"https:\/\/odraniemen.org\/polacy-na-swiecie\/#organization"},"articleSection":["Aktualno\u015bci"],"inLanguage":"pl-PL"},{"@type":"WebPage","@id":"https:\/\/odraniemen.org\/polacy-na-swiecie\/2019\/11\/19\/10-lat-odry-niemen-i-wspolpracy-ponad-podzialami\/","url":"https:\/\/odraniemen.org\/polacy-na-swiecie\/2019\/11\/19\/10-lat-odry-niemen-i-wspolpracy-ponad-podzialami\/","name":"10 Lat Odry-Niemen i wsp\u00f3\u0142pracy ponad podzia\u0142ami - Polacy Ponad Granicami","isPartOf":{"@id":"https:\/\/odraniemen.org\/polacy-na-swiecie\/#website"},"datePublished":"2019-11-19T15:13:00+00:00","dateModified":"2020-04-04T15:12:54+00:00","breadcrumb":{"@id":"https:\/\/odraniemen.org\/polacy-na-swiecie\/2019\/11\/19\/10-lat-odry-niemen-i-wspolpracy-ponad-podzialami\/#breadcrumb"},"inLanguage":"pl-PL","potentialAction":[{"@type":"ReadAction","target":["https:\/\/odraniemen.org\/polacy-na-swiecie\/2019\/11\/19\/10-lat-odry-niemen-i-wspolpracy-ponad-podzialami\/"]}]},{"@type":"BreadcrumbList","@id":"https:\/\/odraniemen.org\/polacy-na-swiecie\/2019\/11\/19\/10-lat-odry-niemen-i-wspolpracy-ponad-podzialami\/#breadcrumb","itemListElement":[{"@type":"ListItem","position":1,"name":"Strona g\u0142\u00f3wna","item":"https:\/\/odraniemen.org\/polacy-na-swiecie\/"},{"@type":"ListItem","position":2,"name":"10 Lat Odry-Niemen i wsp\u00f3\u0142pracy ponad podzia\u0142ami"}]},{"@type":"WebSite","@id":"https:\/\/odraniemen.org\/polacy-na-swiecie\/#website","url":"https:\/\/odraniemen.org\/polacy-na-swiecie\/","name":"Polacy Ponad Granicami","description":"Kolejna witryna sieci \u201eOdra-Niemen Witryny\u201d","publisher":{"@id":"https:\/\/odraniemen.org\/polacy-na-swiecie\/#organization"},"potentialAction":[{"@type":"SearchAction","target":{"@type":"EntryPoint","urlTemplate":"https:\/\/odraniemen.org\/polacy-na-swiecie\/?s={search_term_string}"},"query-input":"required name=search_term_string"}],"inLanguage":"pl-PL"},{"@type":"Organization","@id":"https:\/\/odraniemen.org\/polacy-na-swiecie\/#organization","name":"Polacy Ponad Granicami","url":"https:\/\/odraniemen.org\/polacy-na-swiecie\/","logo":{"@type":"ImageObject","inLanguage":"pl-PL","@id":"https:\/\/odraniemen.org\/polacy-na-swiecie\/#\/schema\/logo\/image\/","url":"https:\/\/odraniemen.org\/polacy-na-swiecie\/wp-content\/uploads\/sites\/10\/2025\/06\/cropped-Polacy-PONAD-GRANICAMI-logo.png","contentUrl":"https:\/\/odraniemen.org\/polacy-na-swiecie\/wp-content\/uploads\/sites\/10\/2025\/06\/cropped-Polacy-PONAD-GRANICAMI-logo.png","width":1546,"height":454,"caption":"Polacy Ponad Granicami"},"image":{"@id":"https:\/\/odraniemen.org\/polacy-na-swiecie\/#\/schema\/logo\/image\/"}},{"@type":"Person","@id":"https:\/\/odraniemen.org\/polacy-na-swiecie\/#\/schema\/person\/4564796a92b16f3ba7968aaa5a50c415","name":"jragin","image":{"@type":"ImageObject","inLanguage":"pl-PL","@id":"https:\/\/odraniemen.org\/polacy-na-swiecie\/#\/schema\/person\/image\/","url":"https:\/\/secure.gravatar.com\/avatar\/70dc3b98116d5537cdd13645fde3c008?s=96&d=mm&r=g","contentUrl":"https:\/\/secure.gravatar.com\/avatar\/70dc3b98116d5537cdd13645fde3c008?s=96&d=mm&r=g","caption":"jragin"},"url":"https:\/\/odraniemen.org\/polacy-na-swiecie\/author\/jragin\/"}]}},"_links":{"self":[{"href":"https:\/\/odraniemen.org\/polacy-na-swiecie\/wp-json\/wp\/v2\/posts\/556"}],"collection":[{"href":"https:\/\/odraniemen.org\/polacy-na-swiecie\/wp-json\/wp\/v2\/posts"}],"about":[{"href":"https:\/\/odraniemen.org\/polacy-na-swiecie\/wp-json\/wp\/v2\/types\/post"}],"author":[{"embeddable":true,"href":"https:\/\/odraniemen.org\/polacy-na-swiecie\/wp-json\/wp\/v2\/users\/166"}],"replies":[{"embeddable":true,"href":"https:\/\/odraniemen.org\/polacy-na-swiecie\/wp-json\/wp\/v2\/comments?post=556"}],"version-history":[{"count":1,"href":"https:\/\/odraniemen.org\/polacy-na-swiecie\/wp-json\/wp\/v2\/posts\/556\/revisions"}],"predecessor-version":[{"id":568,"href":"https:\/\/odraniemen.org\/polacy-na-swiecie\/wp-json\/wp\/v2\/posts\/556\/revisions\/568"}],"wp:featuredmedia":[{"embeddable":true,"href":"https:\/\/odraniemen.org\/polacy-na-swiecie\/wp-json\/wp\/v2\/media\/559"}],"wp:attachment":[{"href":"https:\/\/odraniemen.org\/polacy-na-swiecie\/wp-json\/wp\/v2\/media?parent=556"}],"wp:term":[{"taxonomy":"category","embeddable":true,"href":"https:\/\/odraniemen.org\/polacy-na-swiecie\/wp-json\/wp\/v2\/categories?post=556"},{"taxonomy":"post_tag","embeddable":true,"href":"https:\/\/odraniemen.org\/polacy-na-swiecie\/wp-json\/wp\/v2\/tags?post=556"}],"curies":[{"name":"wp","href":"https:\/\/api.w.org\/{rel}","templated":true}]}}