
{"id":570,"date":"2019-11-11T02:36:00","date_gmt":"2019-11-11T01:36:00","guid":{"rendered":"https:\/\/odraniemen.org\/polacy-na-swiecie\/2019\/11\/11\/miejsca-pamieci-na-zaolziu\/"},"modified":"2021-11-23T17:49:01","modified_gmt":"2021-11-23T16:49:01","slug":"miejsca-pamieci-na-zaolziu","status":"publish","type":"post","link":"https:\/\/odraniemen.org\/polacy-na-swiecie\/2019\/11\/11\/miejsca-pamieci-na-zaolziu\/","title":{"rendered":"Miejsca pami\u0119ci na Zaolziu"},"content":{"rendered":"<figure class=\"gallery-item\">\n\t\t\t\t<a data-elementor-open-lightbox=\"yes\" data-elementor-lightbox-slideshow=\"817f8a6\" data-elementor-lightbox-title=\"76919965_2523541307876710_4266130679416225792_n\" href=\"https:\/\/odraniemen.org\/polacy-na-swiecie\/wp-content\/uploads\/sites\/10\/2020\/04\/76919965_2523541307876710_4266130679416225792_n.jpg\"><img loading=\"lazy\" decoding=\"async\" width=\"150\" height=\"150\" src=\"https:\/\/odraniemen.org\/polacy-na-swiecie\/wp-content\/uploads\/sites\/10\/2020\/04\/76919965_2523541307876710_4266130679416225792_n-150x150.jpg\" alt=\"\"><\/a><br>\n\t\t\t<\/figure>\n<figure class=\"gallery-item\">\n\t\t\t\t<a data-elementor-open-lightbox=\"yes\" data-elementor-lightbox-slideshow=\"817f8a6\" data-elementor-lightbox-title=\"75412360_2523541121210062_9088838667413225472_n\" href=\"https:\/\/odraniemen.org\/polacy-na-swiecie\/wp-content\/uploads\/sites\/10\/2020\/04\/75412360_2523541121210062_9088838667413225472_n.jpg\"><img loading=\"lazy\" decoding=\"async\" width=\"150\" height=\"150\" src=\"https:\/\/odraniemen.org\/polacy-na-swiecie\/wp-content\/uploads\/sites\/10\/2020\/04\/75412360_2523541121210062_9088838667413225472_n-150x150.jpg\" alt=\"\"><\/a><br>\n\t\t\t<\/figure>\n<figure class=\"gallery-item\">\n\t\t\t\t<a data-elementor-open-lightbox=\"yes\" data-elementor-lightbox-slideshow=\"817f8a6\" data-elementor-lightbox-title=\"75339531_2523541664543341_4932370636346490880_n\" href=\"https:\/\/odraniemen.org\/polacy-na-swiecie\/wp-content\/uploads\/sites\/10\/2020\/04\/75339531_2523541664543341_4932370636346490880_n.jpg\"><img loading=\"lazy\" decoding=\"async\" width=\"150\" height=\"150\" src=\"https:\/\/odraniemen.org\/polacy-na-swiecie\/wp-content\/uploads\/sites\/10\/2020\/04\/75339531_2523541664543341_4932370636346490880_n-150x150.jpg\" alt=\"\"><\/a><br>\n\t\t\t<\/figure>\n<figure class=\"gallery-item\">\n\t\t\t\t<a data-elementor-open-lightbox=\"yes\" data-elementor-lightbox-slideshow=\"817f8a6\" data-elementor-lightbox-title=\"Zaolzie\" href=\"https:\/\/odraniemen.org\/polacy-na-swiecie\/wp-content\/uploads\/sites\/10\/2020\/04\/75043221_2523541071210067_7582751983560294400_n.jpg\"><img loading=\"lazy\" decoding=\"async\" width=\"150\" height=\"150\" src=\"https:\/\/odraniemen.org\/polacy-na-swiecie\/wp-content\/uploads\/sites\/10\/2020\/04\/75043221_2523541071210067_7582751983560294400_n-150x150.jpg\" alt=\"\"><\/a><br>\n\t\t\t<\/figure>\n<figure class=\"gallery-item\">\n\t\t\t\t<a data-elementor-open-lightbox=\"yes\" data-elementor-lightbox-slideshow=\"817f8a6\" data-elementor-lightbox-title=\"Zaolzie\" href=\"https:\/\/odraniemen.org\/polacy-na-swiecie\/wp-content\/uploads\/sites\/10\/2020\/04\/73403938_2523541484543359_6336324415239749632_n.jpg\"><img loading=\"lazy\" decoding=\"async\" width=\"150\" height=\"150\" src=\"https:\/\/odraniemen.org\/polacy-na-swiecie\/wp-content\/uploads\/sites\/10\/2020\/04\/73403938_2523541484543359_6336324415239749632_n-150x150.jpg\" alt=\"\"><\/a><br>\n\t\t\t<\/figure>\n<figure class=\"gallery-item\">\n\t\t\t\t<a data-elementor-open-lightbox=\"yes\" data-elementor-lightbox-slideshow=\"817f8a6\" data-elementor-lightbox-title=\"Zaolzie\" href=\"https:\/\/odraniemen.org\/polacy-na-swiecie\/wp-content\/uploads\/sites\/10\/2020\/04\/69310841_2523541234543384_3431749869608370176_n.jpg\"><img loading=\"lazy\" decoding=\"async\" width=\"150\" height=\"150\" src=\"https:\/\/odraniemen.org\/polacy-na-swiecie\/wp-content\/uploads\/sites\/10\/2020\/04\/69310841_2523541234543384_3431749869608370176_n-150x150.jpg\" alt=\"\"><\/a><br>\n\t\t\t<\/figure>\n<figure class=\"gallery-item\">\n\t\t\t\t<a data-elementor-open-lightbox=\"yes\" data-elementor-lightbox-slideshow=\"817f8a6\" data-elementor-lightbox-title=\"Zaolzie - Upami\u0119tnianie polskich miejsc pami\u0119ci przez ekip\u0119 Odra-Niemen Oddzia\u0142 Opolski\" href=\"https:\/\/odraniemen.org\/wp-content\/uploads\/2019\/05\/60126347_2335729793132345_1608672557538476032_o.jpg\"><img loading=\"lazy\" decoding=\"async\" width=\"150\" height=\"150\" src=\"https:\/\/odraniemen.org\/wp-content\/uploads\/2019\/05\/60126347_2335729793132345_1608672557538476032_o-150x150.jpg\" alt=\"\"><\/a><br>\n\t\t\t<\/figure>\n<figure class=\"gallery-item\">\n\t\t\t\t<a data-elementor-open-lightbox=\"yes\" data-elementor-lightbox-slideshow=\"817f8a6\" data-elementor-lightbox-title=\"Zaolzie - Upami\u0119tnianie polskich miejsc pami\u0119ci przez ekip\u0119 Odra-Niemen Oddzia\u0142 Opolski ania polskich \u015brodowisk pozarz\u0105dowych z Polski, Czech i Ukrainy\" href=\"https:\/\/odraniemen.org\/wp-content\/uploads\/2019\/11\/46951600_2256118967952280_643448038664175616_o.jpg\"><img loading=\"lazy\" decoding=\"async\" width=\"150\" height=\"150\" src=\"https:\/\/odraniemen.org\/wp-content\/uploads\/2019\/11\/46951600_2256118967952280_643448038664175616_o-150x150.jpg\" alt=\"\"><\/a><br>\n\t\t\t<\/figure>\n\n\n<p>Oddzia\u0142 Opolski SON kolejny raz odwiedzi\u0142 Zaolzie. Pomniki ofiar I i II wojny \u015bwiatowej, groby poleg\u0142ych i pomordowanych wojnie polsko-czechos\u0142owackiej w 1919 r., pomnik upami\u0119tniaj\u0105cy pobyt w Gr\u00f3dku Wincentego Witosa, tablica na domu w Jab\u0142onkowie, gdzie mieszka\u0142 J\u00f3zef Pi\u0142sudski, groby uczestnika bitwy o Mt Cassino i \u017co\u0142nierza ze zgrupowania kpt. &#8220;Bartka&#8221;, mogi\u0142a g\u00f3rnik\u00f3w w Karwinie z 1895 r. to niekt\u00f3re z miejsc, gdzie w przededniu Narodowego \u015awi\u0119ta Niepodleg\u0142o\u015bci zap\u0142on\u0119\u0142y znicze i stan\u0119\u0142y bia\u0142o-czerwone wi\u0105zanki.<\/p>\n\n\n\n<p><strong>Projekt jest wsp\u00f3\u0142finansowany ze \u015brodk\u00f3w MKiDN.<\/strong><\/p>\n\n\n\n<p><figure>\n<figure><img loading=\"lazy\" decoding=\"async\" src=\"https:\/\/odraniemen.org\/wp-content\/uploads\/2020\/02\/mkidn_01_cmyk-300x300.jpg\" alt=\"\" width=\"139\" height=\"139\"><\/figure>\n<\/figure><\/p>\n\n\n<p><!-- \/wp:group --><\/p>","protected":false},"excerpt":{"rendered":"<p>Oddzia\u0142 Opolski SON kolejny raz odwiedzi\u0142 Zaolzie. Pomniki ofiar I i II wojny \u015bwiatowej, groby poleg\u0142ych i pomordowanych wojnie polsko-czechos\u0142owackiej w 1919 r., pomnik upami\u0119tniaj\u0105cy pobyt w Gr\u00f3dku Wincentego Witosa, tablica na domu w Jab\u0142onkowie, gdzie mieszka\u0142 J\u00f3zef Pi\u0142sudski, groby uczestnika bitwy o Mt Cassino i \u017co\u0142nierza ze zgrupowania kpt. &#8220;Bartka&#8221;, mogi\u0142a g\u00f3rnik\u00f3w w Karwinie &hellip;<\/p>\n<p class=\"read-more\"> <a class=\"\" href=\"https:\/\/odraniemen.org\/polacy-na-swiecie\/2019\/11\/11\/miejsca-pamieci-na-zaolziu\/\"> <span class=\"screen-reader-text\">Miejsca pami\u0119ci na Zaolziu<\/span> Read More &raquo;<\/a><\/p>\n","protected":false},"author":9,"featured_media":575,"comment_status":"closed","ping_status":"closed","sticky":false,"template":"","format":"standard","meta":{"site-sidebar-layout":"default","site-content-layout":"default","ast-site-content-layout":"","site-content-style":"default","site-sidebar-style":"default","ast-global-header-display":"","ast-banner-title-visibility":"","ast-main-header-display":"","ast-hfb-above-header-display":"","ast-hfb-below-header-display":"","ast-hfb-mobile-header-display":"","site-post-title":"","ast-breadcrumbs-content":"","ast-featured-img":"","footer-sml-layout":"","theme-transparent-header-meta":"default","adv-header-id-meta":"","stick-header-meta":"","header-above-stick-meta":"","header-main-stick-meta":"","header-below-stick-meta":"","astra-migrate-meta-layouts":"","ast-page-background-enabled":"default","ast-page-background-meta":{"desktop":{"background-color":"","background-image":"","background-repeat":"repeat","background-position":"center center","background-size":"auto","background-attachment":"scroll","background-type":"","background-media":"","overlay-type":"","overlay-color":"","overlay-gradient":""},"tablet":{"background-color":"","background-image":"","background-repeat":"repeat","background-position":"center center","background-size":"auto","background-attachment":"scroll","background-type":"","background-media":"","overlay-type":"","overlay-color":"","overlay-gradient":""},"mobile":{"background-color":"","background-image":"","background-repeat":"repeat","background-position":"center center","background-size":"auto","background-attachment":"scroll","background-type":"","background-media":"","overlay-type":"","overlay-color":"","overlay-gradient":""}},"ast-content-background-meta":{"desktop":{"background-color":"var(--ast-global-color-5)","background-image":"","background-repeat":"repeat","background-position":"center center","background-size":"auto","background-attachment":"scroll","background-type":"","background-media":"","overlay-type":"","overlay-color":"","overlay-gradient":""},"tablet":{"background-color":"var(--ast-global-color-5)","background-image":"","background-repeat":"repeat","background-position":"center center","background-size":"auto","background-attachment":"scroll","background-type":"","background-media":"","overlay-type":"","overlay-color":"","overlay-gradient":""},"mobile":{"background-color":"var(--ast-global-color-5)","background-image":"","background-repeat":"repeat","background-position":"center center","background-size":"auto","background-attachment":"scroll","background-type":"","background-media":"","overlay-type":"","overlay-color":"","overlay-gradient":""}},"footnotes":""},"categories":[36],"tags":[],"yoast_head":"<!-- This site is optimized with the Yoast SEO plugin v21.6 - https:\/\/yoast.com\/wordpress\/plugins\/seo\/ -->\n<title>Miejsca pami\u0119ci na Zaolziu - Polacy Ponad Granicami<\/title>\n<meta name=\"robots\" content=\"index, follow, max-snippet:-1, max-image-preview:large, max-video-preview:-1\" \/>\n<link rel=\"canonical\" href=\"https:\/\/odraniemen.org\/polacy-na-swiecie\/2019\/11\/11\/miejsca-pamieci-na-zaolziu\/\" \/>\n<meta property=\"og:locale\" content=\"pl_PL\" \/>\n<meta property=\"og:type\" content=\"article\" \/>\n<meta property=\"og:title\" content=\"Miejsca pami\u0119ci na Zaolziu - Polacy Ponad Granicami\" \/>\n<meta property=\"og:description\" content=\"Oddzia\u0142 Opolski SON kolejny raz odwiedzi\u0142 Zaolzie. Pomniki ofiar I i II wojny \u015bwiatowej, groby poleg\u0142ych i pomordowanych wojnie polsko-czechos\u0142owackiej w 1919 r., pomnik upami\u0119tniaj\u0105cy pobyt w Gr\u00f3dku Wincentego Witosa, tablica na domu w Jab\u0142onkowie, gdzie mieszka\u0142 J\u00f3zef Pi\u0142sudski, groby uczestnika bitwy o Mt Cassino i \u017co\u0142nierza ze zgrupowania kpt. &#8220;Bartka&#8221;, mogi\u0142a g\u00f3rnik\u00f3w w Karwinie &hellip; Miejsca pami\u0119ci na Zaolziu Read More &raquo;\" \/>\n<meta property=\"og:url\" content=\"https:\/\/odraniemen.org\/polacy-na-swiecie\/2019\/11\/11\/miejsca-pamieci-na-zaolziu\/\" \/>\n<meta property=\"og:site_name\" content=\"Polacy Ponad Granicami\" \/>\n<meta property=\"article:published_time\" content=\"2019-11-11T01:36:00+00:00\" \/>\n<meta property=\"article:modified_time\" content=\"2021-11-23T16:49:01+00:00\" \/>\n<meta property=\"og:image\" content=\"https:\/\/odraniemen.org\/polacy-na-swiecie\/wp-content\/uploads\/sites\/10\/2020\/04\/73403938_2523541484543359_6336324415239749632_n.jpg\" \/>\n\t<meta property=\"og:image:width\" content=\"960\" \/>\n\t<meta property=\"og:image:height\" content=\"540\" \/>\n\t<meta property=\"og:image:type\" content=\"image\/jpeg\" \/>\n<meta name=\"author\" content=\"Ilona Gosiewska\" \/>\n<meta name=\"twitter:card\" content=\"summary_large_image\" \/>\n<meta name=\"twitter:label1\" content=\"Napisane przez\" \/>\n\t<meta name=\"twitter:data1\" content=\"Ilona Gosiewska\" \/>\n\t<meta name=\"twitter:label2\" content=\"Szacowany czas czytania\" \/>\n\t<meta name=\"twitter:data2\" content=\"1 minuta\" \/>\n<script type=\"application\/ld+json\" class=\"yoast-schema-graph\">{\"@context\":\"https:\/\/schema.org\",\"@graph\":[{\"@type\":\"Article\",\"@id\":\"https:\/\/odraniemen.org\/polacy-na-swiecie\/2019\/11\/11\/miejsca-pamieci-na-zaolziu\/#article\",\"isPartOf\":{\"@id\":\"https:\/\/odraniemen.org\/polacy-na-swiecie\/2019\/11\/11\/miejsca-pamieci-na-zaolziu\/\"},\"author\":{\"name\":\"Ilona Gosiewska\",\"@id\":\"https:\/\/odraniemen.org\/polacy-na-swiecie\/#\/schema\/person\/85e3fc29d5c98d8d1ff079bb7dfcfd50\"},\"headline\":\"Miejsca pami\u0119ci na Zaolziu\",\"datePublished\":\"2019-11-11T01:36:00+00:00\",\"dateModified\":\"2021-11-23T16:49:01+00:00\",\"mainEntityOfPage\":{\"@id\":\"https:\/\/odraniemen.org\/polacy-na-swiecie\/2019\/11\/11\/miejsca-pamieci-na-zaolziu\/\"},\"wordCount\":106,\"publisher\":{\"@id\":\"https:\/\/odraniemen.org\/polacy-na-swiecie\/#organization\"},\"articleSection\":[\"Archiwum aktualno\u015bci\"],\"inLanguage\":\"pl-PL\"},{\"@type\":\"WebPage\",\"@id\":\"https:\/\/odraniemen.org\/polacy-na-swiecie\/2019\/11\/11\/miejsca-pamieci-na-zaolziu\/\",\"url\":\"https:\/\/odraniemen.org\/polacy-na-swiecie\/2019\/11\/11\/miejsca-pamieci-na-zaolziu\/\",\"name\":\"Miejsca pami\u0119ci na Zaolziu - Polacy Ponad Granicami\",\"isPartOf\":{\"@id\":\"https:\/\/odraniemen.org\/polacy-na-swiecie\/#website\"},\"datePublished\":\"2019-11-11T01:36:00+00:00\",\"dateModified\":\"2021-11-23T16:49:01+00:00\",\"breadcrumb\":{\"@id\":\"https:\/\/odraniemen.org\/polacy-na-swiecie\/2019\/11\/11\/miejsca-pamieci-na-zaolziu\/#breadcrumb\"},\"inLanguage\":\"pl-PL\",\"potentialAction\":[{\"@type\":\"ReadAction\",\"target\":[\"https:\/\/odraniemen.org\/polacy-na-swiecie\/2019\/11\/11\/miejsca-pamieci-na-zaolziu\/\"]}]},{\"@type\":\"BreadcrumbList\",\"@id\":\"https:\/\/odraniemen.org\/polacy-na-swiecie\/2019\/11\/11\/miejsca-pamieci-na-zaolziu\/#breadcrumb\",\"itemListElement\":[{\"@type\":\"ListItem\",\"position\":1,\"name\":\"Strona g\u0142\u00f3wna\",\"item\":\"https:\/\/odraniemen.org\/polacy-na-swiecie\/\"},{\"@type\":\"ListItem\",\"position\":2,\"name\":\"Miejsca pami\u0119ci na Zaolziu\"}]},{\"@type\":\"WebSite\",\"@id\":\"https:\/\/odraniemen.org\/polacy-na-swiecie\/#website\",\"url\":\"https:\/\/odraniemen.org\/polacy-na-swiecie\/\",\"name\":\"Polacy Ponad Granicami\",\"description\":\"Kolejna witryna sieci \u201eOdra-Niemen Witryny\u201d\",\"publisher\":{\"@id\":\"https:\/\/odraniemen.org\/polacy-na-swiecie\/#organization\"},\"potentialAction\":[{\"@type\":\"SearchAction\",\"target\":{\"@type\":\"EntryPoint\",\"urlTemplate\":\"https:\/\/odraniemen.org\/polacy-na-swiecie\/?s={search_term_string}\"},\"query-input\":\"required name=search_term_string\"}],\"inLanguage\":\"pl-PL\"},{\"@type\":\"Organization\",\"@id\":\"https:\/\/odraniemen.org\/polacy-na-swiecie\/#organization\",\"name\":\"Polacy Ponad Granicami\",\"url\":\"https:\/\/odraniemen.org\/polacy-na-swiecie\/\",\"logo\":{\"@type\":\"ImageObject\",\"inLanguage\":\"pl-PL\",\"@id\":\"https:\/\/odraniemen.org\/polacy-na-swiecie\/#\/schema\/logo\/image\/\",\"url\":\"https:\/\/odraniemen.org\/polacy-na-swiecie\/wp-content\/uploads\/sites\/10\/2025\/06\/cropped-Polacy-PONAD-GRANICAMI-logo.png\",\"contentUrl\":\"https:\/\/odraniemen.org\/polacy-na-swiecie\/wp-content\/uploads\/sites\/10\/2025\/06\/cropped-Polacy-PONAD-GRANICAMI-logo.png\",\"width\":1546,\"height\":454,\"caption\":\"Polacy Ponad Granicami\"},\"image\":{\"@id\":\"https:\/\/odraniemen.org\/polacy-na-swiecie\/#\/schema\/logo\/image\/\"}},{\"@type\":\"Person\",\"@id\":\"https:\/\/odraniemen.org\/polacy-na-swiecie\/#\/schema\/person\/85e3fc29d5c98d8d1ff079bb7dfcfd50\",\"name\":\"Ilona Gosiewska\",\"image\":{\"@type\":\"ImageObject\",\"inLanguage\":\"pl-PL\",\"@id\":\"https:\/\/odraniemen.org\/polacy-na-swiecie\/#\/schema\/person\/image\/\",\"url\":\"https:\/\/secure.gravatar.com\/avatar\/3d19ad97584bcf1e751bb6463745fd62?s=96&d=mm&r=g\",\"contentUrl\":\"https:\/\/secure.gravatar.com\/avatar\/3d19ad97584bcf1e751bb6463745fd62?s=96&d=mm&r=g\",\"caption\":\"Ilona Gosiewska\"},\"url\":\"https:\/\/odraniemen.org\/polacy-na-swiecie\/author\/igosiewska\/\"}]}<\/script>\n<!-- \/ Yoast SEO plugin. -->","yoast_head_json":{"title":"Miejsca pami\u0119ci na Zaolziu - Polacy Ponad Granicami","robots":{"index":"index","follow":"follow","max-snippet":"max-snippet:-1","max-image-preview":"max-image-preview:large","max-video-preview":"max-video-preview:-1"},"canonical":"https:\/\/odraniemen.org\/polacy-na-swiecie\/2019\/11\/11\/miejsca-pamieci-na-zaolziu\/","og_locale":"pl_PL","og_type":"article","og_title":"Miejsca pami\u0119ci na Zaolziu - Polacy Ponad Granicami","og_description":"Oddzia\u0142 Opolski SON kolejny raz odwiedzi\u0142 Zaolzie. Pomniki ofiar I i II wojny \u015bwiatowej, groby poleg\u0142ych i pomordowanych wojnie polsko-czechos\u0142owackiej w 1919 r., pomnik upami\u0119tniaj\u0105cy pobyt w Gr\u00f3dku Wincentego Witosa, tablica na domu w Jab\u0142onkowie, gdzie mieszka\u0142 J\u00f3zef Pi\u0142sudski, groby uczestnika bitwy o Mt Cassino i \u017co\u0142nierza ze zgrupowania kpt. &#8220;Bartka&#8221;, mogi\u0142a g\u00f3rnik\u00f3w w Karwinie &hellip; Miejsca pami\u0119ci na Zaolziu Read More &raquo;","og_url":"https:\/\/odraniemen.org\/polacy-na-swiecie\/2019\/11\/11\/miejsca-pamieci-na-zaolziu\/","og_site_name":"Polacy Ponad Granicami","article_published_time":"2019-11-11T01:36:00+00:00","article_modified_time":"2021-11-23T16:49:01+00:00","og_image":[{"width":960,"height":540,"url":"https:\/\/odraniemen.org\/polacy-na-swiecie\/wp-content\/uploads\/sites\/10\/2020\/04\/73403938_2523541484543359_6336324415239749632_n.jpg","type":"image\/jpeg"}],"author":"Ilona Gosiewska","twitter_card":"summary_large_image","twitter_misc":{"Napisane przez":"Ilona Gosiewska","Szacowany czas czytania":"1 minuta"},"schema":{"@context":"https:\/\/schema.org","@graph":[{"@type":"Article","@id":"https:\/\/odraniemen.org\/polacy-na-swiecie\/2019\/11\/11\/miejsca-pamieci-na-zaolziu\/#article","isPartOf":{"@id":"https:\/\/odraniemen.org\/polacy-na-swiecie\/2019\/11\/11\/miejsca-pamieci-na-zaolziu\/"},"author":{"name":"Ilona Gosiewska","@id":"https:\/\/odraniemen.org\/polacy-na-swiecie\/#\/schema\/person\/85e3fc29d5c98d8d1ff079bb7dfcfd50"},"headline":"Miejsca pami\u0119ci na Zaolziu","datePublished":"2019-11-11T01:36:00+00:00","dateModified":"2021-11-23T16:49:01+00:00","mainEntityOfPage":{"@id":"https:\/\/odraniemen.org\/polacy-na-swiecie\/2019\/11\/11\/miejsca-pamieci-na-zaolziu\/"},"wordCount":106,"publisher":{"@id":"https:\/\/odraniemen.org\/polacy-na-swiecie\/#organization"},"articleSection":["Archiwum aktualno\u015bci"],"inLanguage":"pl-PL"},{"@type":"WebPage","@id":"https:\/\/odraniemen.org\/polacy-na-swiecie\/2019\/11\/11\/miejsca-pamieci-na-zaolziu\/","url":"https:\/\/odraniemen.org\/polacy-na-swiecie\/2019\/11\/11\/miejsca-pamieci-na-zaolziu\/","name":"Miejsca pami\u0119ci na Zaolziu - Polacy Ponad Granicami","isPartOf":{"@id":"https:\/\/odraniemen.org\/polacy-na-swiecie\/#website"},"datePublished":"2019-11-11T01:36:00+00:00","dateModified":"2021-11-23T16:49:01+00:00","breadcrumb":{"@id":"https:\/\/odraniemen.org\/polacy-na-swiecie\/2019\/11\/11\/miejsca-pamieci-na-zaolziu\/#breadcrumb"},"inLanguage":"pl-PL","potentialAction":[{"@type":"ReadAction","target":["https:\/\/odraniemen.org\/polacy-na-swiecie\/2019\/11\/11\/miejsca-pamieci-na-zaolziu\/"]}]},{"@type":"BreadcrumbList","@id":"https:\/\/odraniemen.org\/polacy-na-swiecie\/2019\/11\/11\/miejsca-pamieci-na-zaolziu\/#breadcrumb","itemListElement":[{"@type":"ListItem","position":1,"name":"Strona g\u0142\u00f3wna","item":"https:\/\/odraniemen.org\/polacy-na-swiecie\/"},{"@type":"ListItem","position":2,"name":"Miejsca pami\u0119ci na Zaolziu"}]},{"@type":"WebSite","@id":"https:\/\/odraniemen.org\/polacy-na-swiecie\/#website","url":"https:\/\/odraniemen.org\/polacy-na-swiecie\/","name":"Polacy Ponad Granicami","description":"Kolejna witryna sieci \u201eOdra-Niemen Witryny\u201d","publisher":{"@id":"https:\/\/odraniemen.org\/polacy-na-swiecie\/#organization"},"potentialAction":[{"@type":"SearchAction","target":{"@type":"EntryPoint","urlTemplate":"https:\/\/odraniemen.org\/polacy-na-swiecie\/?s={search_term_string}"},"query-input":"required name=search_term_string"}],"inLanguage":"pl-PL"},{"@type":"Organization","@id":"https:\/\/odraniemen.org\/polacy-na-swiecie\/#organization","name":"Polacy Ponad Granicami","url":"https:\/\/odraniemen.org\/polacy-na-swiecie\/","logo":{"@type":"ImageObject","inLanguage":"pl-PL","@id":"https:\/\/odraniemen.org\/polacy-na-swiecie\/#\/schema\/logo\/image\/","url":"https:\/\/odraniemen.org\/polacy-na-swiecie\/wp-content\/uploads\/sites\/10\/2025\/06\/cropped-Polacy-PONAD-GRANICAMI-logo.png","contentUrl":"https:\/\/odraniemen.org\/polacy-na-swiecie\/wp-content\/uploads\/sites\/10\/2025\/06\/cropped-Polacy-PONAD-GRANICAMI-logo.png","width":1546,"height":454,"caption":"Polacy Ponad Granicami"},"image":{"@id":"https:\/\/odraniemen.org\/polacy-na-swiecie\/#\/schema\/logo\/image\/"}},{"@type":"Person","@id":"https:\/\/odraniemen.org\/polacy-na-swiecie\/#\/schema\/person\/85e3fc29d5c98d8d1ff079bb7dfcfd50","name":"Ilona Gosiewska","image":{"@type":"ImageObject","inLanguage":"pl-PL","@id":"https:\/\/odraniemen.org\/polacy-na-swiecie\/#\/schema\/person\/image\/","url":"https:\/\/secure.gravatar.com\/avatar\/3d19ad97584bcf1e751bb6463745fd62?s=96&d=mm&r=g","contentUrl":"https:\/\/secure.gravatar.com\/avatar\/3d19ad97584bcf1e751bb6463745fd62?s=96&d=mm&r=g","caption":"Ilona Gosiewska"},"url":"https:\/\/odraniemen.org\/polacy-na-swiecie\/author\/igosiewska\/"}]}},"_links":{"self":[{"href":"https:\/\/odraniemen.org\/polacy-na-swiecie\/wp-json\/wp\/v2\/posts\/570"}],"collection":[{"href":"https:\/\/odraniemen.org\/polacy-na-swiecie\/wp-json\/wp\/v2\/posts"}],"about":[{"href":"https:\/\/odraniemen.org\/polacy-na-swiecie\/wp-json\/wp\/v2\/types\/post"}],"author":[{"embeddable":true,"href":"https:\/\/odraniemen.org\/polacy-na-swiecie\/wp-json\/wp\/v2\/users\/9"}],"replies":[{"embeddable":true,"href":"https:\/\/odraniemen.org\/polacy-na-swiecie\/wp-json\/wp\/v2\/comments?post=570"}],"version-history":[{"count":1,"href":"https:\/\/odraniemen.org\/polacy-na-swiecie\/wp-json\/wp\/v2\/posts\/570\/revisions"}],"predecessor-version":[{"id":577,"href":"https:\/\/odraniemen.org\/polacy-na-swiecie\/wp-json\/wp\/v2\/posts\/570\/revisions\/577"}],"wp:featuredmedia":[{"embeddable":true,"href":"https:\/\/odraniemen.org\/polacy-na-swiecie\/wp-json\/wp\/v2\/media\/575"}],"wp:attachment":[{"href":"https:\/\/odraniemen.org\/polacy-na-swiecie\/wp-json\/wp\/v2\/media?parent=570"}],"wp:term":[{"taxonomy":"category","embeddable":true,"href":"https:\/\/odraniemen.org\/polacy-na-swiecie\/wp-json\/wp\/v2\/categories?post=570"},{"taxonomy":"post_tag","embeddable":true,"href":"https:\/\/odraniemen.org\/polacy-na-swiecie\/wp-json\/wp\/v2\/tags?post=570"}],"curies":[{"name":"wp","href":"https:\/\/api.w.org\/{rel}","templated":true}]}}