
{"id":702,"date":"2020-05-13T19:00:00","date_gmt":"2020-05-13T17:00:00","guid":{"rendered":"https:\/\/odraniemen.org\/polacy-na-swiecie\/2020\/05\/13\/podroze-z-misja-nowa-zelandia\/"},"modified":"2021-11-23T17:46:36","modified_gmt":"2021-11-23T16:46:36","slug":"podroze-z-misja-nowa-zelandia","status":"publish","type":"post","link":"https:\/\/odraniemen.org\/polacy-na-swiecie\/2020\/05\/13\/podroze-z-misja-nowa-zelandia\/","title":{"rendered":"Podr\u00f3\u017ce z misj\u0105 &#8211; Nowa Zelandia"},"content":{"rendered":"<p>Kolejne wspomnienia z podr\u00f3\u017cy. Stale poszukujemy polskich \u015blad\u00f3w, zw\u0142aszcza tych Polak\u00f3w, kt\u00f3rzy zwi\u0105zani byli z Kresami II RP.<\/p>\n<p>Kolejna ods\u0142ona naszego <a href=\"https:\/\/odraniemen.org\/blog-podrozniczy\/\"><strong>bloga podr\u00f3\u017cniczego<\/strong><\/a>! \ud83c\udf05\ud83d\udee9\ud83d\uddfa\ud83c\uddf5\ud83c\uddf1 . To&nbsp;wpis o podr\u00f3\u017cy do Nowej Zelandii, w kt\u00f3rym dowiemy si\u0119:<\/p>\n<p>\ud83d\udccd&nbsp;Kim s\u0105 &#8220;Dzieci z Pahiatua&#8221;, z kt\u00f3rymi pojechali\u015bmy si\u0119 spotka\u0107?&nbsp;\ud83d\udc76<br \/>\n\ud83d\udccd&nbsp;Co nas zaskoczy\u0142o przy pierwszych wizytach?&nbsp;\ud83e\uddd0<br \/>\n\ud83d\udccd&nbsp;Dlaczego w pierwszych dniach pobytu musieli\u015bmy przej\u015b\u0107 na diet\u0119?&nbsp;\ud83c\udf7d<\/p>\n<blockquote class=\"wp-embedded-content\" data-secret=\"Rg8mdsURn3\"><p><a href=\"https:\/\/odraniemen.org\/blog-podrozniczy\/?p=745\">Polskie \u015blady w Nowej Zelandii (cz\u0119\u015b\u0107 2 &#8211; Wellington i okolice)<\/a><\/p><\/blockquote>\n<p><iframe title=\"&#8222;Polskie \u015blady w Nowej Zelandii (cz\u0119\u015b\u0107 2 &#8211; Wellington i okolice)&#8221; &#8212; Blog podr\u00f3\u017cniczy\" class=\"wp-embedded-content\" sandbox=\"allow-scripts\" security=\"restricted\" style=\"position: absolute; clip: rect(1px, 1px, 1px, 1px);\" src=\"https:\/\/odraniemen.org\/blog-podrozniczy\/?p=745&#038;embed=true#?secret=Rg8mdsURn3\" data-secret=\"Rg8mdsURn3\" width=\"500\" height=\"282\" frameborder=\"0\" marginwidth=\"0\" marginheight=\"0\" scrolling=\"no\"><\/iframe><\/p>\n<p><img loading=\"lazy\" decoding=\"async\" width=\"1024\" height=\"683\" src=\"https:\/\/odraniemen.org\/wp-content\/uploads\/2019\/11\/3-1024x683.jpg\" alt=\"\"><br \/>\n<img loading=\"lazy\" decoding=\"async\" width=\"1024\" height=\"682\" src=\"https:\/\/odraniemen.org\/wp-content\/uploads\/2020\/02\/4-Wolontariat-i-podr\u00f3\u017ce-1024x682.jpg\" alt=\"\"><\/p>\n","protected":false},"excerpt":{"rendered":"<p>Kolejne wspomnienia z podr\u00f3\u017cy. Stale poszukujemy polskich \u015blad\u00f3w, zw\u0142aszcza tych Polak\u00f3w, kt\u00f3rzy zwi\u0105zani byli z Kresami II RP. Kolejna ods\u0142ona naszego bloga podr\u00f3\u017cniczego! \ud83c\udf05\ud83d\udee9\ud83d\uddfa\ud83c\uddf5\ud83c\uddf1 . To&nbsp;wpis o podr\u00f3\u017cy do Nowej Zelandii, w kt\u00f3rym dowiemy si\u0119: \ud83d\udccd&nbsp;Kim s\u0105 &#8220;Dzieci z Pahiatua&#8221;, z kt\u00f3rymi pojechali\u015bmy si\u0119 spotka\u0107?&nbsp;\ud83d\udc76 \ud83d\udccd&nbsp;Co nas zaskoczy\u0142o przy pierwszych wizytach?&nbsp;\ud83e\uddd0 \ud83d\udccd&nbsp;Dlaczego w pierwszych dniach &hellip;<\/p>\n<p class=\"read-more\"> <a class=\"\" href=\"https:\/\/odraniemen.org\/polacy-na-swiecie\/2020\/05\/13\/podroze-z-misja-nowa-zelandia\/\"> <span class=\"screen-reader-text\">Podr\u00f3\u017ce z misj\u0105 &#8211; Nowa Zelandia<\/span> Read More &raquo;<\/a><\/p>\n","protected":false},"author":9,"featured_media":735,"comment_status":"closed","ping_status":"closed","sticky":false,"template":"","format":"standard","meta":{"site-sidebar-layout":"default","site-content-layout":"default","ast-site-content-layout":"","site-content-style":"default","site-sidebar-style":"default","ast-global-header-display":"","ast-banner-title-visibility":"","ast-main-header-display":"","ast-hfb-above-header-display":"","ast-hfb-below-header-display":"","ast-hfb-mobile-header-display":"","site-post-title":"","ast-breadcrumbs-content":"","ast-featured-img":"","footer-sml-layout":"","theme-transparent-header-meta":"default","adv-header-id-meta":"","stick-header-meta":"","header-above-stick-meta":"","header-main-stick-meta":"","header-below-stick-meta":"","astra-migrate-meta-layouts":"","ast-page-background-enabled":"default","ast-page-background-meta":{"desktop":{"background-color":"","background-image":"","background-repeat":"repeat","background-position":"center center","background-size":"auto","background-attachment":"scroll","background-type":"","background-media":"","overlay-type":"","overlay-color":"","overlay-gradient":""},"tablet":{"background-color":"","background-image":"","background-repeat":"repeat","background-position":"center center","background-size":"auto","background-attachment":"scroll","background-type":"","background-media":"","overlay-type":"","overlay-color":"","overlay-gradient":""},"mobile":{"background-color":"","background-image":"","background-repeat":"repeat","background-position":"center center","background-size":"auto","background-attachment":"scroll","background-type":"","background-media":"","overlay-type":"","overlay-color":"","overlay-gradient":""}},"ast-content-background-meta":{"desktop":{"background-color":"var(--ast-global-color-5)","background-image":"","background-repeat":"repeat","background-position":"center center","background-size":"auto","background-attachment":"scroll","background-type":"","background-media":"","overlay-type":"","overlay-color":"","overlay-gradient":""},"tablet":{"background-color":"var(--ast-global-color-5)","background-image":"","background-repeat":"repeat","background-position":"center center","background-size":"auto","background-attachment":"scroll","background-type":"","background-media":"","overlay-type":"","overlay-color":"","overlay-gradient":""},"mobile":{"background-color":"var(--ast-global-color-5)","background-image":"","background-repeat":"repeat","background-position":"center center","background-size":"auto","background-attachment":"scroll","background-type":"","background-media":"","overlay-type":"","overlay-color":"","overlay-gradient":""}},"footnotes":""},"categories":[36],"tags":[],"yoast_head":"<!-- This site is optimized with the Yoast SEO plugin v21.6 - https:\/\/yoast.com\/wordpress\/plugins\/seo\/ -->\n<title>Podr\u00f3\u017ce z misj\u0105 - Nowa Zelandia - Polacy Ponad Granicami<\/title>\n<meta name=\"robots\" content=\"index, follow, max-snippet:-1, max-image-preview:large, max-video-preview:-1\" \/>\n<link rel=\"canonical\" href=\"https:\/\/odraniemen.org\/polacy-na-swiecie\/2020\/05\/13\/podroze-z-misja-nowa-zelandia\/\" \/>\n<meta property=\"og:locale\" content=\"pl_PL\" \/>\n<meta property=\"og:type\" content=\"article\" \/>\n<meta property=\"og:title\" content=\"Podr\u00f3\u017ce z misj\u0105 - Nowa Zelandia - Polacy Ponad Granicami\" \/>\n<meta property=\"og:description\" content=\"Kolejne wspomnienia z podr\u00f3\u017cy. Stale poszukujemy polskich \u015blad\u00f3w, zw\u0142aszcza tych Polak\u00f3w, kt\u00f3rzy zwi\u0105zani byli z Kresami II RP. Kolejna ods\u0142ona naszego bloga podr\u00f3\u017cniczego! \ud83c\udf05\ud83d\udee9\ud83d\uddfa\ud83c\uddf5\ud83c\uddf1 . To&nbsp;wpis o podr\u00f3\u017cy do Nowej Zelandii, w kt\u00f3rym dowiemy si\u0119: \ud83d\udccd&nbsp;Kim s\u0105 &#8220;Dzieci z Pahiatua&#8221;, z kt\u00f3rymi pojechali\u015bmy si\u0119 spotka\u0107?&nbsp;\ud83d\udc76 \ud83d\udccd&nbsp;Co nas zaskoczy\u0142o przy pierwszych wizytach?&nbsp;\ud83e\uddd0 \ud83d\udccd&nbsp;Dlaczego w pierwszych dniach &hellip; Podr\u00f3\u017ce z misj\u0105 &#8211; Nowa Zelandia Read More &raquo;\" \/>\n<meta property=\"og:url\" content=\"https:\/\/odraniemen.org\/polacy-na-swiecie\/2020\/05\/13\/podroze-z-misja-nowa-zelandia\/\" \/>\n<meta property=\"og:site_name\" content=\"Polacy Ponad Granicami\" \/>\n<meta property=\"article:published_time\" content=\"2020-05-13T17:00:00+00:00\" \/>\n<meta property=\"article:modified_time\" content=\"2021-11-23T16:46:36+00:00\" \/>\n<meta property=\"og:image\" content=\"https:\/\/odraniemen.org\/polacy-na-swiecie\/wp-content\/uploads\/sites\/10\/2020\/05\/15935365-1270244513037058-1307.jpg\" \/>\n\t<meta property=\"og:image:width\" content=\"338\" \/>\n\t<meta property=\"og:image:height\" content=\"225\" \/>\n\t<meta property=\"og:image:type\" content=\"image\/jpeg\" \/>\n<meta name=\"author\" content=\"Ilona Gosiewska\" \/>\n<meta name=\"twitter:card\" content=\"summary_large_image\" \/>\n<meta name=\"twitter:label1\" content=\"Napisane przez\" \/>\n\t<meta name=\"twitter:data1\" content=\"Ilona Gosiewska\" \/>\n<script type=\"application\/ld+json\" class=\"yoast-schema-graph\">{\"@context\":\"https:\/\/schema.org\",\"@graph\":[{\"@type\":\"Article\",\"@id\":\"https:\/\/odraniemen.org\/polacy-na-swiecie\/2020\/05\/13\/podroze-z-misja-nowa-zelandia\/#article\",\"isPartOf\":{\"@id\":\"https:\/\/odraniemen.org\/polacy-na-swiecie\/2020\/05\/13\/podroze-z-misja-nowa-zelandia\/\"},\"author\":{\"name\":\"Ilona Gosiewska\",\"@id\":\"https:\/\/odraniemen.org\/polacy-na-swiecie\/#\/schema\/person\/85e3fc29d5c98d8d1ff079bb7dfcfd50\"},\"headline\":\"Podr\u00f3\u017ce z misj\u0105 &#8211; Nowa Zelandia\",\"datePublished\":\"2020-05-13T17:00:00+00:00\",\"dateModified\":\"2021-11-23T16:46:36+00:00\",\"mainEntityOfPage\":{\"@id\":\"https:\/\/odraniemen.org\/polacy-na-swiecie\/2020\/05\/13\/podroze-z-misja-nowa-zelandia\/\"},\"wordCount\":100,\"publisher\":{\"@id\":\"https:\/\/odraniemen.org\/polacy-na-swiecie\/#organization\"},\"articleSection\":[\"Archiwum aktualno\u015bci\"],\"inLanguage\":\"pl-PL\"},{\"@type\":\"WebPage\",\"@id\":\"https:\/\/odraniemen.org\/polacy-na-swiecie\/2020\/05\/13\/podroze-z-misja-nowa-zelandia\/\",\"url\":\"https:\/\/odraniemen.org\/polacy-na-swiecie\/2020\/05\/13\/podroze-z-misja-nowa-zelandia\/\",\"name\":\"Podr\u00f3\u017ce z misj\u0105 - Nowa Zelandia - Polacy Ponad Granicami\",\"isPartOf\":{\"@id\":\"https:\/\/odraniemen.org\/polacy-na-swiecie\/#website\"},\"datePublished\":\"2020-05-13T17:00:00+00:00\",\"dateModified\":\"2021-11-23T16:46:36+00:00\",\"breadcrumb\":{\"@id\":\"https:\/\/odraniemen.org\/polacy-na-swiecie\/2020\/05\/13\/podroze-z-misja-nowa-zelandia\/#breadcrumb\"},\"inLanguage\":\"pl-PL\",\"potentialAction\":[{\"@type\":\"ReadAction\",\"target\":[\"https:\/\/odraniemen.org\/polacy-na-swiecie\/2020\/05\/13\/podroze-z-misja-nowa-zelandia\/\"]}]},{\"@type\":\"BreadcrumbList\",\"@id\":\"https:\/\/odraniemen.org\/polacy-na-swiecie\/2020\/05\/13\/podroze-z-misja-nowa-zelandia\/#breadcrumb\",\"itemListElement\":[{\"@type\":\"ListItem\",\"position\":1,\"name\":\"Strona g\u0142\u00f3wna\",\"item\":\"https:\/\/odraniemen.org\/polacy-na-swiecie\/\"},{\"@type\":\"ListItem\",\"position\":2,\"name\":\"Podr\u00f3\u017ce z misj\u0105 &#8211; Nowa Zelandia\"}]},{\"@type\":\"WebSite\",\"@id\":\"https:\/\/odraniemen.org\/polacy-na-swiecie\/#website\",\"url\":\"https:\/\/odraniemen.org\/polacy-na-swiecie\/\",\"name\":\"Polacy Ponad Granicami\",\"description\":\"Kolejna witryna sieci \u201eOdra-Niemen Witryny\u201d\",\"publisher\":{\"@id\":\"https:\/\/odraniemen.org\/polacy-na-swiecie\/#organization\"},\"potentialAction\":[{\"@type\":\"SearchAction\",\"target\":{\"@type\":\"EntryPoint\",\"urlTemplate\":\"https:\/\/odraniemen.org\/polacy-na-swiecie\/?s={search_term_string}\"},\"query-input\":\"required name=search_term_string\"}],\"inLanguage\":\"pl-PL\"},{\"@type\":\"Organization\",\"@id\":\"https:\/\/odraniemen.org\/polacy-na-swiecie\/#organization\",\"name\":\"Polacy Ponad Granicami\",\"url\":\"https:\/\/odraniemen.org\/polacy-na-swiecie\/\",\"logo\":{\"@type\":\"ImageObject\",\"inLanguage\":\"pl-PL\",\"@id\":\"https:\/\/odraniemen.org\/polacy-na-swiecie\/#\/schema\/logo\/image\/\",\"url\":\"https:\/\/odraniemen.org\/polacy-na-swiecie\/wp-content\/uploads\/sites\/10\/2025\/06\/cropped-Polacy-PONAD-GRANICAMI-logo.png\",\"contentUrl\":\"https:\/\/odraniemen.org\/polacy-na-swiecie\/wp-content\/uploads\/sites\/10\/2025\/06\/cropped-Polacy-PONAD-GRANICAMI-logo.png\",\"width\":1546,\"height\":454,\"caption\":\"Polacy Ponad Granicami\"},\"image\":{\"@id\":\"https:\/\/odraniemen.org\/polacy-na-swiecie\/#\/schema\/logo\/image\/\"}},{\"@type\":\"Person\",\"@id\":\"https:\/\/odraniemen.org\/polacy-na-swiecie\/#\/schema\/person\/85e3fc29d5c98d8d1ff079bb7dfcfd50\",\"name\":\"Ilona Gosiewska\",\"image\":{\"@type\":\"ImageObject\",\"inLanguage\":\"pl-PL\",\"@id\":\"https:\/\/odraniemen.org\/polacy-na-swiecie\/#\/schema\/person\/image\/\",\"url\":\"https:\/\/secure.gravatar.com\/avatar\/3d19ad97584bcf1e751bb6463745fd62?s=96&d=mm&r=g\",\"contentUrl\":\"https:\/\/secure.gravatar.com\/avatar\/3d19ad97584bcf1e751bb6463745fd62?s=96&d=mm&r=g\",\"caption\":\"Ilona Gosiewska\"},\"url\":\"https:\/\/odraniemen.org\/polacy-na-swiecie\/author\/igosiewska\/\"}]}<\/script>\n<!-- \/ Yoast SEO plugin. -->","yoast_head_json":{"title":"Podr\u00f3\u017ce z misj\u0105 - Nowa Zelandia - Polacy Ponad Granicami","robots":{"index":"index","follow":"follow","max-snippet":"max-snippet:-1","max-image-preview":"max-image-preview:large","max-video-preview":"max-video-preview:-1"},"canonical":"https:\/\/odraniemen.org\/polacy-na-swiecie\/2020\/05\/13\/podroze-z-misja-nowa-zelandia\/","og_locale":"pl_PL","og_type":"article","og_title":"Podr\u00f3\u017ce z misj\u0105 - Nowa Zelandia - Polacy Ponad Granicami","og_description":"Kolejne wspomnienia z podr\u00f3\u017cy. Stale poszukujemy polskich \u015blad\u00f3w, zw\u0142aszcza tych Polak\u00f3w, kt\u00f3rzy zwi\u0105zani byli z Kresami II RP. Kolejna ods\u0142ona naszego bloga podr\u00f3\u017cniczego! \ud83c\udf05\ud83d\udee9\ud83d\uddfa\ud83c\uddf5\ud83c\uddf1 . To&nbsp;wpis o podr\u00f3\u017cy do Nowej Zelandii, w kt\u00f3rym dowiemy si\u0119: \ud83d\udccd&nbsp;Kim s\u0105 &#8220;Dzieci z Pahiatua&#8221;, z kt\u00f3rymi pojechali\u015bmy si\u0119 spotka\u0107?&nbsp;\ud83d\udc76 \ud83d\udccd&nbsp;Co nas zaskoczy\u0142o przy pierwszych wizytach?&nbsp;\ud83e\uddd0 \ud83d\udccd&nbsp;Dlaczego w pierwszych dniach &hellip; Podr\u00f3\u017ce z misj\u0105 &#8211; Nowa Zelandia Read More &raquo;","og_url":"https:\/\/odraniemen.org\/polacy-na-swiecie\/2020\/05\/13\/podroze-z-misja-nowa-zelandia\/","og_site_name":"Polacy Ponad Granicami","article_published_time":"2020-05-13T17:00:00+00:00","article_modified_time":"2021-11-23T16:46:36+00:00","og_image":[{"width":338,"height":225,"url":"https:\/\/odraniemen.org\/polacy-na-swiecie\/wp-content\/uploads\/sites\/10\/2020\/05\/15935365-1270244513037058-1307.jpg","type":"image\/jpeg"}],"author":"Ilona Gosiewska","twitter_card":"summary_large_image","twitter_misc":{"Napisane przez":"Ilona Gosiewska"},"schema":{"@context":"https:\/\/schema.org","@graph":[{"@type":"Article","@id":"https:\/\/odraniemen.org\/polacy-na-swiecie\/2020\/05\/13\/podroze-z-misja-nowa-zelandia\/#article","isPartOf":{"@id":"https:\/\/odraniemen.org\/polacy-na-swiecie\/2020\/05\/13\/podroze-z-misja-nowa-zelandia\/"},"author":{"name":"Ilona Gosiewska","@id":"https:\/\/odraniemen.org\/polacy-na-swiecie\/#\/schema\/person\/85e3fc29d5c98d8d1ff079bb7dfcfd50"},"headline":"Podr\u00f3\u017ce z misj\u0105 &#8211; Nowa Zelandia","datePublished":"2020-05-13T17:00:00+00:00","dateModified":"2021-11-23T16:46:36+00:00","mainEntityOfPage":{"@id":"https:\/\/odraniemen.org\/polacy-na-swiecie\/2020\/05\/13\/podroze-z-misja-nowa-zelandia\/"},"wordCount":100,"publisher":{"@id":"https:\/\/odraniemen.org\/polacy-na-swiecie\/#organization"},"articleSection":["Archiwum aktualno\u015bci"],"inLanguage":"pl-PL"},{"@type":"WebPage","@id":"https:\/\/odraniemen.org\/polacy-na-swiecie\/2020\/05\/13\/podroze-z-misja-nowa-zelandia\/","url":"https:\/\/odraniemen.org\/polacy-na-swiecie\/2020\/05\/13\/podroze-z-misja-nowa-zelandia\/","name":"Podr\u00f3\u017ce z misj\u0105 - Nowa Zelandia - Polacy Ponad Granicami","isPartOf":{"@id":"https:\/\/odraniemen.org\/polacy-na-swiecie\/#website"},"datePublished":"2020-05-13T17:00:00+00:00","dateModified":"2021-11-23T16:46:36+00:00","breadcrumb":{"@id":"https:\/\/odraniemen.org\/polacy-na-swiecie\/2020\/05\/13\/podroze-z-misja-nowa-zelandia\/#breadcrumb"},"inLanguage":"pl-PL","potentialAction":[{"@type":"ReadAction","target":["https:\/\/odraniemen.org\/polacy-na-swiecie\/2020\/05\/13\/podroze-z-misja-nowa-zelandia\/"]}]},{"@type":"BreadcrumbList","@id":"https:\/\/odraniemen.org\/polacy-na-swiecie\/2020\/05\/13\/podroze-z-misja-nowa-zelandia\/#breadcrumb","itemListElement":[{"@type":"ListItem","position":1,"name":"Strona g\u0142\u00f3wna","item":"https:\/\/odraniemen.org\/polacy-na-swiecie\/"},{"@type":"ListItem","position":2,"name":"Podr\u00f3\u017ce z misj\u0105 &#8211; Nowa Zelandia"}]},{"@type":"WebSite","@id":"https:\/\/odraniemen.org\/polacy-na-swiecie\/#website","url":"https:\/\/odraniemen.org\/polacy-na-swiecie\/","name":"Polacy Ponad Granicami","description":"Kolejna witryna sieci \u201eOdra-Niemen Witryny\u201d","publisher":{"@id":"https:\/\/odraniemen.org\/polacy-na-swiecie\/#organization"},"potentialAction":[{"@type":"SearchAction","target":{"@type":"EntryPoint","urlTemplate":"https:\/\/odraniemen.org\/polacy-na-swiecie\/?s={search_term_string}"},"query-input":"required name=search_term_string"}],"inLanguage":"pl-PL"},{"@type":"Organization","@id":"https:\/\/odraniemen.org\/polacy-na-swiecie\/#organization","name":"Polacy Ponad Granicami","url":"https:\/\/odraniemen.org\/polacy-na-swiecie\/","logo":{"@type":"ImageObject","inLanguage":"pl-PL","@id":"https:\/\/odraniemen.org\/polacy-na-swiecie\/#\/schema\/logo\/image\/","url":"https:\/\/odraniemen.org\/polacy-na-swiecie\/wp-content\/uploads\/sites\/10\/2025\/06\/cropped-Polacy-PONAD-GRANICAMI-logo.png","contentUrl":"https:\/\/odraniemen.org\/polacy-na-swiecie\/wp-content\/uploads\/sites\/10\/2025\/06\/cropped-Polacy-PONAD-GRANICAMI-logo.png","width":1546,"height":454,"caption":"Polacy Ponad Granicami"},"image":{"@id":"https:\/\/odraniemen.org\/polacy-na-swiecie\/#\/schema\/logo\/image\/"}},{"@type":"Person","@id":"https:\/\/odraniemen.org\/polacy-na-swiecie\/#\/schema\/person\/85e3fc29d5c98d8d1ff079bb7dfcfd50","name":"Ilona Gosiewska","image":{"@type":"ImageObject","inLanguage":"pl-PL","@id":"https:\/\/odraniemen.org\/polacy-na-swiecie\/#\/schema\/person\/image\/","url":"https:\/\/secure.gravatar.com\/avatar\/3d19ad97584bcf1e751bb6463745fd62?s=96&d=mm&r=g","contentUrl":"https:\/\/secure.gravatar.com\/avatar\/3d19ad97584bcf1e751bb6463745fd62?s=96&d=mm&r=g","caption":"Ilona Gosiewska"},"url":"https:\/\/odraniemen.org\/polacy-na-swiecie\/author\/igosiewska\/"}]}},"_links":{"self":[{"href":"https:\/\/odraniemen.org\/polacy-na-swiecie\/wp-json\/wp\/v2\/posts\/702"}],"collection":[{"href":"https:\/\/odraniemen.org\/polacy-na-swiecie\/wp-json\/wp\/v2\/posts"}],"about":[{"href":"https:\/\/odraniemen.org\/polacy-na-swiecie\/wp-json\/wp\/v2\/types\/post"}],"author":[{"embeddable":true,"href":"https:\/\/odraniemen.org\/polacy-na-swiecie\/wp-json\/wp\/v2\/users\/9"}],"replies":[{"embeddable":true,"href":"https:\/\/odraniemen.org\/polacy-na-swiecie\/wp-json\/wp\/v2\/comments?post=702"}],"version-history":[{"count":1,"href":"https:\/\/odraniemen.org\/polacy-na-swiecie\/wp-json\/wp\/v2\/posts\/702\/revisions"}],"predecessor-version":[{"id":723,"href":"https:\/\/odraniemen.org\/polacy-na-swiecie\/wp-json\/wp\/v2\/posts\/702\/revisions\/723"}],"wp:featuredmedia":[{"embeddable":true,"href":"https:\/\/odraniemen.org\/polacy-na-swiecie\/wp-json\/wp\/v2\/media\/735"}],"wp:attachment":[{"href":"https:\/\/odraniemen.org\/polacy-na-swiecie\/wp-json\/wp\/v2\/media?parent=702"}],"wp:term":[{"taxonomy":"category","embeddable":true,"href":"https:\/\/odraniemen.org\/polacy-na-swiecie\/wp-json\/wp\/v2\/categories?post=702"},{"taxonomy":"post_tag","embeddable":true,"href":"https:\/\/odraniemen.org\/polacy-na-swiecie\/wp-json\/wp\/v2\/tags?post=702"}],"curies":[{"name":"wp","href":"https:\/\/api.w.org\/{rel}","templated":true}]}}