
{"id":711,"date":"2019-07-25T21:38:00","date_gmt":"2019-07-25T19:38:00","guid":{"rendered":"https:\/\/odraniemen.org\/polacy-na-swiecie\/2019\/07\/25\/powstanie-lwowskie\/"},"modified":"2021-11-23T17:49:11","modified_gmt":"2021-11-23T16:49:11","slug":"powstanie-lwowskie","status":"publish","type":"post","link":"https:\/\/odraniemen.org\/polacy-na-swiecie\/2019\/07\/25\/powstanie-lwowskie\/","title":{"rendered":"Powstanie Lwowskie"},"content":{"rendered":"<p>Cz\u0142onkowie Stowarzyszenia Odra-Niemen z Wroc\u0142awia i Poznania wraz z grup\u0105 harcerzy z G\u0142ubczyc, grup\u0105 pedagog\u00f3w i uczni\u00f3w ze Szko\u0142y Podstawowej im. Jana Paw\u0142a II w Twardog\u00f3rze, delegacj\u0105 senior\u00f3w dolno\u015bl\u0105skiej Solidarno\u015bci, realizowa\u0142a na Ukrainie projekt przywracaj\u0105cy pami\u0119\u0107 o Powstaniu Lwowskim, kt\u00f3rego 75 Rocznica mia\u0142a miejsce 22 lipca.&nbsp; To ma\u0142o znany element Akcji Burza, po Ostrej Bramie (Nowogr\u00f3dzkie i Wile\u0144skie Oddzia\u0142y), a przed Powstaniem Warszawskim.<\/p>\n<p>We Lwowie towarzyszy\u0142 nam Konsul Rafa\u0142 Kocot oraz nasi przyjaciele, przedstawiciele Centrum Kultury Polskiej Odra-Niemen-Dniestr. Pobyt kilkudniowy zak\u0142ada\u0142 udzia\u0142 we Mszy \u015aw. w Katedrze \u0141aci\u0144skiej, wraz z modlitw\u0105 za \u017co\u0142nierzy AK, kt\u00f3rzy polegli w czasie Powstania Lwowskiego,&nbsp; ma\u0142a uroczysto\u015b\u0107 na Cmentarzu Orl\u0105t Lwowskich ( z racji braku miejsc pami\u0119ci zwi\u0105zanych z wydarzeniem). Z\u0142o\u017cyli\u015bmy tam wieniec, znicze, harcerze postawili honorow\u0105 wart\u0119, odby\u0142a si\u0119 lekcja historii, a Konsul Rafa\u0142 Kocot przedstawi\u0142 grupie&nbsp; kilka bie\u017c\u0105cych informacji.&nbsp;<\/p>\n<figure class=\"gallery-item\">\n\t\t\t\t<a data-elementor-open-lightbox=\"yes\" data-elementor-lightbox-slideshow=\"d4e892c\" data-elementor-lightbox-title=\"Na \u015bcie\u017ckach \u0141yczakowa\" href=\"https:\/\/odraniemen.org\/wp-content\/uploads\/2020\/05\/DSC_0056.jpg\"><img loading=\"lazy\" decoding=\"async\" width=\"150\" height=\"150\" src=\"https:\/\/odraniemen.org\/wp-content\/uploads\/2020\/05\/DSC_0056-150x150.jpg\" alt=\"\"><\/a><\/figure>\n<figure class=\"gallery-item\">\n\t\t\t\t<a data-elementor-open-lightbox=\"yes\" data-elementor-lightbox-slideshow=\"d4e892c\" data-elementor-lightbox-title=\"Cmentarz \u0141yczakowski\" href=\"https:\/\/odraniemen.org\/wp-content\/uploads\/2020\/05\/DSC_0061.jpg\"><img loading=\"lazy\" decoding=\"async\" width=\"150\" height=\"150\" src=\"https:\/\/odraniemen.org\/wp-content\/uploads\/2020\/05\/DSC_0061-150x150.jpg\" alt=\"\"><\/a><\/figure>\n<figure class=\"gallery-item\">\n\t\t\t\t<a data-elementor-open-lightbox=\"yes\" data-elementor-lightbox-slideshow=\"d4e892c\" data-elementor-lightbox-title=\"Cmentarz \u0141yczakowski\" href=\"https:\/\/odraniemen.org\/wp-content\/uploads\/2020\/05\/DSC_0069.jpg\"><img loading=\"lazy\" decoding=\"async\" width=\"150\" height=\"150\" src=\"https:\/\/odraniemen.org\/wp-content\/uploads\/2020\/05\/DSC_0069-150x150.jpg\" alt=\"\"><\/a><\/figure>\n<figure class=\"gallery-item\">\n\t\t\t\t<a data-elementor-open-lightbox=\"yes\" data-elementor-lightbox-slideshow=\"d4e892c\" data-elementor-lightbox-title=\"Lekcja historii\" href=\"https:\/\/odraniemen.org\/wp-content\/uploads\/2020\/05\/DSC_0079.jpg\"><img loading=\"lazy\" decoding=\"async\" width=\"150\" height=\"150\" src=\"https:\/\/odraniemen.org\/wp-content\/uploads\/2020\/05\/DSC_0079-150x150.jpg\" alt=\"\"><\/a><\/figure>\n<figure class=\"gallery-item\">\n\t\t\t\t<a data-elementor-open-lightbox=\"yes\" data-elementor-lightbox-slideshow=\"d4e892c\" data-elementor-lightbox-title=\"Lekcja historii - opowiada Antek Stosik\" href=\"https:\/\/odraniemen.org\/wp-content\/uploads\/2020\/05\/DSC_0088.jpg\"><img loading=\"lazy\" decoding=\"async\" width=\"150\" height=\"150\" src=\"https:\/\/odraniemen.org\/wp-content\/uploads\/2020\/05\/DSC_0088-150x150.jpg\" alt=\"\"><\/a><\/figure>\n<figure class=\"gallery-item\">\n\t\t\t\t<a data-elementor-open-lightbox=\"yes\" data-elementor-lightbox-slideshow=\"d4e892c\" data-elementor-lightbox-title=\"Harcerze z Opolszczyzny\" href=\"https:\/\/odraniemen.org\/wp-content\/uploads\/2020\/05\/DSC_0100.jpg\"><img loading=\"lazy\" decoding=\"async\" width=\"150\" height=\"150\" src=\"https:\/\/odraniemen.org\/wp-content\/uploads\/2020\/05\/DSC_0100-150x150.jpg\" alt=\"\"><\/a><\/figure>\n<figure class=\"gallery-item\">\n\t\t\t\t<a data-elementor-open-lightbox=\"yes\" data-elementor-lightbox-slideshow=\"d4e892c\" data-elementor-lightbox-title=\"Warta honorowa\" href=\"https:\/\/odraniemen.org\/wp-content\/uploads\/2020\/05\/DSC_0105.jpg\"><img loading=\"lazy\" decoding=\"async\" width=\"150\" height=\"150\" src=\"https:\/\/odraniemen.org\/wp-content\/uploads\/2020\/05\/DSC_0105-150x150.jpg\" alt=\"\"><\/a><\/figure>\n<figure class=\"gallery-item\">\n\t\t\t\t<a data-elementor-open-lightbox=\"yes\" data-elementor-lightbox-slideshow=\"d4e892c\" data-elementor-lightbox-title=\"Delegacje z Polski\" href=\"https:\/\/odraniemen.org\/wp-content\/uploads\/2020\/05\/DSC_0112.jpg\"><img loading=\"lazy\" decoding=\"async\" width=\"150\" height=\"150\" src=\"https:\/\/odraniemen.org\/wp-content\/uploads\/2020\/05\/DSC_0112-150x150.jpg\" alt=\"\"><\/a><\/figure>\n<figure class=\"gallery-item\">\n\t\t\t\t<a data-elementor-open-lightbox=\"yes\" data-elementor-lightbox-slideshow=\"d4e892c\" data-elementor-lightbox-title=\"Grupa z Polski i Konsul Rafa\u0142 Kocot\" href=\"https:\/\/odraniemen.org\/wp-content\/uploads\/2020\/05\/DSC_0115.jpg\"><img loading=\"lazy\" decoding=\"async\" width=\"150\" height=\"150\" src=\"https:\/\/odraniemen.org\/wp-content\/uploads\/2020\/05\/DSC_0115-150x150.jpg\" alt=\"\"><\/a><\/figure>\n<figure class=\"gallery-item\">\n\t\t\t\t<a data-elementor-open-lightbox=\"yes\" data-elementor-lightbox-slideshow=\"d4e892c\" data-elementor-lightbox-title=\"Grupa z Polski i Konsul Rafa\u0142 Kocot\" href=\"https:\/\/odraniemen.org\/wp-content\/uploads\/2020\/05\/DSC_0135-2-1.jpg\"><img loading=\"lazy\" decoding=\"async\" width=\"150\" height=\"150\" src=\"https:\/\/odraniemen.org\/wp-content\/uploads\/2020\/05\/DSC_0135-2-1-150x150.jpg\" alt=\"\"><\/a><\/figure>\n<figure class=\"gallery-item\">\n\t\t\t\t<a data-elementor-open-lightbox=\"yes\" data-elementor-lightbox-slideshow=\"d4e892c\" data-elementor-lightbox-title=\"Grupa z Polski i Konsul Rafa\u0142 Kocot\" href=\"https:\/\/odraniemen.org\/wp-content\/uploads\/2020\/05\/DSC_0139.jpg\"><img loading=\"lazy\" decoding=\"async\" width=\"150\" height=\"150\" src=\"https:\/\/odraniemen.org\/wp-content\/uploads\/2020\/05\/DSC_0139-150x150.jpg\" alt=\"\"><\/a><\/figure>\n<figure class=\"gallery-item\">\n\t\t\t\t<a data-elementor-open-lightbox=\"yes\" data-elementor-lightbox-slideshow=\"d4e892c\" data-elementor-lightbox-title=\"Konsul opowiada o wsp\u00f3\u0142pracy z organizacjami z Polski i Ukrainy\" href=\"https:\/\/odraniemen.org\/wp-content\/uploads\/2020\/05\/DSC_0148.jpg\"><img loading=\"lazy\" decoding=\"async\" width=\"150\" height=\"150\" src=\"https:\/\/odraniemen.org\/wp-content\/uploads\/2020\/05\/DSC_0148-150x150.jpg\" alt=\"\"><\/a><\/figure>\n<p>Mieli\u015bmy tak\u017ce pi\u0119kne spotkanie integracyjne w siedzibie Lwowskiego Towarzystwa Przyjaci\u00f3\u0142 Sztuk Pi\u0119knych, kt\u00f3re od lat prowadzi wspania\u0142a polska rodzina Ma\u0142awskich z Profesorem Mieczys\u0142awem na czele.<\/p>\n<p>Odby\u0142 si\u0119 tak\u017ce spacer edukacyjny \u201e\u015ar\u00f3dmiejskie \u015blady Powstania Lwowskiego\u201d. Ttrasa to Politechnika Lwowska-sztab i szpital, Park Ko\u015bciuszki oraz Opera \u2013 miejsca walk.<\/p>\n<figure class=\"gallery-item\">\n\t\t\t\t<a data-elementor-open-lightbox=\"yes\" data-elementor-lightbox-slideshow=\"fd9028d\" data-elementor-lightbox-title=\"Mi\u0119dzypokoleniowe rozmowy\" href=\"https:\/\/odraniemen.org\/wp-content\/uploads\/2020\/05\/DSC_0190.jpg\"><img loading=\"lazy\" decoding=\"async\" width=\"150\" height=\"150\" src=\"https:\/\/odraniemen.org\/wp-content\/uploads\/2020\/05\/DSC_0190-150x150.jpg\" alt=\"\"><\/a><\/figure>\n<figure class=\"gallery-item\">\n\t\t\t\t<a data-elementor-open-lightbox=\"yes\" data-elementor-lightbox-slideshow=\"fd9028d\" data-elementor-lightbox-title=\"Panie Wala Ma\u0142awska ze Lwowa i Maria \u015awierczy\u0144ska z Wroc\u0142awia\" href=\"https:\/\/odraniemen.org\/wp-content\/uploads\/2020\/05\/DSC_0169.jpg\"><img loading=\"lazy\" decoding=\"async\" width=\"150\" height=\"150\" src=\"https:\/\/odraniemen.org\/wp-content\/uploads\/2020\/05\/DSC_0169-150x150.jpg\" alt=\"\"><\/a><\/figure>\n<figure class=\"gallery-item\">\n\t\t\t\t<a data-elementor-open-lightbox=\"yes\" data-elementor-lightbox-slideshow=\"fd9028d\" data-elementor-lightbox-title=\"Spotkanie  w w siedzibie Lwowskiego Towarzystwa Przyjaci\u00f3\u0142 Sztuk Pi\u0119knych\" href=\"https:\/\/odraniemen.org\/wp-content\/uploads\/2020\/05\/DSC_0164.jpg\"><img loading=\"lazy\" decoding=\"async\" width=\"150\" height=\"150\" src=\"https:\/\/odraniemen.org\/wp-content\/uploads\/2020\/05\/DSC_0164-150x150.jpg\" alt=\"\"><\/a><\/figure>\n<figure class=\"gallery-item\">\n\t\t\t\t<a data-elementor-open-lightbox=\"yes\" data-elementor-lightbox-slideshow=\"fd9028d\" data-elementor-lightbox-title=\"Miejsce spotka\u0144 polskich artyst\u00f3w i dzia\u0142aczy spo\u0142ecznych ze Lwowa\" href=\"https:\/\/odraniemen.org\/wp-content\/uploads\/2020\/05\/DSC_0218.jpg\"><img loading=\"lazy\" decoding=\"async\" width=\"150\" height=\"150\" src=\"https:\/\/odraniemen.org\/wp-content\/uploads\/2020\/05\/DSC_0218-150x150.jpg\" alt=\"\"><\/a><\/figure>\n<figure class=\"gallery-item\">\n\t\t\t\t<a data-elementor-open-lightbox=\"yes\" data-elementor-lightbox-slideshow=\"fd9028d\" data-elementor-lightbox-title=\"Opera Lwowska\" href=\"https:\/\/odraniemen.org\/wp-content\/uploads\/2020\/05\/DSC_0805a.jpg\"><img loading=\"lazy\" decoding=\"async\" width=\"150\" height=\"150\" src=\"https:\/\/odraniemen.org\/wp-content\/uploads\/2020\/05\/DSC_0805a-150x150.jpg\" alt=\"\"><\/a><\/figure>\n<figure class=\"gallery-item\">\n\t\t\t\t<a data-elementor-open-lightbox=\"yes\" data-elementor-lightbox-slideshow=\"fd9028d\" data-elementor-lightbox-title=\"Politechnika Lwowska\" href=\"https:\/\/odraniemen.org\/wp-content\/uploads\/2020\/05\/DSC_0780.jpg\"><img loading=\"lazy\" decoding=\"async\" width=\"150\" height=\"150\" src=\"https:\/\/odraniemen.org\/wp-content\/uploads\/2020\/05\/DSC_0780-150x150.jpg\" alt=\"\"><\/a><\/figure>\n<figure class=\"gallery-item\">\n\t\t\t\t<a data-elementor-open-lightbox=\"yes\" data-elementor-lightbox-slideshow=\"fd9028d\" data-elementor-lightbox-title=\"Pocz\u0105tek spaceru edukacyjnego\" href=\"https:\/\/odraniemen.org\/wp-content\/uploads\/2020\/05\/DSC_0772.jpg\"><img loading=\"lazy\" decoding=\"async\" width=\"150\" height=\"150\" src=\"https:\/\/odraniemen.org\/wp-content\/uploads\/2020\/05\/DSC_0772-150x150.jpg\" alt=\"\"><\/a><\/figure>\n<figure class=\"gallery-item\">\n\t\t\t\t<a data-elementor-open-lightbox=\"yes\" data-elementor-lightbox-slideshow=\"fd9028d\" data-elementor-lightbox-title=\"Parki Ko\u015bciuszki\" href=\"https:\/\/odraniemen.org\/wp-content\/uploads\/2020\/05\/DSC_0805.jpg\"><img loading=\"lazy\" decoding=\"async\" width=\"150\" height=\"150\" src=\"https:\/\/odraniemen.org\/wp-content\/uploads\/2020\/05\/DSC_0805-150x150.jpg\" alt=\"\"><\/a><\/figure>\n<p>Kolejne etapy zadania to objazd po miejscach pami\u0119ci i z\u0142o\u017cenie zniczy (Horpin, Busk, Firlej\u00f3wka, Mo\u015bciska) oraz niezwyk\u0142e jak zawsze spotkanie z kombatantem Stanis\u0142awem Kawa\u0142kiem, kt\u00f3ry opr\u00f3cz bardzo serdecznego przyj\u0119cia niema\u0142ej grupy, w\u0142\u0105czy\u0142 si\u0119 w temat naszego projektu i przedstawi\u0142 m\u0142odym uczestnikom kr\u00f3tk\u0105 lekcj\u0119 historii o Powstaniu Lwowskim.<\/p>\n<figure class=\"gallery-item\">\n\t\t\t\t<a data-elementor-open-lightbox=\"yes\" data-elementor-lightbox-slideshow=\"c583113\" href=\"https:\/\/odraniemen.org\/wp-content\/uploads\/2020\/05\/DSC_0249.jpg\"><img loading=\"lazy\" decoding=\"async\" width=\"150\" height=\"150\" src=\"https:\/\/odraniemen.org\/wp-content\/uploads\/2020\/05\/DSC_0249-150x150.jpg\" alt=\"\"><\/a><\/figure>\n<figure class=\"gallery-item\">\n\t\t\t\t<a data-elementor-open-lightbox=\"yes\" data-elementor-lightbox-slideshow=\"c583113\" href=\"https:\/\/odraniemen.org\/wp-content\/uploads\/2020\/05\/DSC_0549.jpg\"><img loading=\"lazy\" decoding=\"async\" width=\"150\" height=\"150\" src=\"https:\/\/odraniemen.org\/wp-content\/uploads\/2020\/05\/DSC_0549-150x150.jpg\" alt=\"\"><\/a><\/figure>\n<figure class=\"gallery-item\">\n\t\t\t\t<a data-elementor-open-lightbox=\"yes\" data-elementor-lightbox-slideshow=\"c583113\" href=\"https:\/\/odraniemen.org\/wp-content\/uploads\/2020\/05\/DSC_0320.jpg\"><img loading=\"lazy\" decoding=\"async\" width=\"150\" height=\"150\" src=\"https:\/\/odraniemen.org\/wp-content\/uploads\/2020\/05\/DSC_0320-150x150.jpg\" alt=\"\"><\/a><\/figure>\n<figure class=\"gallery-item\">\n\t\t\t\t<a data-elementor-open-lightbox=\"yes\" data-elementor-lightbox-slideshow=\"c583113\" href=\"https:\/\/odraniemen.org\/wp-content\/uploads\/2020\/05\/DSC_0471.jpg\"><img loading=\"lazy\" decoding=\"async\" width=\"150\" height=\"150\" src=\"https:\/\/odraniemen.org\/wp-content\/uploads\/2020\/05\/DSC_0471-150x150.jpg\" alt=\"\"><\/a><\/figure>\n<figure class=\"gallery-item\">\n\t\t\t\t<a data-elementor-open-lightbox=\"yes\" data-elementor-lightbox-slideshow=\"c583113\" href=\"https:\/\/odraniemen.org\/wp-content\/uploads\/2020\/05\/DSC_0318.jpg\"><img loading=\"lazy\" decoding=\"async\" width=\"150\" height=\"150\" src=\"https:\/\/odraniemen.org\/wp-content\/uploads\/2020\/05\/DSC_0318-150x150.jpg\" alt=\"\"><\/a><\/figure>\n<figure class=\"gallery-item\">\n\t\t\t\t<a data-elementor-open-lightbox=\"yes\" data-elementor-lightbox-slideshow=\"c583113\" href=\"https:\/\/odraniemen.org\/wp-content\/uploads\/2020\/05\/DSC_0314.jpg\"><img loading=\"lazy\" decoding=\"async\" width=\"150\" height=\"150\" src=\"https:\/\/odraniemen.org\/wp-content\/uploads\/2020\/05\/DSC_0314-150x150.jpg\" alt=\"\"><\/a><\/figure>\n<figure class=\"gallery-item\">\n\t\t\t\t<a data-elementor-open-lightbox=\"yes\" data-elementor-lightbox-slideshow=\"c583113\" data-elementor-lightbox-title=\"Mo\u015bciska - dom Stanis\u0142awa Kawa\u0142ka\" href=\"https:\/\/odraniemen.org\/wp-content\/uploads\/2020\/05\/DSC_0580.jpg\"><img loading=\"lazy\" decoding=\"async\" width=\"150\" height=\"150\" src=\"https:\/\/odraniemen.org\/wp-content\/uploads\/2020\/05\/DSC_0580-150x150.jpg\" alt=\"\"><\/a><\/figure>\n<figure class=\"gallery-item\">\n\t\t\t\t<a data-elementor-open-lightbox=\"yes\" data-elementor-lightbox-slideshow=\"c583113\" data-elementor-lightbox-title=\"Pami\u0105tki Pana Stanis\u0142awa Kawa\u0142ka\" href=\"https:\/\/odraniemen.org\/wp-content\/uploads\/2020\/05\/DSC_0582.jpg\"><img loading=\"lazy\" decoding=\"async\" width=\"150\" height=\"150\" src=\"https:\/\/odraniemen.org\/wp-content\/uploads\/2020\/05\/DSC_0582-150x150.jpg\" alt=\"\"><\/a><\/figure>\n<figure class=\"gallery-item\">\n\t\t\t\t<a data-elementor-open-lightbox=\"yes\" data-elementor-lightbox-slideshow=\"c583113\" data-elementor-lightbox-title=\"Mo\u015bciska - Stanis\u0142aw Kawa\u0142ek\" href=\"https:\/\/odraniemen.org\/wp-content\/uploads\/2020\/05\/DSC_0612.jpg\"><img loading=\"lazy\" decoding=\"async\" width=\"150\" height=\"150\" src=\"https:\/\/odraniemen.org\/wp-content\/uploads\/2020\/05\/DSC_0612-150x150.jpg\" alt=\"\"><\/a><\/figure>\n<figure class=\"gallery-item\">\n\t\t\t\t<a data-elementor-open-lightbox=\"yes\" data-elementor-lightbox-slideshow=\"c583113\" data-elementor-lightbox-title=\"Mi\u0119dzypokoleniowe spotkania w Mo\u015bciskach\" href=\"https:\/\/odraniemen.org\/wp-content\/uploads\/2020\/05\/DSC_0643.jpg\"><img loading=\"lazy\" decoding=\"async\" width=\"150\" height=\"150\" src=\"https:\/\/odraniemen.org\/wp-content\/uploads\/2020\/05\/DSC_0643-150x150.jpg\" alt=\"\"><\/a><\/figure>\n<figure class=\"gallery-item\">\n\t\t\t\t<a data-elementor-open-lightbox=\"yes\" data-elementor-lightbox-slideshow=\"c583113\" data-elementor-lightbox-title=\"Mi\u0119dzypokoleniowe spotkania\" href=\"https:\/\/odraniemen.org\/wp-content\/uploads\/2020\/05\/DSC_0658.jpg\"><img loading=\"lazy\" decoding=\"async\" width=\"150\" height=\"150\" src=\"https:\/\/odraniemen.org\/wp-content\/uploads\/2020\/05\/DSC_0658-150x150.jpg\" alt=\"\"><\/a><\/figure>\n<figure class=\"gallery-item\">\n\t\t\t\t<a data-elementor-open-lightbox=\"yes\" data-elementor-lightbox-slideshow=\"c583113\" data-elementor-lightbox-title=\"Cala grupa przed domem Pana  Stanis\u0142awa\" href=\"https:\/\/odraniemen.org\/wp-content\/uploads\/2020\/05\/DSC_0681.jpg\"><img loading=\"lazy\" decoding=\"async\" width=\"150\" height=\"150\" src=\"https:\/\/odraniemen.org\/wp-content\/uploads\/2020\/05\/DSC_0681-150x150.jpg\" alt=\"\"><\/a><\/figure>\n<p>Projekt zosta\u0142 zrealizowany dzi\u0119ki wsp\u00f3\u0142finansowaniu Urz\u0119du ds. Kombatant\u00f3w i Os\u00f3b&nbsp;Represjonowanych oraz ze \u015brodk\u00f3w w\u0142asnych Stowarzyszenia Odra-Niemen. &nbsp;Projekt zosta\u0142 zrealizowany dzi\u0119ki wsp\u00f3\u0142finansowaniu Urz\u0119du ds. Kombatant\u00f3w i Os\u00f3b<\/p>\n<p><img loading=\"lazy\" decoding=\"async\" width=\"240\" height=\"240\" src=\"https:\/\/odraniemen.org\/wp-content\/uploads\/2019\/12\/logo1_UDSKiOR_RGB.gif\" alt=\"\"><\/p>\n","protected":false},"excerpt":{"rendered":"<p>75 Rocznica Powstania Lwowskiego. Projekt realizowany na Ukrainie, przywracaj\u0105cy pami\u0119\u0107 o tym wydarzeniu. To ma\u0142o znany element Akcji Burza, po Ostrej Bramie (Nowogr\u00f3dzkie i Wile\u0144skie Oddzia\u0142y), a przed Powstaniem Warszawskim.<\/p>\n","protected":false},"author":9,"featured_media":712,"comment_status":"closed","ping_status":"closed","sticky":false,"template":"","format":"standard","meta":{"site-sidebar-layout":"default","site-content-layout":"default","ast-site-content-layout":"","site-content-style":"default","site-sidebar-style":"default","ast-global-header-display":"","ast-banner-title-visibility":"","ast-main-header-display":"","ast-hfb-above-header-display":"","ast-hfb-below-header-display":"","ast-hfb-mobile-header-display":"","site-post-title":"","ast-breadcrumbs-content":"","ast-featured-img":"","footer-sml-layout":"","theme-transparent-header-meta":"default","adv-header-id-meta":"","stick-header-meta":"","header-above-stick-meta":"","header-main-stick-meta":"","header-below-stick-meta":"","astra-migrate-meta-layouts":"","ast-page-background-enabled":"default","ast-page-background-meta":{"desktop":{"background-color":"","background-image":"","background-repeat":"repeat","background-position":"center center","background-size":"auto","background-attachment":"scroll","background-type":"","background-media":"","overlay-type":"","overlay-color":"","overlay-gradient":""},"tablet":{"background-color":"","background-image":"","background-repeat":"repeat","background-position":"center center","background-size":"auto","background-attachment":"scroll","background-type":"","background-media":"","overlay-type":"","overlay-color":"","overlay-gradient":""},"mobile":{"background-color":"","background-image":"","background-repeat":"repeat","background-position":"center center","background-size":"auto","background-attachment":"scroll","background-type":"","background-media":"","overlay-type":"","overlay-color":"","overlay-gradient":""}},"ast-content-background-meta":{"desktop":{"background-color":"var(--ast-global-color-5)","background-image":"","background-repeat":"repeat","background-position":"center center","background-size":"auto","background-attachment":"scroll","background-type":"","background-media":"","overlay-type":"","overlay-color":"","overlay-gradient":""},"tablet":{"background-color":"var(--ast-global-color-5)","background-image":"","background-repeat":"repeat","background-position":"center center","background-size":"auto","background-attachment":"scroll","background-type":"","background-media":"","overlay-type":"","overlay-color":"","overlay-gradient":""},"mobile":{"background-color":"var(--ast-global-color-5)","background-image":"","background-repeat":"repeat","background-position":"center center","background-size":"auto","background-attachment":"scroll","background-type":"","background-media":"","overlay-type":"","overlay-color":"","overlay-gradient":""}},"footnotes":""},"categories":[36],"tags":[],"yoast_head":"<!-- This site is optimized with the Yoast SEO plugin v21.6 - https:\/\/yoast.com\/wordpress\/plugins\/seo\/ -->\n<title>Powstanie Lwowskie - Polacy Ponad Granicami<\/title>\n<meta name=\"robots\" content=\"index, follow, max-snippet:-1, max-image-preview:large, max-video-preview:-1\" \/>\n<link rel=\"canonical\" href=\"https:\/\/odraniemen.org\/polacy-na-swiecie\/2019\/07\/25\/powstanie-lwowskie\/\" \/>\n<meta property=\"og:locale\" content=\"pl_PL\" \/>\n<meta property=\"og:type\" content=\"article\" \/>\n<meta property=\"og:title\" content=\"Powstanie Lwowskie - Polacy Ponad Granicami\" \/>\n<meta property=\"og:description\" content=\"75 Rocznica Powstania Lwowskiego. Projekt realizowany na Ukrainie, przywracaj\u0105cy pami\u0119\u0107 o tym wydarzeniu. To ma\u0142o znany element Akcji Burza, po Ostrej Bramie (Nowogr\u00f3dzkie i Wile\u0144skie Oddzia\u0142y), a przed Powstaniem Warszawskim.\" \/>\n<meta property=\"og:url\" content=\"https:\/\/odraniemen.org\/polacy-na-swiecie\/2019\/07\/25\/powstanie-lwowskie\/\" \/>\n<meta property=\"og:site_name\" content=\"Polacy Ponad Granicami\" \/>\n<meta property=\"article:published_time\" content=\"2019-07-25T19:38:00+00:00\" \/>\n<meta property=\"article:modified_time\" content=\"2021-11-23T16:49:11+00:00\" \/>\n<meta property=\"og:image\" content=\"https:\/\/odraniemen.org\/polacy-na-swiecie\/wp-content\/uploads\/sites\/10\/2020\/05\/DSC_0135-2-scaled.jpg\" \/>\n\t<meta property=\"og:image:width\" content=\"2048\" \/>\n\t<meta property=\"og:image:height\" content=\"1812\" \/>\n\t<meta property=\"og:image:type\" content=\"image\/jpeg\" \/>\n<meta name=\"author\" content=\"Ilona Gosiewska\" \/>\n<meta name=\"twitter:card\" content=\"summary_large_image\" \/>\n<meta name=\"twitter:label1\" content=\"Napisane przez\" \/>\n\t<meta name=\"twitter:data1\" content=\"Ilona Gosiewska\" \/>\n\t<meta name=\"twitter:label2\" content=\"Szacowany czas czytania\" \/>\n\t<meta name=\"twitter:data2\" content=\"2 minuty\" \/>\n<script type=\"application\/ld+json\" class=\"yoast-schema-graph\">{\"@context\":\"https:\/\/schema.org\",\"@graph\":[{\"@type\":\"Article\",\"@id\":\"https:\/\/odraniemen.org\/polacy-na-swiecie\/2019\/07\/25\/powstanie-lwowskie\/#article\",\"isPartOf\":{\"@id\":\"https:\/\/odraniemen.org\/polacy-na-swiecie\/2019\/07\/25\/powstanie-lwowskie\/\"},\"author\":{\"name\":\"Ilona Gosiewska\",\"@id\":\"https:\/\/odraniemen.org\/polacy-na-swiecie\/#\/schema\/person\/85e3fc29d5c98d8d1ff079bb7dfcfd50\"},\"headline\":\"Powstanie Lwowskie\",\"datePublished\":\"2019-07-25T19:38:00+00:00\",\"dateModified\":\"2021-11-23T16:49:11+00:00\",\"mainEntityOfPage\":{\"@id\":\"https:\/\/odraniemen.org\/polacy-na-swiecie\/2019\/07\/25\/powstanie-lwowskie\/\"},\"wordCount\":332,\"publisher\":{\"@id\":\"https:\/\/odraniemen.org\/polacy-na-swiecie\/#organization\"},\"articleSection\":[\"Archiwum aktualno\u015bci\"],\"inLanguage\":\"pl-PL\"},{\"@type\":\"WebPage\",\"@id\":\"https:\/\/odraniemen.org\/polacy-na-swiecie\/2019\/07\/25\/powstanie-lwowskie\/\",\"url\":\"https:\/\/odraniemen.org\/polacy-na-swiecie\/2019\/07\/25\/powstanie-lwowskie\/\",\"name\":\"Powstanie Lwowskie - Polacy Ponad Granicami\",\"isPartOf\":{\"@id\":\"https:\/\/odraniemen.org\/polacy-na-swiecie\/#website\"},\"datePublished\":\"2019-07-25T19:38:00+00:00\",\"dateModified\":\"2021-11-23T16:49:11+00:00\",\"breadcrumb\":{\"@id\":\"https:\/\/odraniemen.org\/polacy-na-swiecie\/2019\/07\/25\/powstanie-lwowskie\/#breadcrumb\"},\"inLanguage\":\"pl-PL\",\"potentialAction\":[{\"@type\":\"ReadAction\",\"target\":[\"https:\/\/odraniemen.org\/polacy-na-swiecie\/2019\/07\/25\/powstanie-lwowskie\/\"]}]},{\"@type\":\"BreadcrumbList\",\"@id\":\"https:\/\/odraniemen.org\/polacy-na-swiecie\/2019\/07\/25\/powstanie-lwowskie\/#breadcrumb\",\"itemListElement\":[{\"@type\":\"ListItem\",\"position\":1,\"name\":\"Strona g\u0142\u00f3wna\",\"item\":\"https:\/\/odraniemen.org\/polacy-na-swiecie\/\"},{\"@type\":\"ListItem\",\"position\":2,\"name\":\"Powstanie Lwowskie\"}]},{\"@type\":\"WebSite\",\"@id\":\"https:\/\/odraniemen.org\/polacy-na-swiecie\/#website\",\"url\":\"https:\/\/odraniemen.org\/polacy-na-swiecie\/\",\"name\":\"Polacy Ponad Granicami\",\"description\":\"Kolejna witryna sieci \u201eOdra-Niemen Witryny\u201d\",\"publisher\":{\"@id\":\"https:\/\/odraniemen.org\/polacy-na-swiecie\/#organization\"},\"potentialAction\":[{\"@type\":\"SearchAction\",\"target\":{\"@type\":\"EntryPoint\",\"urlTemplate\":\"https:\/\/odraniemen.org\/polacy-na-swiecie\/?s={search_term_string}\"},\"query-input\":\"required name=search_term_string\"}],\"inLanguage\":\"pl-PL\"},{\"@type\":\"Organization\",\"@id\":\"https:\/\/odraniemen.org\/polacy-na-swiecie\/#organization\",\"name\":\"Polacy Ponad Granicami\",\"url\":\"https:\/\/odraniemen.org\/polacy-na-swiecie\/\",\"logo\":{\"@type\":\"ImageObject\",\"inLanguage\":\"pl-PL\",\"@id\":\"https:\/\/odraniemen.org\/polacy-na-swiecie\/#\/schema\/logo\/image\/\",\"url\":\"https:\/\/odraniemen.org\/polacy-na-swiecie\/wp-content\/uploads\/sites\/10\/2025\/06\/cropped-Polacy-PONAD-GRANICAMI-logo.png\",\"contentUrl\":\"https:\/\/odraniemen.org\/polacy-na-swiecie\/wp-content\/uploads\/sites\/10\/2025\/06\/cropped-Polacy-PONAD-GRANICAMI-logo.png\",\"width\":1546,\"height\":454,\"caption\":\"Polacy Ponad Granicami\"},\"image\":{\"@id\":\"https:\/\/odraniemen.org\/polacy-na-swiecie\/#\/schema\/logo\/image\/\"}},{\"@type\":\"Person\",\"@id\":\"https:\/\/odraniemen.org\/polacy-na-swiecie\/#\/schema\/person\/85e3fc29d5c98d8d1ff079bb7dfcfd50\",\"name\":\"Ilona Gosiewska\",\"image\":{\"@type\":\"ImageObject\",\"inLanguage\":\"pl-PL\",\"@id\":\"https:\/\/odraniemen.org\/polacy-na-swiecie\/#\/schema\/person\/image\/\",\"url\":\"https:\/\/secure.gravatar.com\/avatar\/3d19ad97584bcf1e751bb6463745fd62?s=96&d=mm&r=g\",\"contentUrl\":\"https:\/\/secure.gravatar.com\/avatar\/3d19ad97584bcf1e751bb6463745fd62?s=96&d=mm&r=g\",\"caption\":\"Ilona Gosiewska\"},\"url\":\"https:\/\/odraniemen.org\/polacy-na-swiecie\/author\/igosiewska\/\"}]}<\/script>\n<!-- \/ Yoast SEO plugin. -->","yoast_head_json":{"title":"Powstanie Lwowskie - Polacy Ponad Granicami","robots":{"index":"index","follow":"follow","max-snippet":"max-snippet:-1","max-image-preview":"max-image-preview:large","max-video-preview":"max-video-preview:-1"},"canonical":"https:\/\/odraniemen.org\/polacy-na-swiecie\/2019\/07\/25\/powstanie-lwowskie\/","og_locale":"pl_PL","og_type":"article","og_title":"Powstanie Lwowskie - Polacy Ponad Granicami","og_description":"75 Rocznica Powstania Lwowskiego. Projekt realizowany na Ukrainie, przywracaj\u0105cy pami\u0119\u0107 o tym wydarzeniu. To ma\u0142o znany element Akcji Burza, po Ostrej Bramie (Nowogr\u00f3dzkie i Wile\u0144skie Oddzia\u0142y), a przed Powstaniem Warszawskim.","og_url":"https:\/\/odraniemen.org\/polacy-na-swiecie\/2019\/07\/25\/powstanie-lwowskie\/","og_site_name":"Polacy Ponad Granicami","article_published_time":"2019-07-25T19:38:00+00:00","article_modified_time":"2021-11-23T16:49:11+00:00","og_image":[{"width":2048,"height":1812,"url":"https:\/\/odraniemen.org\/polacy-na-swiecie\/wp-content\/uploads\/sites\/10\/2020\/05\/DSC_0135-2-scaled.jpg","type":"image\/jpeg"}],"author":"Ilona Gosiewska","twitter_card":"summary_large_image","twitter_misc":{"Napisane przez":"Ilona Gosiewska","Szacowany czas czytania":"2 minuty"},"schema":{"@context":"https:\/\/schema.org","@graph":[{"@type":"Article","@id":"https:\/\/odraniemen.org\/polacy-na-swiecie\/2019\/07\/25\/powstanie-lwowskie\/#article","isPartOf":{"@id":"https:\/\/odraniemen.org\/polacy-na-swiecie\/2019\/07\/25\/powstanie-lwowskie\/"},"author":{"name":"Ilona Gosiewska","@id":"https:\/\/odraniemen.org\/polacy-na-swiecie\/#\/schema\/person\/85e3fc29d5c98d8d1ff079bb7dfcfd50"},"headline":"Powstanie Lwowskie","datePublished":"2019-07-25T19:38:00+00:00","dateModified":"2021-11-23T16:49:11+00:00","mainEntityOfPage":{"@id":"https:\/\/odraniemen.org\/polacy-na-swiecie\/2019\/07\/25\/powstanie-lwowskie\/"},"wordCount":332,"publisher":{"@id":"https:\/\/odraniemen.org\/polacy-na-swiecie\/#organization"},"articleSection":["Archiwum aktualno\u015bci"],"inLanguage":"pl-PL"},{"@type":"WebPage","@id":"https:\/\/odraniemen.org\/polacy-na-swiecie\/2019\/07\/25\/powstanie-lwowskie\/","url":"https:\/\/odraniemen.org\/polacy-na-swiecie\/2019\/07\/25\/powstanie-lwowskie\/","name":"Powstanie Lwowskie - Polacy Ponad Granicami","isPartOf":{"@id":"https:\/\/odraniemen.org\/polacy-na-swiecie\/#website"},"datePublished":"2019-07-25T19:38:00+00:00","dateModified":"2021-11-23T16:49:11+00:00","breadcrumb":{"@id":"https:\/\/odraniemen.org\/polacy-na-swiecie\/2019\/07\/25\/powstanie-lwowskie\/#breadcrumb"},"inLanguage":"pl-PL","potentialAction":[{"@type":"ReadAction","target":["https:\/\/odraniemen.org\/polacy-na-swiecie\/2019\/07\/25\/powstanie-lwowskie\/"]}]},{"@type":"BreadcrumbList","@id":"https:\/\/odraniemen.org\/polacy-na-swiecie\/2019\/07\/25\/powstanie-lwowskie\/#breadcrumb","itemListElement":[{"@type":"ListItem","position":1,"name":"Strona g\u0142\u00f3wna","item":"https:\/\/odraniemen.org\/polacy-na-swiecie\/"},{"@type":"ListItem","position":2,"name":"Powstanie Lwowskie"}]},{"@type":"WebSite","@id":"https:\/\/odraniemen.org\/polacy-na-swiecie\/#website","url":"https:\/\/odraniemen.org\/polacy-na-swiecie\/","name":"Polacy Ponad Granicami","description":"Kolejna witryna sieci \u201eOdra-Niemen Witryny\u201d","publisher":{"@id":"https:\/\/odraniemen.org\/polacy-na-swiecie\/#organization"},"potentialAction":[{"@type":"SearchAction","target":{"@type":"EntryPoint","urlTemplate":"https:\/\/odraniemen.org\/polacy-na-swiecie\/?s={search_term_string}"},"query-input":"required name=search_term_string"}],"inLanguage":"pl-PL"},{"@type":"Organization","@id":"https:\/\/odraniemen.org\/polacy-na-swiecie\/#organization","name":"Polacy Ponad Granicami","url":"https:\/\/odraniemen.org\/polacy-na-swiecie\/","logo":{"@type":"ImageObject","inLanguage":"pl-PL","@id":"https:\/\/odraniemen.org\/polacy-na-swiecie\/#\/schema\/logo\/image\/","url":"https:\/\/odraniemen.org\/polacy-na-swiecie\/wp-content\/uploads\/sites\/10\/2025\/06\/cropped-Polacy-PONAD-GRANICAMI-logo.png","contentUrl":"https:\/\/odraniemen.org\/polacy-na-swiecie\/wp-content\/uploads\/sites\/10\/2025\/06\/cropped-Polacy-PONAD-GRANICAMI-logo.png","width":1546,"height":454,"caption":"Polacy Ponad Granicami"},"image":{"@id":"https:\/\/odraniemen.org\/polacy-na-swiecie\/#\/schema\/logo\/image\/"}},{"@type":"Person","@id":"https:\/\/odraniemen.org\/polacy-na-swiecie\/#\/schema\/person\/85e3fc29d5c98d8d1ff079bb7dfcfd50","name":"Ilona Gosiewska","image":{"@type":"ImageObject","inLanguage":"pl-PL","@id":"https:\/\/odraniemen.org\/polacy-na-swiecie\/#\/schema\/person\/image\/","url":"https:\/\/secure.gravatar.com\/avatar\/3d19ad97584bcf1e751bb6463745fd62?s=96&d=mm&r=g","contentUrl":"https:\/\/secure.gravatar.com\/avatar\/3d19ad97584bcf1e751bb6463745fd62?s=96&d=mm&r=g","caption":"Ilona Gosiewska"},"url":"https:\/\/odraniemen.org\/polacy-na-swiecie\/author\/igosiewska\/"}]}},"_links":{"self":[{"href":"https:\/\/odraniemen.org\/polacy-na-swiecie\/wp-json\/wp\/v2\/posts\/711"}],"collection":[{"href":"https:\/\/odraniemen.org\/polacy-na-swiecie\/wp-json\/wp\/v2\/posts"}],"about":[{"href":"https:\/\/odraniemen.org\/polacy-na-swiecie\/wp-json\/wp\/v2\/types\/post"}],"author":[{"embeddable":true,"href":"https:\/\/odraniemen.org\/polacy-na-swiecie\/wp-json\/wp\/v2\/users\/9"}],"replies":[{"embeddable":true,"href":"https:\/\/odraniemen.org\/polacy-na-swiecie\/wp-json\/wp\/v2\/comments?post=711"}],"version-history":[{"count":2,"href":"https:\/\/odraniemen.org\/polacy-na-swiecie\/wp-json\/wp\/v2\/posts\/711\/revisions"}],"predecessor-version":[{"id":736,"href":"https:\/\/odraniemen.org\/polacy-na-swiecie\/wp-json\/wp\/v2\/posts\/711\/revisions\/736"}],"wp:featuredmedia":[{"embeddable":true,"href":"https:\/\/odraniemen.org\/polacy-na-swiecie\/wp-json\/wp\/v2\/media\/712"}],"wp:attachment":[{"href":"https:\/\/odraniemen.org\/polacy-na-swiecie\/wp-json\/wp\/v2\/media?parent=711"}],"wp:term":[{"taxonomy":"category","embeddable":true,"href":"https:\/\/odraniemen.org\/polacy-na-swiecie\/wp-json\/wp\/v2\/categories?post=711"},{"taxonomy":"post_tag","embeddable":true,"href":"https:\/\/odraniemen.org\/polacy-na-swiecie\/wp-json\/wp\/v2\/tags?post=711"}],"curies":[{"name":"wp","href":"https:\/\/api.w.org\/{rel}","templated":true}]}}