
{"id":740,"date":"2020-05-27T12:29:25","date_gmt":"2020-05-27T10:29:25","guid":{"rendered":"https:\/\/odraniemen.org\/polacy-na-swiecie\/2020\/05\/27\/nowe-biura-dla-odry-niemen-we-wroclawiu\/"},"modified":"2021-11-23T17:45:44","modified_gmt":"2021-11-23T16:45:44","slug":"nowe-biura-dla-odry-niemen-we-wroclawiu","status":"publish","type":"post","link":"https:\/\/odraniemen.org\/polacy-na-swiecie\/2020\/05\/27\/nowe-biura-dla-odry-niemen-we-wroclawiu\/","title":{"rendered":"Nowe biura dla Odry-Niemen we Wroc\u0142awiu"},"content":{"rendered":"\t\t<div data-elementor-type=\"wp-post\" data-elementor-id=\"740\" class=\"elementor elementor-740\">\n\t\t\t\t\t\t\t\t\t<section class=\"has_eae_slider elementor-section elementor-top-section elementor-element elementor-element-225f0419 elementor-section-boxed elementor-section-height-default elementor-section-height-default\" data-id=\"225f0419\" data-element_type=\"section\">\n\t\t\t\t\t\t<div class=\"elementor-container elementor-column-gap-default\">\n\t\t\t\t\t<div class=\"has_eae_slider elementor-column elementor-col-100 elementor-top-column elementor-element elementor-element-2cf9c306\" data-id=\"2cf9c306\" data-element_type=\"column\">\n\t\t\t<div class=\"elementor-widget-wrap elementor-element-populated\">\n\t\t\t\t\t\t\t\t<div class=\"elementor-element elementor-element-2f3f1161 elementor-widget elementor-widget-text-editor\" data-id=\"2f3f1161\" data-element_type=\"widget\" data-widget_type=\"text-editor.default\">\n\t\t\t\t<div class=\"elementor-widget-container\">\n\t\t\t\t\t\t\t<p>Po 10 latach intensywnych dzia\u0142a\u0144 prowadzonych g\u0142\u00f3wnie dla \u015brodowisk kombatanckich, ale te\u017c dla Polonii i Polak\u00f3w za granic\u0105, rozwoju wolontariatu, dzia\u0142a\u0144 edukacyjnych, patriotycznych, dorobili\u015bmy si\u0119 nowego pi\u0119knego miejsca, w samym centrum Wroc\u0142awia.\u00a0 To miasto to g\u0142\u00f3wne miejsce naszych dzia\u0142a\u0144, a siedziba to serce ca\u0142ego naszego \u015brodowiska, kt\u00f3re ma wielu cz\u0142onk\u00f3w, sympatyk\u00f3w w kraju i za granic\u0105.\u00a0 To siedziba Zarz\u0105du G\u0142\u00f3wnego, miejsce dowodzenia i wielu projekt\u00f3w.<\/p><p>Zaczynamy nowy etap dzia\u0142alno\u015bci, maj\u0105c du\u017c\u0105 przestrze\u0144 potrzebn\u0105 do pracy, ale te\u017c do spotka\u0144 z go\u015b\u0107mi, do dalszego wzmacniania wolontariatu, budowania mocnego \u015brodowiska. Przede wszystkim mamy w ko\u0144cu godne miejsce na spotkania z kombatantami, na prezentacj\u0119 ich pami\u0105tek, dar\u00f3w z Kres\u00f3w.<\/p><p>Oficjalnie zaczynamy dzia\u0142ania w nowej siedzibie od jesieni. Teraz czeka nas olbrzymia przeprowadzka, wiele spraw urz\u0119dowych zwi\u0105zanych z\u00a0 nowym miejscem i planowanie sta\u0142ych, cyklicznych wydarze\u0144 w nowym miejscu. B\u0119dzie to co dla nas najwa\u017cniejsze: mi\u0119dzypokoleniowo, ponad podzia\u0142ami, patriotycznie, wzruszaj\u0105co i z super atmosfer\u0105.<\/p><p><strong>Ju\u017c teraz zapraszamy na jesienne spotkania w nowym miejscu na ul. Zelwerowicza.<\/strong><\/p>\t\t\t\t\t\t<\/div>\n\t\t\t\t<\/div>\n\t\t\t\t\t<\/div>\n\t\t<\/div>\n\t\t\t\t\t\t\t<\/div>\n\t\t<\/section>\n\t\t\t\t<section class=\"has_eae_slider elementor-section elementor-top-section elementor-element elementor-element-7732b19 elementor-section-boxed elementor-section-height-default elementor-section-height-default\" data-id=\"7732b19\" data-element_type=\"section\">\n\t\t\t\t\t\t<div class=\"elementor-container elementor-column-gap-default\">\n\t\t\t\t\t<div class=\"has_eae_slider elementor-column elementor-col-100 elementor-top-column elementor-element elementor-element-7df9cd0\" data-id=\"7df9cd0\" data-element_type=\"column\">\n\t\t\t<div class=\"elementor-widget-wrap elementor-element-populated\">\n\t\t\t\t\t\t\t\t<div class=\"elementor-element elementor-element-e55a0b3 elementor-widget elementor-widget-text-editor\" data-id=\"e55a0b3\" data-element_type=\"widget\" data-widget_type=\"text-editor.default\">\n\t\t\t\t<div class=\"elementor-widget-container\">\n\t\t\t\t\t\t\t<h4>Nowe miejsce na realizacj\u0119 kolejnych wyzwa\u0144<\/h4>\t\t\t\t\t\t<\/div>\n\t\t\t\t<\/div>\n\t\t\t\t\t<\/div>\n\t\t<\/div>\n\t\t\t\t\t\t\t<\/div>\n\t\t<\/section>\n\t\t\t\t<section class=\"has_eae_slider elementor-section elementor-top-section elementor-element elementor-element-410cfa7 elementor-section-boxed elementor-section-height-default elementor-section-height-default\" data-id=\"410cfa7\" data-element_type=\"section\">\n\t\t\t\t\t\t<div class=\"elementor-container elementor-column-gap-default\">\n\t\t\t\t\t<div class=\"has_eae_slider elementor-column elementor-col-100 elementor-top-column elementor-element elementor-element-43ec4b3\" data-id=\"43ec4b3\" data-element_type=\"column\">\n\t\t\t<div class=\"elementor-widget-wrap elementor-element-populated\">\n\t\t\t\t\t\t\t\t<div class=\"elementor-element elementor-element-d3af802 elementor-widget elementor-widget-image-gallery\" data-id=\"d3af802\" data-element_type=\"widget\" data-widget_type=\"image-gallery.default\">\n\t\t\t\t<div class=\"elementor-widget-container\">\n\t\t\t\t\t<div class=\"elementor-image-gallery\">\n\t\t\t<div id='gallery-1' class='gallery galleryid-740 gallery-columns-6 gallery-size-thumbnail'><figure class='gallery-item'>\n\t\t\t<div class='gallery-icon portrait'>\n\t\t\t\t<a data-elementor-open-lightbox=\"yes\" data-elementor-lightbox-slideshow=\"d3af802\" data-elementor-lightbox-title=\"Zelwerowicza, nowy adres we Wroc\u0142awiu dla Odry-Niemen\" data-e-action-hash=\"#elementor-action%3Aaction%3Dlightbox%26settings%3DeyJpZCI6NzQ3LCJ1cmwiOiJodHRwczpcL1wvb2RyYW5pZW1lbi5vcmdcL3BvbGFjeS1uYS1zd2llY2llXC93cC1jb250ZW50XC91cGxvYWRzXC9zaXRlc1wvMTBcLzIwMjBcLzA1XC9JTUdfMjAyMDA1MTdfMTcwNzUzLXNjYWxlZC5qcGciLCJzbGlkZXNob3ciOiJkM2FmODAyIn0%3D\" href='https:\/\/odraniemen.org\/polacy-na-swiecie\/wp-content\/uploads\/sites\/10\/2020\/05\/IMG_20200517_170753-scaled.jpg'><img loading=\"lazy\" decoding=\"async\" width=\"150\" height=\"150\" src=\"https:\/\/odraniemen.org\/polacy-na-swiecie\/wp-content\/uploads\/sites\/10\/2020\/05\/IMG_20200517_170753-150x150.jpg\" class=\"attachment-thumbnail size-thumbnail\" alt=\"\" srcset=\"https:\/\/odraniemen.org\/polacy-na-swiecie\/wp-content\/uploads\/sites\/10\/2020\/05\/IMG_20200517_170753-150x150.jpg 150w, https:\/\/odraniemen.org\/polacy-na-swiecie\/wp-content\/uploads\/sites\/10\/2020\/05\/IMG_20200517_170753-300x300.jpg 300w, https:\/\/odraniemen.org\/polacy-na-swiecie\/wp-content\/uploads\/sites\/10\/2020\/05\/IMG_20200517_170753-100x100.jpg 100w\" sizes=\"(max-width: 150px) 100vw, 150px\" \/><\/a>\n\t\t\t<\/div><\/figure><figure class='gallery-item'>\n\t\t\t<div class='gallery-icon landscape'>\n\t\t\t\t<a data-elementor-open-lightbox=\"yes\" data-elementor-lightbox-slideshow=\"d3af802\" data-elementor-lightbox-title=\"Kamienica, w kt\u00f3rej jest nowa siedziba\" data-e-action-hash=\"#elementor-action%3Aaction%3Dlightbox%26settings%3DeyJpZCI6NzQ2LCJ1cmwiOiJodHRwczpcL1wvb2RyYW5pZW1lbi5vcmdcL3BvbGFjeS1uYS1zd2llY2llXC93cC1jb250ZW50XC91cGxvYWRzXC9zaXRlc1wvMTBcLzIwMjBcLzA1XC9JTUdfMjAyMDA1MTdfMTcwNjUyLXNjYWxlZC5qcGciLCJzbGlkZXNob3ciOiJkM2FmODAyIn0%3D\" href='https:\/\/odraniemen.org\/polacy-na-swiecie\/wp-content\/uploads\/sites\/10\/2020\/05\/IMG_20200517_170652-scaled.jpg'><img loading=\"lazy\" decoding=\"async\" width=\"150\" height=\"150\" src=\"https:\/\/odraniemen.org\/polacy-na-swiecie\/wp-content\/uploads\/sites\/10\/2020\/05\/IMG_20200517_170652-150x150.jpg\" class=\"attachment-thumbnail size-thumbnail\" alt=\"\" srcset=\"https:\/\/odraniemen.org\/polacy-na-swiecie\/wp-content\/uploads\/sites\/10\/2020\/05\/IMG_20200517_170652-150x150.jpg 150w, https:\/\/odraniemen.org\/polacy-na-swiecie\/wp-content\/uploads\/sites\/10\/2020\/05\/IMG_20200517_170652-300x300.jpg 300w, https:\/\/odraniemen.org\/polacy-na-swiecie\/wp-content\/uploads\/sites\/10\/2020\/05\/IMG_20200517_170652-100x100.jpg 100w\" sizes=\"(max-width: 150px) 100vw, 150px\" \/><\/a>\n\t\t\t<\/div><\/figure><figure class='gallery-item'>\n\t\t\t<div class='gallery-icon landscape'>\n\t\t\t\t<a data-elementor-open-lightbox=\"yes\" data-elementor-lightbox-slideshow=\"d3af802\" data-elementor-lightbox-title=\"Nowe podw\u00f3rko\" data-e-action-hash=\"#elementor-action%3Aaction%3Dlightbox%26settings%3DeyJpZCI6NzQ0LCJ1cmwiOiJodHRwczpcL1wvb2RyYW5pZW1lbi5vcmdcL3BvbGFjeS1uYS1zd2llY2llXC93cC1jb250ZW50XC91cGxvYWRzXC9zaXRlc1wvMTBcLzIwMjBcLzA1XC9JTUdfMjAyMDA1MTdfMTcwMzQ4LXNjYWxlZC5qcGciLCJzbGlkZXNob3ciOiJkM2FmODAyIn0%3D\" href='https:\/\/odraniemen.org\/polacy-na-swiecie\/wp-content\/uploads\/sites\/10\/2020\/05\/IMG_20200517_170348-scaled.jpg'><img loading=\"lazy\" decoding=\"async\" width=\"150\" height=\"150\" src=\"https:\/\/odraniemen.org\/polacy-na-swiecie\/wp-content\/uploads\/sites\/10\/2020\/05\/IMG_20200517_170348-150x150.jpg\" class=\"attachment-thumbnail size-thumbnail\" alt=\"\" srcset=\"https:\/\/odraniemen.org\/polacy-na-swiecie\/wp-content\/uploads\/sites\/10\/2020\/05\/IMG_20200517_170348-150x150.jpg 150w, https:\/\/odraniemen.org\/polacy-na-swiecie\/wp-content\/uploads\/sites\/10\/2020\/05\/IMG_20200517_170348-300x300.jpg 300w, https:\/\/odraniemen.org\/polacy-na-swiecie\/wp-content\/uploads\/sites\/10\/2020\/05\/IMG_20200517_170348-100x100.jpg 100w\" sizes=\"(max-width: 150px) 100vw, 150px\" \/><\/a>\n\t\t\t<\/div><\/figure><figure class='gallery-item'>\n\t\t\t<div class='gallery-icon landscape'>\n\t\t\t\t<a data-elementor-open-lightbox=\"yes\" data-elementor-lightbox-slideshow=\"d3af802\" data-elementor-lightbox-title=\"Nowe pomieszczenia\" data-e-action-hash=\"#elementor-action%3Aaction%3Dlightbox%26settings%3DeyJpZCI6NzU1LCJ1cmwiOiJodHRwczpcL1wvb2RyYW5pZW1lbi5vcmdcL3BvbGFjeS1uYS1zd2llY2llXC93cC1jb250ZW50XC91cGxvYWRzXC9zaXRlc1wvMTBcLzIwMjBcLzA1XC9JTUdfMjAxOTEyMDJfMTQxMjQyLXNjYWxlZC5qcGciLCJzbGlkZXNob3ciOiJkM2FmODAyIn0%3D\" href='https:\/\/odraniemen.org\/polacy-na-swiecie\/wp-content\/uploads\/sites\/10\/2020\/05\/IMG_20191202_141242-scaled.jpg'><img loading=\"lazy\" decoding=\"async\" width=\"150\" height=\"150\" src=\"https:\/\/odraniemen.org\/polacy-na-swiecie\/wp-content\/uploads\/sites\/10\/2020\/05\/IMG_20191202_141242-150x150.jpg\" class=\"attachment-thumbnail size-thumbnail\" alt=\"\" srcset=\"https:\/\/odraniemen.org\/polacy-na-swiecie\/wp-content\/uploads\/sites\/10\/2020\/05\/IMG_20191202_141242-150x150.jpg 150w, https:\/\/odraniemen.org\/polacy-na-swiecie\/wp-content\/uploads\/sites\/10\/2020\/05\/IMG_20191202_141242-300x300.jpg 300w, https:\/\/odraniemen.org\/polacy-na-swiecie\/wp-content\/uploads\/sites\/10\/2020\/05\/IMG_20191202_141242-100x100.jpg 100w\" sizes=\"(max-width: 150px) 100vw, 150px\" \/><\/a>\n\t\t\t<\/div><\/figure><figure class='gallery-item'>\n\t\t\t<div class='gallery-icon landscape'>\n\t\t\t\t<a data-elementor-open-lightbox=\"yes\" data-elementor-lightbox-slideshow=\"d3af802\" data-elementor-lightbox-title=\"Nowe pomieszczenia\" data-e-action-hash=\"#elementor-action%3Aaction%3Dlightbox%26settings%3DeyJpZCI6NzU2LCJ1cmwiOiJodHRwczpcL1wvb2RyYW5pZW1lbi5vcmdcL3BvbGFjeS1uYS1zd2llY2llXC93cC1jb250ZW50XC91cGxvYWRzXC9zaXRlc1wvMTBcLzIwMjBcLzA1XC9JTUdfMjAxOTEyMDJfMTQxMzU2LXNjYWxlZC5qcGciLCJzbGlkZXNob3ciOiJkM2FmODAyIn0%3D\" href='https:\/\/odraniemen.org\/polacy-na-swiecie\/wp-content\/uploads\/sites\/10\/2020\/05\/IMG_20191202_141356-scaled.jpg'><img loading=\"lazy\" decoding=\"async\" width=\"150\" height=\"150\" src=\"https:\/\/odraniemen.org\/polacy-na-swiecie\/wp-content\/uploads\/sites\/10\/2020\/05\/IMG_20191202_141356-150x150.jpg\" class=\"attachment-thumbnail size-thumbnail\" alt=\"\" srcset=\"https:\/\/odraniemen.org\/polacy-na-swiecie\/wp-content\/uploads\/sites\/10\/2020\/05\/IMG_20191202_141356-150x150.jpg 150w, https:\/\/odraniemen.org\/polacy-na-swiecie\/wp-content\/uploads\/sites\/10\/2020\/05\/IMG_20191202_141356-300x300.jpg 300w, https:\/\/odraniemen.org\/polacy-na-swiecie\/wp-content\/uploads\/sites\/10\/2020\/05\/IMG_20191202_141356-100x100.jpg 100w\" sizes=\"(max-width: 150px) 100vw, 150px\" \/><\/a>\n\t\t\t<\/div><\/figure><figure class='gallery-item'>\n\t\t\t<div class='gallery-icon landscape'>\n\t\t\t\t<a data-elementor-open-lightbox=\"yes\" data-elementor-lightbox-slideshow=\"d3af802\" data-elementor-lightbox-title=\"Nowe pomieszczenia\" data-e-action-hash=\"#elementor-action%3Aaction%3Dlightbox%26settings%3DeyJpZCI6NzU3LCJ1cmwiOiJodHRwczpcL1wvb2RyYW5pZW1lbi5vcmdcL3BvbGFjeS1uYS1zd2llY2llXC93cC1jb250ZW50XC91cGxvYWRzXC9zaXRlc1wvMTBcLzIwMjBcLzA1XC9JTUdfMjAxOTEyMDJfMTQxMzE1LXNjYWxlZC5qcGciLCJzbGlkZXNob3ciOiJkM2FmODAyIn0%3D\" href='https:\/\/odraniemen.org\/polacy-na-swiecie\/wp-content\/uploads\/sites\/10\/2020\/05\/IMG_20191202_141315-scaled.jpg'><img loading=\"lazy\" decoding=\"async\" width=\"150\" height=\"150\" src=\"https:\/\/odraniemen.org\/polacy-na-swiecie\/wp-content\/uploads\/sites\/10\/2020\/05\/IMG_20191202_141315-150x150.jpg\" class=\"attachment-thumbnail size-thumbnail\" alt=\"\" srcset=\"https:\/\/odraniemen.org\/polacy-na-swiecie\/wp-content\/uploads\/sites\/10\/2020\/05\/IMG_20191202_141315-150x150.jpg 150w, https:\/\/odraniemen.org\/polacy-na-swiecie\/wp-content\/uploads\/sites\/10\/2020\/05\/IMG_20191202_141315-300x300.jpg 300w, https:\/\/odraniemen.org\/polacy-na-swiecie\/wp-content\/uploads\/sites\/10\/2020\/05\/IMG_20191202_141315-100x100.jpg 100w\" sizes=\"(max-width: 150px) 100vw, 150px\" \/><\/a>\n\t\t\t<\/div><\/figure>\n\t\t<\/div>\n\t\t<\/div>\n\t\t\t\t<\/div>\n\t\t\t\t<\/div>\n\t\t\t\t<div class=\"elementor-element elementor-element-2b9e9ef elementor-widget elementor-widget-text-editor\" data-id=\"2b9e9ef\" data-element_type=\"widget\" data-widget_type=\"text-editor.default\">\n\t\t\t\t<div class=\"elementor-widget-container\">\n\t\t\t\t\t\t\t<h4>A taka by\u0142a nasza dotychczasowa lokalizacja &#8211; zrobili\u015bmy klimatyczne wn\u0119trza, ale czas na wi\u0119kszy rozw\u00f3j<\/h4>\t\t\t\t\t\t<\/div>\n\t\t\t\t<\/div>\n\t\t\t\t\t<\/div>\n\t\t<\/div>\n\t\t\t\t\t\t\t<\/div>\n\t\t<\/section>\n\t\t\t\t<section class=\"has_eae_slider elementor-section elementor-top-section elementor-element elementor-element-a703c3a elementor-section-boxed elementor-section-height-default elementor-section-height-default\" data-id=\"a703c3a\" data-element_type=\"section\">\n\t\t\t\t\t\t<div class=\"elementor-container elementor-column-gap-default\">\n\t\t\t\t\t<div class=\"has_eae_slider elementor-column elementor-col-100 elementor-top-column elementor-element elementor-element-bb60499\" data-id=\"bb60499\" data-element_type=\"column\">\n\t\t\t<div class=\"elementor-widget-wrap elementor-element-populated\">\n\t\t\t\t\t\t\t\t<div class=\"elementor-element elementor-element-15dc602 elementor-widget elementor-widget-image-gallery\" data-id=\"15dc602\" data-element_type=\"widget\" data-widget_type=\"image-gallery.default\">\n\t\t\t\t<div class=\"elementor-widget-container\">\n\t\t\t\t\t<div class=\"elementor-image-gallery\">\n\t\t\t<div id='gallery-2' class='gallery galleryid-740 gallery-columns-6 gallery-size-thumbnail'><figure class='gallery-item'>\n\t\t\t<div class='gallery-icon portrait'>\n\t\t\t\t<a data-elementor-open-lightbox=\"yes\" data-elementor-lightbox-slideshow=\"15dc602\" data-elementor-lightbox-title=\"Budynek dotychczasowej siedziby\" data-e-action-hash=\"#elementor-action%3Aaction%3Dlightbox%26settings%3DeyJpZCI6NzU0LCJ1cmwiOiJodHRwczpcL1wvb2RyYW5pZW1lbi5vcmdcL3BvbGFjeS1uYS1zd2llY2llXC93cC1jb250ZW50XC91cGxvYWRzXC9zaXRlc1wvMTBcLzIwMjBcLzA1XC9JTUdfMjAxOTA5MTFfMTQzOTM5LXNjYWxlZC5qcGciLCJzbGlkZXNob3ciOiIxNWRjNjAyIn0%3D\" href='https:\/\/odraniemen.org\/polacy-na-swiecie\/wp-content\/uploads\/sites\/10\/2020\/05\/IMG_20190911_143939-scaled.jpg'><img loading=\"lazy\" decoding=\"async\" width=\"150\" height=\"150\" src=\"https:\/\/odraniemen.org\/polacy-na-swiecie\/wp-content\/uploads\/sites\/10\/2020\/05\/IMG_20190911_143939-150x150.jpg\" class=\"attachment-thumbnail size-thumbnail\" alt=\"\" srcset=\"https:\/\/odraniemen.org\/polacy-na-swiecie\/wp-content\/uploads\/sites\/10\/2020\/05\/IMG_20190911_143939-150x150.jpg 150w, https:\/\/odraniemen.org\/polacy-na-swiecie\/wp-content\/uploads\/sites\/10\/2020\/05\/IMG_20190911_143939-300x300.jpg 300w, https:\/\/odraniemen.org\/polacy-na-swiecie\/wp-content\/uploads\/sites\/10\/2020\/05\/IMG_20190911_143939-100x100.jpg 100w\" sizes=\"(max-width: 150px) 100vw, 150px\" \/><\/a>\n\t\t\t<\/div><\/figure><figure class='gallery-item'>\n\t\t\t<div class='gallery-icon portrait'>\n\t\t\t\t<a data-elementor-open-lightbox=\"yes\" data-elementor-lightbox-slideshow=\"15dc602\" data-elementor-lightbox-title=\"Budynek dotychczasowej siedziby\" data-e-action-hash=\"#elementor-action%3Aaction%3Dlightbox%26settings%3DeyJpZCI6NzUzLCJ1cmwiOiJodHRwczpcL1wvb2RyYW5pZW1lbi5vcmdcL3BvbGFjeS1uYS1zd2llY2llXC93cC1jb250ZW50XC91cGxvYWRzXC9zaXRlc1wvMTBcLzIwMjBcLzA1XC9JTUdfMjAxOTA5MTFfMTQzOTI2LXNjYWxlZC5qcGciLCJzbGlkZXNob3ciOiIxNWRjNjAyIn0%3D\" href='https:\/\/odraniemen.org\/polacy-na-swiecie\/wp-content\/uploads\/sites\/10\/2020\/05\/IMG_20190911_143926-scaled.jpg'><img loading=\"lazy\" decoding=\"async\" width=\"150\" height=\"150\" src=\"https:\/\/odraniemen.org\/polacy-na-swiecie\/wp-content\/uploads\/sites\/10\/2020\/05\/IMG_20190911_143926-150x150.jpg\" class=\"attachment-thumbnail size-thumbnail\" alt=\"\" srcset=\"https:\/\/odraniemen.org\/polacy-na-swiecie\/wp-content\/uploads\/sites\/10\/2020\/05\/IMG_20190911_143926-150x150.jpg 150w, https:\/\/odraniemen.org\/polacy-na-swiecie\/wp-content\/uploads\/sites\/10\/2020\/05\/IMG_20190911_143926-300x300.jpg 300w, https:\/\/odraniemen.org\/polacy-na-swiecie\/wp-content\/uploads\/sites\/10\/2020\/05\/IMG_20190911_143926-100x100.jpg 100w\" sizes=\"(max-width: 150px) 100vw, 150px\" \/><\/a>\n\t\t\t<\/div><\/figure><figure class='gallery-item'>\n\t\t\t<div class='gallery-icon landscape'>\n\t\t\t\t<a data-elementor-open-lightbox=\"yes\" data-elementor-lightbox-slideshow=\"15dc602\" data-elementor-lightbox-title=\"Przej\u015bcie przez podw\u00f3rko do obecnej siedziby\" data-e-action-hash=\"#elementor-action%3Aaction%3Dlightbox%26settings%3DeyJpZCI6NzUyLCJ1cmwiOiJodHRwczpcL1wvb2RyYW5pZW1lbi5vcmdcL3BvbGFjeS1uYS1zd2llY2llXC93cC1jb250ZW50XC91cGxvYWRzXC9zaXRlc1wvMTBcLzIwMjBcLzA1XC9JTUdfMjAxOTA5MTFfMTQzOTIwLXNjYWxlZC5qcGciLCJzbGlkZXNob3ciOiIxNWRjNjAyIn0%3D\" href='https:\/\/odraniemen.org\/polacy-na-swiecie\/wp-content\/uploads\/sites\/10\/2020\/05\/IMG_20190911_143920-scaled.jpg'><img loading=\"lazy\" decoding=\"async\" width=\"150\" height=\"150\" src=\"https:\/\/odraniemen.org\/polacy-na-swiecie\/wp-content\/uploads\/sites\/10\/2020\/05\/IMG_20190911_143920-150x150.jpg\" class=\"attachment-thumbnail size-thumbnail\" alt=\"\" srcset=\"https:\/\/odraniemen.org\/polacy-na-swiecie\/wp-content\/uploads\/sites\/10\/2020\/05\/IMG_20190911_143920-150x150.jpg 150w, https:\/\/odraniemen.org\/polacy-na-swiecie\/wp-content\/uploads\/sites\/10\/2020\/05\/IMG_20190911_143920-300x300.jpg 300w, https:\/\/odraniemen.org\/polacy-na-swiecie\/wp-content\/uploads\/sites\/10\/2020\/05\/IMG_20190911_143920-100x100.jpg 100w\" sizes=\"(max-width: 150px) 100vw, 150px\" \/><\/a>\n\t\t\t<\/div><\/figure><figure class='gallery-item'>\n\t\t\t<div class='gallery-icon landscape'>\n\t\t\t\t<a data-elementor-open-lightbox=\"yes\" data-elementor-lightbox-slideshow=\"15dc602\" data-elementor-lightbox-title=\"Przej\u015bcie przez podw\u00f3rko do obecnej siedziby\" data-e-action-hash=\"#elementor-action%3Aaction%3Dlightbox%26settings%3DeyJpZCI6NzUxLCJ1cmwiOiJodHRwczpcL1wvb2RyYW5pZW1lbi5vcmdcL3BvbGFjeS1uYS1zd2llY2llXC93cC1jb250ZW50XC91cGxvYWRzXC9zaXRlc1wvMTBcLzIwMjBcLzA1XC9JTUdfMjAxOTA5MTFfMTQzODQ1LXNjYWxlZC5qcGciLCJzbGlkZXNob3ciOiIxNWRjNjAyIn0%3D\" href='https:\/\/odraniemen.org\/polacy-na-swiecie\/wp-content\/uploads\/sites\/10\/2020\/05\/IMG_20190911_143845-scaled.jpg'><img loading=\"lazy\" decoding=\"async\" width=\"150\" height=\"150\" src=\"https:\/\/odraniemen.org\/polacy-na-swiecie\/wp-content\/uploads\/sites\/10\/2020\/05\/IMG_20190911_143845-150x150.jpg\" class=\"attachment-thumbnail size-thumbnail\" alt=\"\" srcset=\"https:\/\/odraniemen.org\/polacy-na-swiecie\/wp-content\/uploads\/sites\/10\/2020\/05\/IMG_20190911_143845-150x150.jpg 150w, https:\/\/odraniemen.org\/polacy-na-swiecie\/wp-content\/uploads\/sites\/10\/2020\/05\/IMG_20190911_143845-300x300.jpg 300w, https:\/\/odraniemen.org\/polacy-na-swiecie\/wp-content\/uploads\/sites\/10\/2020\/05\/IMG_20190911_143845-100x100.jpg 100w\" sizes=\"(max-width: 150px) 100vw, 150px\" \/><\/a>\n\t\t\t<\/div><\/figure><figure class='gallery-item'>\n\t\t\t<div class='gallery-icon landscape'>\n\t\t\t\t<a data-elementor-open-lightbox=\"yes\" data-elementor-lightbox-slideshow=\"15dc602\" data-elementor-lightbox-title=\"Obecne pomieszczenia\" data-e-action-hash=\"#elementor-action%3Aaction%3Dlightbox%26settings%3DeyJpZCI6NzUwLCJ1cmwiOiJodHRwczpcL1wvb2RyYW5pZW1lbi5vcmdcL3BvbGFjeS1uYS1zd2llY2llXC93cC1jb250ZW50XC91cGxvYWRzXC9zaXRlc1wvMTBcLzIwMjBcLzA1XC9JTUdfMjAxOTAzMDdfMTQzMTMzLXNjYWxlZC5qcGciLCJzbGlkZXNob3ciOiIxNWRjNjAyIn0%3D\" href='https:\/\/odraniemen.org\/polacy-na-swiecie\/wp-content\/uploads\/sites\/10\/2020\/05\/IMG_20190307_143133-scaled.jpg'><img loading=\"lazy\" decoding=\"async\" width=\"150\" height=\"150\" src=\"https:\/\/odraniemen.org\/polacy-na-swiecie\/wp-content\/uploads\/sites\/10\/2020\/05\/IMG_20190307_143133-150x150.jpg\" class=\"attachment-thumbnail size-thumbnail\" alt=\"\" srcset=\"https:\/\/odraniemen.org\/polacy-na-swiecie\/wp-content\/uploads\/sites\/10\/2020\/05\/IMG_20190307_143133-150x150.jpg 150w, https:\/\/odraniemen.org\/polacy-na-swiecie\/wp-content\/uploads\/sites\/10\/2020\/05\/IMG_20190307_143133-300x300.jpg 300w, https:\/\/odraniemen.org\/polacy-na-swiecie\/wp-content\/uploads\/sites\/10\/2020\/05\/IMG_20190307_143133-100x100.jpg 100w\" sizes=\"(max-width: 150px) 100vw, 150px\" \/><\/a>\n\t\t\t<\/div><\/figure><figure class='gallery-item'>\n\t\t\t<div class='gallery-icon landscape'>\n\t\t\t\t<a data-elementor-open-lightbox=\"yes\" data-elementor-lightbox-slideshow=\"15dc602\" data-elementor-lightbox-title=\"Obecne pomieszczenia\" data-e-action-hash=\"#elementor-action%3Aaction%3Dlightbox%26settings%3DeyJpZCI6NzQ5LCJ1cmwiOiJodHRwczpcL1wvb2RyYW5pZW1lbi5vcmdcL3BvbGFjeS1uYS1zd2llY2llXC93cC1jb250ZW50XC91cGxvYWRzXC9zaXRlc1wvMTBcLzIwMjBcLzA1XC9JTUdfMjAxOTAzMDdfMTQzMTMwLXNjYWxlZC5qcGciLCJzbGlkZXNob3ciOiIxNWRjNjAyIn0%3D\" href='https:\/\/odraniemen.org\/polacy-na-swiecie\/wp-content\/uploads\/sites\/10\/2020\/05\/IMG_20190307_143130-scaled.jpg'><img loading=\"lazy\" decoding=\"async\" width=\"150\" height=\"150\" src=\"https:\/\/odraniemen.org\/polacy-na-swiecie\/wp-content\/uploads\/sites\/10\/2020\/05\/IMG_20190307_143130-150x150.jpg\" class=\"attachment-thumbnail size-thumbnail\" alt=\"\" srcset=\"https:\/\/odraniemen.org\/polacy-na-swiecie\/wp-content\/uploads\/sites\/10\/2020\/05\/IMG_20190307_143130-150x150.jpg 150w, https:\/\/odraniemen.org\/polacy-na-swiecie\/wp-content\/uploads\/sites\/10\/2020\/05\/IMG_20190307_143130-300x300.jpg 300w, https:\/\/odraniemen.org\/polacy-na-swiecie\/wp-content\/uploads\/sites\/10\/2020\/05\/IMG_20190307_143130-100x100.jpg 100w\" sizes=\"(max-width: 150px) 100vw, 150px\" \/><\/a>\n\t\t\t<\/div><\/figure>\n\t\t<\/div>\n\t\t<\/div>\n\t\t\t\t<\/div>\n\t\t\t\t<\/div>\n\t\t\t\t<div class=\"elementor-element elementor-element-778cabb elementor-widget elementor-widget-text-editor\" data-id=\"778cabb\" data-element_type=\"widget\" data-widget_type=\"text-editor.default\">\n\t\t\t\t<div class=\"elementor-widget-container\">\n\t\t\t\t\t\t\t<p>Dobra dla nas zmiana nast\u0105pi\u0142a dzi\u0119ki:<\/p><p><img loading=\"lazy\" decoding=\"async\" src=\"https:\/\/odraniemen.org\/wp-content\/uploads\/2019\/09\/Odra-Niemen-Logo-64x42.png\" alt=\"\" width=\"64\" height=\"42\" \/>Zarz\u0105dowi G\u0142\u00f3wnemu Stowarzyszenia Odra-Niemen. Wielu z nas swoim dzia\u0142aniem, lobbingiem doprowadzi\u0142o do rozm\u00f3w z UM Wroc\u0142aw o nowej siedzibie, a potem do skutecznej realizacji zobowi\u0105za\u0144.<\/p><p>Wszystkim cz\u0142onkom, sympatykom, wolontariuszom\u00a0Stowarzyszenia Odra-Niemen. Dzi\u0119ki ich wspania\u0142ej pracy, godnej postawie podczas wszystkich naszych dzia\u0142a\u0144, mamy wystawion\u0105 jak najlepsz\u0105 ocen\u0119 dla naszego \u015brodowiska i \u0142atwiej by\u0142o stara\u0107 si\u0119 o now\u0105 siedzib\u0119.\u00a0<\/p><p><img loading=\"lazy\" decoding=\"async\" src=\"https:\/\/odraniemen.org\/wp-content\/uploads\/2019\/04\/sam-znak-e1582280993729.jpg\" alt=\"\" width=\"93\" height=\"62\" \/>Narodowemu Instytutowi Wolno\u015bci. Dzi\u0119ki otrzymanej kilkuletniej dotacji na rozw\u00f3j w\u0142asny\u00a0Stowarzyszenia Odra-Niemen, mogli\u015bmy skuteczniej i efektywniej realizowa\u0107 nasze statutowe dzia\u0142ania. Byli\u015bmy i jeste\u015bmy lepiej widoczni w przestrzeni publicznej. Stali\u015bmy si\u0119 przez to mocniejszym partnerem do rozm\u00f3w z Wroc\u0142awskim Samorz\u0105dem.<\/p><p><img loading=\"lazy\" decoding=\"async\" src=\"https:\/\/odraniemen.org\/wp-content\/uploads\/2020\/05\/Logo_Wroclawia-300x294.jpg\" alt=\"\" width=\"84\" height=\"82\" \/>Urz\u0119dowi Miasta Wroc\u0142aw. Od lat bezskutecznie zabiegali\u015bmy o nowe lokum, staraj\u0105c si\u0119 o nie g\u0142\u00f3wnie ze wzgl\u0119du na spotkania z kombatantami. Pierwsze powa\u017cne rozmowy na ten temat rozpocz\u0119\u0142y si\u0119 w 2019 roku i by\u0142y od pocz\u0105tku prowadzone w Biurze Prezydenta Miasta Wroc\u0142awia. Uzyskali\u015bmy dobre i godne miejsce na realizacj\u0119 cel\u00f3w statutowych i w dobrych cenach wynegocjowanych dla Organizacji Po\u017cytku Publicznego.\u00a0 \u00a0 \u00a0<\/p>\t\t\t\t\t\t<\/div>\n\t\t\t\t<\/div>\n\t\t\t\t\t<\/div>\n\t\t<\/div>\n\t\t\t\t\t\t\t<\/div>\n\t\t<\/section>\n\t\t\t\t\t\t\t<\/div>\n\t\t","protected":false},"excerpt":{"rendered":"<p>Po 10 latach intensywnych dzia\u0142a\u0144 prowadzonych g\u0142\u00f3wnie dla \u015brodowisk kombatanckich, ale te\u017c dla Polonii i Polak\u00f3w za granic\u0105, rozwoju wolontariatu, dzia\u0142a\u0144 edukacyjnych, patriotycznych, dorobili\u015bmy si\u0119 nowego pi\u0119knego miejsca, w samym centrum Wroc\u0142awia.\u00a0 To miasto to g\u0142\u00f3wne miejsce naszych dzia\u0142a\u0144, a siedziba to serce ca\u0142ego naszego \u015brodowiska, kt\u00f3re ma wielu cz\u0142onk\u00f3w, sympatyk\u00f3w w kraju i za &hellip;<\/p>\n<p class=\"read-more\"> <a class=\"\" href=\"https:\/\/odraniemen.org\/polacy-na-swiecie\/2020\/05\/27\/nowe-biura-dla-odry-niemen-we-wroclawiu\/\"> <span class=\"screen-reader-text\">Nowe biura dla Odry-Niemen we Wroc\u0142awiu<\/span> Read More &raquo;<\/a><\/p>\n","protected":false},"author":9,"featured_media":742,"comment_status":"closed","ping_status":"closed","sticky":false,"template":"","format":"standard","meta":{"site-sidebar-layout":"default","site-content-layout":"default","ast-site-content-layout":"","site-content-style":"default","site-sidebar-style":"default","ast-global-header-display":"","ast-banner-title-visibility":"","ast-main-header-display":"","ast-hfb-above-header-display":"","ast-hfb-below-header-display":"","ast-hfb-mobile-header-display":"","site-post-title":"","ast-breadcrumbs-content":"","ast-featured-img":"","footer-sml-layout":"","theme-transparent-header-meta":"default","adv-header-id-meta":"","stick-header-meta":"","header-above-stick-meta":"","header-main-stick-meta":"","header-below-stick-meta":"","astra-migrate-meta-layouts":"","ast-page-background-enabled":"default","ast-page-background-meta":{"desktop":{"background-color":"","background-image":"","background-repeat":"repeat","background-position":"center center","background-size":"auto","background-attachment":"scroll","background-type":"","background-media":"","overlay-type":"","overlay-color":"","overlay-gradient":""},"tablet":{"background-color":"","background-image":"","background-repeat":"repeat","background-position":"center center","background-size":"auto","background-attachment":"scroll","background-type":"","background-media":"","overlay-type":"","overlay-color":"","overlay-gradient":""},"mobile":{"background-color":"","background-image":"","background-repeat":"repeat","background-position":"center center","background-size":"auto","background-attachment":"scroll","background-type":"","background-media":"","overlay-type":"","overlay-color":"","overlay-gradient":""}},"ast-content-background-meta":{"desktop":{"background-color":"var(--ast-global-color-5)","background-image":"","background-repeat":"repeat","background-position":"center center","background-size":"auto","background-attachment":"scroll","background-type":"","background-media":"","overlay-type":"","overlay-color":"","overlay-gradient":""},"tablet":{"background-color":"var(--ast-global-color-5)","background-image":"","background-repeat":"repeat","background-position":"center center","background-size":"auto","background-attachment":"scroll","background-type":"","background-media":"","overlay-type":"","overlay-color":"","overlay-gradient":""},"mobile":{"background-color":"var(--ast-global-color-5)","background-image":"","background-repeat":"repeat","background-position":"center center","background-size":"auto","background-attachment":"scroll","background-type":"","background-media":"","overlay-type":"","overlay-color":"","overlay-gradient":""}},"footnotes":""},"categories":[36],"tags":[],"yoast_head":"<!-- This site is optimized with the Yoast SEO plugin v21.6 - https:\/\/yoast.com\/wordpress\/plugins\/seo\/ -->\n<title>Nowe biura dla Odry-Niemen we Wroc\u0142awiu - Polacy Ponad Granicami<\/title>\n<meta name=\"robots\" content=\"index, follow, max-snippet:-1, max-image-preview:large, max-video-preview:-1\" \/>\n<link rel=\"canonical\" href=\"https:\/\/odraniemen.org\/polacy-na-swiecie\/2020\/05\/27\/nowe-biura-dla-odry-niemen-we-wroclawiu\/\" \/>\n<meta property=\"og:locale\" content=\"pl_PL\" \/>\n<meta property=\"og:type\" content=\"article\" \/>\n<meta property=\"og:title\" content=\"Nowe biura dla Odry-Niemen we Wroc\u0142awiu - Polacy Ponad Granicami\" \/>\n<meta property=\"og:description\" content=\"Po 10 latach intensywnych dzia\u0142a\u0144 prowadzonych g\u0142\u00f3wnie dla \u015brodowisk kombatanckich, ale te\u017c dla Polonii i Polak\u00f3w za granic\u0105, rozwoju wolontariatu, dzia\u0142a\u0144 edukacyjnych, patriotycznych, dorobili\u015bmy si\u0119 nowego pi\u0119knego miejsca, w samym centrum Wroc\u0142awia.\u00a0 To miasto to g\u0142\u00f3wne miejsce naszych dzia\u0142a\u0144, a siedziba to serce ca\u0142ego naszego \u015brodowiska, kt\u00f3re ma wielu cz\u0142onk\u00f3w, sympatyk\u00f3w w kraju i za &hellip; Nowe biura dla Odry-Niemen we Wroc\u0142awiu Read More &raquo;\" \/>\n<meta property=\"og:url\" content=\"https:\/\/odraniemen.org\/polacy-na-swiecie\/2020\/05\/27\/nowe-biura-dla-odry-niemen-we-wroclawiu\/\" \/>\n<meta property=\"og:site_name\" content=\"Polacy Ponad Granicami\" \/>\n<meta property=\"article:published_time\" content=\"2020-05-27T10:29:25+00:00\" \/>\n<meta property=\"article:modified_time\" content=\"2021-11-23T16:45:44+00:00\" \/>\n<meta property=\"og:image\" content=\"https:\/\/odraniemen.org\/polacy-na-swiecie\/wp-content\/uploads\/sites\/10\/2020\/05\/IMG_20200517_171205-scaled.jpg\" \/>\n\t<meta property=\"og:image:width\" content=\"2560\" \/>\n\t<meta property=\"og:image:height\" content=\"1920\" \/>\n\t<meta property=\"og:image:type\" content=\"image\/jpeg\" \/>\n<meta name=\"author\" content=\"Ilona Gosiewska\" \/>\n<meta name=\"twitter:card\" content=\"summary_large_image\" \/>\n<meta name=\"twitter:label1\" content=\"Napisane przez\" \/>\n\t<meta name=\"twitter:data1\" content=\"Ilona Gosiewska\" \/>\n\t<meta name=\"twitter:label2\" content=\"Szacowany czas czytania\" \/>\n\t<meta name=\"twitter:data2\" content=\"2 minuty\" \/>\n<script type=\"application\/ld+json\" class=\"yoast-schema-graph\">{\"@context\":\"https:\/\/schema.org\",\"@graph\":[{\"@type\":\"Article\",\"@id\":\"https:\/\/odraniemen.org\/polacy-na-swiecie\/2020\/05\/27\/nowe-biura-dla-odry-niemen-we-wroclawiu\/#article\",\"isPartOf\":{\"@id\":\"https:\/\/odraniemen.org\/polacy-na-swiecie\/2020\/05\/27\/nowe-biura-dla-odry-niemen-we-wroclawiu\/\"},\"author\":{\"name\":\"Ilona Gosiewska\",\"@id\":\"https:\/\/odraniemen.org\/polacy-na-swiecie\/#\/schema\/person\/85e3fc29d5c98d8d1ff079bb7dfcfd50\"},\"headline\":\"Nowe biura dla Odry-Niemen we Wroc\u0142awiu\",\"datePublished\":\"2020-05-27T10:29:25+00:00\",\"dateModified\":\"2021-11-23T16:45:44+00:00\",\"mainEntityOfPage\":{\"@id\":\"https:\/\/odraniemen.org\/polacy-na-swiecie\/2020\/05\/27\/nowe-biura-dla-odry-niemen-we-wroclawiu\/\"},\"wordCount\":429,\"publisher\":{\"@id\":\"https:\/\/odraniemen.org\/polacy-na-swiecie\/#organization\"},\"articleSection\":[\"Archiwum aktualno\u015bci\"],\"inLanguage\":\"pl-PL\"},{\"@type\":\"WebPage\",\"@id\":\"https:\/\/odraniemen.org\/polacy-na-swiecie\/2020\/05\/27\/nowe-biura-dla-odry-niemen-we-wroclawiu\/\",\"url\":\"https:\/\/odraniemen.org\/polacy-na-swiecie\/2020\/05\/27\/nowe-biura-dla-odry-niemen-we-wroclawiu\/\",\"name\":\"Nowe biura dla Odry-Niemen we Wroc\u0142awiu - Polacy Ponad Granicami\",\"isPartOf\":{\"@id\":\"https:\/\/odraniemen.org\/polacy-na-swiecie\/#website\"},\"datePublished\":\"2020-05-27T10:29:25+00:00\",\"dateModified\":\"2021-11-23T16:45:44+00:00\",\"breadcrumb\":{\"@id\":\"https:\/\/odraniemen.org\/polacy-na-swiecie\/2020\/05\/27\/nowe-biura-dla-odry-niemen-we-wroclawiu\/#breadcrumb\"},\"inLanguage\":\"pl-PL\",\"potentialAction\":[{\"@type\":\"ReadAction\",\"target\":[\"https:\/\/odraniemen.org\/polacy-na-swiecie\/2020\/05\/27\/nowe-biura-dla-odry-niemen-we-wroclawiu\/\"]}]},{\"@type\":\"BreadcrumbList\",\"@id\":\"https:\/\/odraniemen.org\/polacy-na-swiecie\/2020\/05\/27\/nowe-biura-dla-odry-niemen-we-wroclawiu\/#breadcrumb\",\"itemListElement\":[{\"@type\":\"ListItem\",\"position\":1,\"name\":\"Strona g\u0142\u00f3wna\",\"item\":\"https:\/\/odraniemen.org\/polacy-na-swiecie\/\"},{\"@type\":\"ListItem\",\"position\":2,\"name\":\"Nowe biura dla Odry-Niemen we Wroc\u0142awiu\"}]},{\"@type\":\"WebSite\",\"@id\":\"https:\/\/odraniemen.org\/polacy-na-swiecie\/#website\",\"url\":\"https:\/\/odraniemen.org\/polacy-na-swiecie\/\",\"name\":\"Polacy Ponad Granicami\",\"description\":\"Kolejna witryna sieci \u201eOdra-Niemen Witryny\u201d\",\"publisher\":{\"@id\":\"https:\/\/odraniemen.org\/polacy-na-swiecie\/#organization\"},\"potentialAction\":[{\"@type\":\"SearchAction\",\"target\":{\"@type\":\"EntryPoint\",\"urlTemplate\":\"https:\/\/odraniemen.org\/polacy-na-swiecie\/?s={search_term_string}\"},\"query-input\":\"required name=search_term_string\"}],\"inLanguage\":\"pl-PL\"},{\"@type\":\"Organization\",\"@id\":\"https:\/\/odraniemen.org\/polacy-na-swiecie\/#organization\",\"name\":\"Polacy Ponad Granicami\",\"url\":\"https:\/\/odraniemen.org\/polacy-na-swiecie\/\",\"logo\":{\"@type\":\"ImageObject\",\"inLanguage\":\"pl-PL\",\"@id\":\"https:\/\/odraniemen.org\/polacy-na-swiecie\/#\/schema\/logo\/image\/\",\"url\":\"https:\/\/odraniemen.org\/polacy-na-swiecie\/wp-content\/uploads\/sites\/10\/2025\/06\/cropped-Polacy-PONAD-GRANICAMI-logo.png\",\"contentUrl\":\"https:\/\/odraniemen.org\/polacy-na-swiecie\/wp-content\/uploads\/sites\/10\/2025\/06\/cropped-Polacy-PONAD-GRANICAMI-logo.png\",\"width\":1546,\"height\":454,\"caption\":\"Polacy Ponad Granicami\"},\"image\":{\"@id\":\"https:\/\/odraniemen.org\/polacy-na-swiecie\/#\/schema\/logo\/image\/\"}},{\"@type\":\"Person\",\"@id\":\"https:\/\/odraniemen.org\/polacy-na-swiecie\/#\/schema\/person\/85e3fc29d5c98d8d1ff079bb7dfcfd50\",\"name\":\"Ilona Gosiewska\",\"image\":{\"@type\":\"ImageObject\",\"inLanguage\":\"pl-PL\",\"@id\":\"https:\/\/odraniemen.org\/polacy-na-swiecie\/#\/schema\/person\/image\/\",\"url\":\"https:\/\/secure.gravatar.com\/avatar\/3d19ad97584bcf1e751bb6463745fd62?s=96&d=mm&r=g\",\"contentUrl\":\"https:\/\/secure.gravatar.com\/avatar\/3d19ad97584bcf1e751bb6463745fd62?s=96&d=mm&r=g\",\"caption\":\"Ilona Gosiewska\"},\"url\":\"https:\/\/odraniemen.org\/polacy-na-swiecie\/author\/igosiewska\/\"}]}<\/script>\n<!-- \/ Yoast SEO plugin. -->","yoast_head_json":{"title":"Nowe biura dla Odry-Niemen we Wroc\u0142awiu - Polacy Ponad Granicami","robots":{"index":"index","follow":"follow","max-snippet":"max-snippet:-1","max-image-preview":"max-image-preview:large","max-video-preview":"max-video-preview:-1"},"canonical":"https:\/\/odraniemen.org\/polacy-na-swiecie\/2020\/05\/27\/nowe-biura-dla-odry-niemen-we-wroclawiu\/","og_locale":"pl_PL","og_type":"article","og_title":"Nowe biura dla Odry-Niemen we Wroc\u0142awiu - Polacy Ponad Granicami","og_description":"Po 10 latach intensywnych dzia\u0142a\u0144 prowadzonych g\u0142\u00f3wnie dla \u015brodowisk kombatanckich, ale te\u017c dla Polonii i Polak\u00f3w za granic\u0105, rozwoju wolontariatu, dzia\u0142a\u0144 edukacyjnych, patriotycznych, dorobili\u015bmy si\u0119 nowego pi\u0119knego miejsca, w samym centrum Wroc\u0142awia.\u00a0 To miasto to g\u0142\u00f3wne miejsce naszych dzia\u0142a\u0144, a siedziba to serce ca\u0142ego naszego \u015brodowiska, kt\u00f3re ma wielu cz\u0142onk\u00f3w, sympatyk\u00f3w w kraju i za &hellip; Nowe biura dla Odry-Niemen we Wroc\u0142awiu Read More &raquo;","og_url":"https:\/\/odraniemen.org\/polacy-na-swiecie\/2020\/05\/27\/nowe-biura-dla-odry-niemen-we-wroclawiu\/","og_site_name":"Polacy Ponad Granicami","article_published_time":"2020-05-27T10:29:25+00:00","article_modified_time":"2021-11-23T16:45:44+00:00","og_image":[{"width":2560,"height":1920,"url":"https:\/\/odraniemen.org\/polacy-na-swiecie\/wp-content\/uploads\/sites\/10\/2020\/05\/IMG_20200517_171205-scaled.jpg","type":"image\/jpeg"}],"author":"Ilona Gosiewska","twitter_card":"summary_large_image","twitter_misc":{"Napisane przez":"Ilona Gosiewska","Szacowany czas czytania":"2 minuty"},"schema":{"@context":"https:\/\/schema.org","@graph":[{"@type":"Article","@id":"https:\/\/odraniemen.org\/polacy-na-swiecie\/2020\/05\/27\/nowe-biura-dla-odry-niemen-we-wroclawiu\/#article","isPartOf":{"@id":"https:\/\/odraniemen.org\/polacy-na-swiecie\/2020\/05\/27\/nowe-biura-dla-odry-niemen-we-wroclawiu\/"},"author":{"name":"Ilona Gosiewska","@id":"https:\/\/odraniemen.org\/polacy-na-swiecie\/#\/schema\/person\/85e3fc29d5c98d8d1ff079bb7dfcfd50"},"headline":"Nowe biura dla Odry-Niemen we Wroc\u0142awiu","datePublished":"2020-05-27T10:29:25+00:00","dateModified":"2021-11-23T16:45:44+00:00","mainEntityOfPage":{"@id":"https:\/\/odraniemen.org\/polacy-na-swiecie\/2020\/05\/27\/nowe-biura-dla-odry-niemen-we-wroclawiu\/"},"wordCount":429,"publisher":{"@id":"https:\/\/odraniemen.org\/polacy-na-swiecie\/#organization"},"articleSection":["Archiwum aktualno\u015bci"],"inLanguage":"pl-PL"},{"@type":"WebPage","@id":"https:\/\/odraniemen.org\/polacy-na-swiecie\/2020\/05\/27\/nowe-biura-dla-odry-niemen-we-wroclawiu\/","url":"https:\/\/odraniemen.org\/polacy-na-swiecie\/2020\/05\/27\/nowe-biura-dla-odry-niemen-we-wroclawiu\/","name":"Nowe biura dla Odry-Niemen we Wroc\u0142awiu - Polacy Ponad Granicami","isPartOf":{"@id":"https:\/\/odraniemen.org\/polacy-na-swiecie\/#website"},"datePublished":"2020-05-27T10:29:25+00:00","dateModified":"2021-11-23T16:45:44+00:00","breadcrumb":{"@id":"https:\/\/odraniemen.org\/polacy-na-swiecie\/2020\/05\/27\/nowe-biura-dla-odry-niemen-we-wroclawiu\/#breadcrumb"},"inLanguage":"pl-PL","potentialAction":[{"@type":"ReadAction","target":["https:\/\/odraniemen.org\/polacy-na-swiecie\/2020\/05\/27\/nowe-biura-dla-odry-niemen-we-wroclawiu\/"]}]},{"@type":"BreadcrumbList","@id":"https:\/\/odraniemen.org\/polacy-na-swiecie\/2020\/05\/27\/nowe-biura-dla-odry-niemen-we-wroclawiu\/#breadcrumb","itemListElement":[{"@type":"ListItem","position":1,"name":"Strona g\u0142\u00f3wna","item":"https:\/\/odraniemen.org\/polacy-na-swiecie\/"},{"@type":"ListItem","position":2,"name":"Nowe biura dla Odry-Niemen we Wroc\u0142awiu"}]},{"@type":"WebSite","@id":"https:\/\/odraniemen.org\/polacy-na-swiecie\/#website","url":"https:\/\/odraniemen.org\/polacy-na-swiecie\/","name":"Polacy Ponad Granicami","description":"Kolejna witryna sieci \u201eOdra-Niemen Witryny\u201d","publisher":{"@id":"https:\/\/odraniemen.org\/polacy-na-swiecie\/#organization"},"potentialAction":[{"@type":"SearchAction","target":{"@type":"EntryPoint","urlTemplate":"https:\/\/odraniemen.org\/polacy-na-swiecie\/?s={search_term_string}"},"query-input":"required name=search_term_string"}],"inLanguage":"pl-PL"},{"@type":"Organization","@id":"https:\/\/odraniemen.org\/polacy-na-swiecie\/#organization","name":"Polacy Ponad Granicami","url":"https:\/\/odraniemen.org\/polacy-na-swiecie\/","logo":{"@type":"ImageObject","inLanguage":"pl-PL","@id":"https:\/\/odraniemen.org\/polacy-na-swiecie\/#\/schema\/logo\/image\/","url":"https:\/\/odraniemen.org\/polacy-na-swiecie\/wp-content\/uploads\/sites\/10\/2025\/06\/cropped-Polacy-PONAD-GRANICAMI-logo.png","contentUrl":"https:\/\/odraniemen.org\/polacy-na-swiecie\/wp-content\/uploads\/sites\/10\/2025\/06\/cropped-Polacy-PONAD-GRANICAMI-logo.png","width":1546,"height":454,"caption":"Polacy Ponad Granicami"},"image":{"@id":"https:\/\/odraniemen.org\/polacy-na-swiecie\/#\/schema\/logo\/image\/"}},{"@type":"Person","@id":"https:\/\/odraniemen.org\/polacy-na-swiecie\/#\/schema\/person\/85e3fc29d5c98d8d1ff079bb7dfcfd50","name":"Ilona Gosiewska","image":{"@type":"ImageObject","inLanguage":"pl-PL","@id":"https:\/\/odraniemen.org\/polacy-na-swiecie\/#\/schema\/person\/image\/","url":"https:\/\/secure.gravatar.com\/avatar\/3d19ad97584bcf1e751bb6463745fd62?s=96&d=mm&r=g","contentUrl":"https:\/\/secure.gravatar.com\/avatar\/3d19ad97584bcf1e751bb6463745fd62?s=96&d=mm&r=g","caption":"Ilona Gosiewska"},"url":"https:\/\/odraniemen.org\/polacy-na-swiecie\/author\/igosiewska\/"}]}},"_links":{"self":[{"href":"https:\/\/odraniemen.org\/polacy-na-swiecie\/wp-json\/wp\/v2\/posts\/740"}],"collection":[{"href":"https:\/\/odraniemen.org\/polacy-na-swiecie\/wp-json\/wp\/v2\/posts"}],"about":[{"href":"https:\/\/odraniemen.org\/polacy-na-swiecie\/wp-json\/wp\/v2\/types\/post"}],"author":[{"embeddable":true,"href":"https:\/\/odraniemen.org\/polacy-na-swiecie\/wp-json\/wp\/v2\/users\/9"}],"replies":[{"embeddable":true,"href":"https:\/\/odraniemen.org\/polacy-na-swiecie\/wp-json\/wp\/v2\/comments?post=740"}],"version-history":[{"count":2,"href":"https:\/\/odraniemen.org\/polacy-na-swiecie\/wp-json\/wp\/v2\/posts\/740\/revisions"}],"predecessor-version":[{"id":758,"href":"https:\/\/odraniemen.org\/polacy-na-swiecie\/wp-json\/wp\/v2\/posts\/740\/revisions\/758"}],"wp:featuredmedia":[{"embeddable":true,"href":"https:\/\/odraniemen.org\/polacy-na-swiecie\/wp-json\/wp\/v2\/media\/742"}],"wp:attachment":[{"href":"https:\/\/odraniemen.org\/polacy-na-swiecie\/wp-json\/wp\/v2\/media?parent=740"}],"wp:term":[{"taxonomy":"category","embeddable":true,"href":"https:\/\/odraniemen.org\/polacy-na-swiecie\/wp-json\/wp\/v2\/categories?post=740"},{"taxonomy":"post_tag","embeddable":true,"href":"https:\/\/odraniemen.org\/polacy-na-swiecie\/wp-json\/wp\/v2\/tags?post=740"}],"curies":[{"name":"wp","href":"https:\/\/api.w.org\/{rel}","templated":true}]}}