
{"id":777,"date":"2020-07-15T11:20:08","date_gmt":"2020-07-15T09:20:08","guid":{"rendered":"https:\/\/odraniemen.org\/polacy-na-swiecie\/2020\/07\/15\/zbiorka-dla-polakow-z-ukrainy\/"},"modified":"2021-11-23T17:43:19","modified_gmt":"2021-11-23T16:43:19","slug":"zbiorka-dla-polakow-z-ukrainy","status":"publish","type":"post","link":"https:\/\/odraniemen.org\/polacy-na-swiecie\/2020\/07\/15\/zbiorka-dla-polakow-z-ukrainy\/","title":{"rendered":"Zbi\u00f3rka dla Polak\u00f3w z Ukrainy"},"content":{"rendered":"<p>Szanowni Pa\u0144stwo,<\/p>\n<p>w kwietniu bie\u017c\u0105cego roku uda\u0142o nam si\u0119, dzi\u0119ki Pa\u0144stwa niezwyk\u0142ej hojno\u015bci, wesprze\u0107 polskie \u015brodowiska na Bia\u0142orusi. Wszystkie \u015brodki finansowe dotar\u0142y do Polak\u00f3w na Grodzie\u0144szczy\u017anie i w Iwie\u0144cu. Dzi\u0119kujemy za to z ca\u0142ego serca!&nbsp;\u2764\ufe0f<\/p>\n<p>Niestety, sytuacja naszych Rodak\u00f3w w niekt\u00f3rych regionach Kres\u00f3w dalej jest nieciekawa. Od naszego oddzia\u0142u ze Lwowa, Centrum Polskiej Kultury Odra-Niemen-Dniestr, dostali\u015bmy informacje o kiepskiej sytuacji kilku polskich rodzin we Lwowie i okolicach. Dlatego pozwalamy sobie kolejny raz zwr\u00f3ci\u0107 si\u0119 o Pa\u0144stwa pomoc. Mamy nadziej\u0119, \u017ce ponownie wsp\u00f3lnie damy rad\u0119!<\/p>\n<p>Liczy si\u0119 ka\u017cda kwota, nawet z\u0142ot\u00f3wka, gor\u0105co zach\u0119camy do wsparcia Polak\u00f3w na Ukrainie.<\/p>\n<p>Link do zbi\u00f3rki:&nbsp;<a href=\"https:\/\/zrzutka.pl\/x5ehdg?fbclid=IwAR32drT-nL88w-N7hcLyEdM-D6JcB5dlU5qtAIcj1cofSneXVdjAxWSnjGg\" target=\"_blank\" rel=\"noopener nofollow noreferrer\" data-ft=\"{\" data-lynx-mode=\"async\" data-lynx-uri=\"https:\/\/l.facebook.com\/l.php?u=https%3A%2F%2Fzrzutka.pl%2Fx5ehdg%3Ffbclid%3DIwAR32drT-nL88w-N7hcLyEdM-D6JcB5dlU5qtAIcj1cofSneXVdjAxWSnjGg&amp;h=AT1Fid-nmzJjbVGVGCH59hjfiOYtcNZRPBCMVhwKQNmHVuE_be2be06mE4Iydfc7G8hI6Exfx83xZAS1BgoP3v2K08wZAt5DLYx-QtkNuw-8oYS0aVmDwdM3oYd6BVAH3ASqDse-SkqShk9LoMV2ildmHmrR68uGuEeiwP7agNjSjciA88AzgRAEyafnreRM4DzioyW6vDfrfGjz-ey5LTdGiExpEhYZHgvYoR7OySp04YESYWq9H9hUJWkqpcz5ODMWCATTiyQlPq4MSvslsG5g_cFVnUcpEedy7NJ30-24C_tplqDLhZE9yMZO8__zMm3zjYGZFYupuw44aIDhI9ayCyt5eKBZL4iqwsj_ps5h49m87igZLlGyzGolN57q541vaPSVEdcyrjH15Lk_GKaF5xGhgR1Osa8yEymnNMgFkw4qabLK2zW09RgNP_F5qL1-JbO3yE1Fq5W5IJ14Pt324fMWoBtKKKBTszwVVCYit0x67zA1FKoMWJPAu2B0crXUKRo6xoZtOhjpxK7s87euUYV7smdu9i0oZKO7oB9JXak9hQpUWro_uIGT5g3TuUlg6OH5Vu6fcGvxC98KYzJSJ4wXrtebhiBhL3fF6tVmth1A3XdgbjcxBEf8ZQsnZNU4\">https:\/\/zrzutka.pl\/x5ehdg<\/a><\/p>\n<p><img loading=\"lazy\" decoding=\"async\" width=\"640\" height=\"427\" src=\"https:\/\/odraniemen.org\/wp-content\/uploads\/2020\/05\/DSC_0658.jpg\" alt=\"\"><br \/>\n<img loading=\"lazy\" decoding=\"async\" width=\"640\" height=\"427\" src=\"https:\/\/odraniemen.org\/wp-content\/uploads\/2020\/05\/DSC_0681.jpg\" alt=\"\"><\/p>\n","protected":false},"excerpt":{"rendered":"<p>Szanowni Pa\u0144stwo, w kwietniu bie\u017c\u0105cego roku uda\u0142o nam si\u0119, dzi\u0119ki Pa\u0144stwa niezwyk\u0142ej hojno\u015bci, wesprze\u0107 polskie \u015brodowiska na Bia\u0142orusi. Wszystkie \u015brodki finansowe dotar\u0142y do Polak\u00f3w na Grodzie\u0144szczy\u017anie i w Iwie\u0144cu. Dzi\u0119kujemy za to z ca\u0142ego serca!&nbsp;\u2764\ufe0f Niestety, sytuacja naszych Rodak\u00f3w w niekt\u00f3rych regionach Kres\u00f3w dalej jest nieciekawa. Od naszego oddzia\u0142u ze Lwowa, Centrum Polskiej Kultury Odra-Niemen-Dniestr, &hellip;<\/p>\n<p class=\"read-more\"> <a class=\"\" href=\"https:\/\/odraniemen.org\/polacy-na-swiecie\/2020\/07\/15\/zbiorka-dla-polakow-z-ukrainy\/\"> <span class=\"screen-reader-text\">Zbi\u00f3rka dla Polak\u00f3w z Ukrainy<\/span> Read More &raquo;<\/a><\/p>\n","protected":false},"author":9,"featured_media":594,"comment_status":"closed","ping_status":"closed","sticky":false,"template":"","format":"standard","meta":{"site-sidebar-layout":"default","site-content-layout":"default","ast-site-content-layout":"","site-content-style":"default","site-sidebar-style":"default","ast-global-header-display":"","ast-banner-title-visibility":"","ast-main-header-display":"","ast-hfb-above-header-display":"","ast-hfb-below-header-display":"","ast-hfb-mobile-header-display":"","site-post-title":"","ast-breadcrumbs-content":"","ast-featured-img":"","footer-sml-layout":"","theme-transparent-header-meta":"default","adv-header-id-meta":"","stick-header-meta":"","header-above-stick-meta":"","header-main-stick-meta":"","header-below-stick-meta":"","astra-migrate-meta-layouts":"","ast-page-background-enabled":"default","ast-page-background-meta":{"desktop":{"background-color":"","background-image":"","background-repeat":"repeat","background-position":"center center","background-size":"auto","background-attachment":"scroll","background-type":"","background-media":"","overlay-type":"","overlay-color":"","overlay-gradient":""},"tablet":{"background-color":"","background-image":"","background-repeat":"repeat","background-position":"center center","background-size":"auto","background-attachment":"scroll","background-type":"","background-media":"","overlay-type":"","overlay-color":"","overlay-gradient":""},"mobile":{"background-color":"","background-image":"","background-repeat":"repeat","background-position":"center center","background-size":"auto","background-attachment":"scroll","background-type":"","background-media":"","overlay-type":"","overlay-color":"","overlay-gradient":""}},"ast-content-background-meta":{"desktop":{"background-color":"var(--ast-global-color-5)","background-image":"","background-repeat":"repeat","background-position":"center center","background-size":"auto","background-attachment":"scroll","background-type":"","background-media":"","overlay-type":"","overlay-color":"","overlay-gradient":""},"tablet":{"background-color":"var(--ast-global-color-5)","background-image":"","background-repeat":"repeat","background-position":"center center","background-size":"auto","background-attachment":"scroll","background-type":"","background-media":"","overlay-type":"","overlay-color":"","overlay-gradient":""},"mobile":{"background-color":"var(--ast-global-color-5)","background-image":"","background-repeat":"repeat","background-position":"center center","background-size":"auto","background-attachment":"scroll","background-type":"","background-media":"","overlay-type":"","overlay-color":"","overlay-gradient":""}},"footnotes":""},"categories":[36],"tags":[],"yoast_head":"<!-- This site is optimized with the Yoast SEO plugin v21.6 - https:\/\/yoast.com\/wordpress\/plugins\/seo\/ -->\n<title>Zbi\u00f3rka dla Polak\u00f3w z Ukrainy - Polacy Ponad Granicami<\/title>\n<meta name=\"robots\" content=\"index, follow, max-snippet:-1, max-image-preview:large, max-video-preview:-1\" \/>\n<link rel=\"canonical\" href=\"https:\/\/odraniemen.org\/polacy-na-swiecie\/2020\/07\/15\/zbiorka-dla-polakow-z-ukrainy\/\" \/>\n<meta property=\"og:locale\" content=\"pl_PL\" \/>\n<meta property=\"og:type\" content=\"article\" \/>\n<meta property=\"og:title\" content=\"Zbi\u00f3rka dla Polak\u00f3w z Ukrainy - Polacy Ponad Granicami\" \/>\n<meta property=\"og:description\" content=\"Szanowni Pa\u0144stwo, w kwietniu bie\u017c\u0105cego roku uda\u0142o nam si\u0119, dzi\u0119ki Pa\u0144stwa niezwyk\u0142ej hojno\u015bci, wesprze\u0107 polskie \u015brodowiska na Bia\u0142orusi. Wszystkie \u015brodki finansowe dotar\u0142y do Polak\u00f3w na Grodzie\u0144szczy\u017anie i w Iwie\u0144cu. Dzi\u0119kujemy za to z ca\u0142ego serca!&nbsp;\u2764\ufe0f Niestety, sytuacja naszych Rodak\u00f3w w niekt\u00f3rych regionach Kres\u00f3w dalej jest nieciekawa. Od naszego oddzia\u0142u ze Lwowa, Centrum Polskiej Kultury Odra-Niemen-Dniestr, &hellip; Zbi\u00f3rka dla Polak\u00f3w z Ukrainy Read More &raquo;\" \/>\n<meta property=\"og:url\" content=\"https:\/\/odraniemen.org\/polacy-na-swiecie\/2020\/07\/15\/zbiorka-dla-polakow-z-ukrainy\/\" \/>\n<meta property=\"og:site_name\" content=\"Polacy Ponad Granicami\" \/>\n<meta property=\"article:published_time\" content=\"2020-07-15T09:20:08+00:00\" \/>\n<meta property=\"article:modified_time\" content=\"2021-11-23T16:43:19+00:00\" \/>\n<meta property=\"og:image\" content=\"https:\/\/odraniemen.org\/polacy-na-swiecie\/wp-content\/uploads\/sites\/10\/2020\/04\/79343225_2748973188474668_1084516398002077696_n.jpg\" \/>\n\t<meta property=\"og:image:width\" content=\"960\" \/>\n\t<meta property=\"og:image:height\" content=\"720\" \/>\n\t<meta property=\"og:image:type\" content=\"image\/jpeg\" \/>\n<meta name=\"author\" content=\"Ilona Gosiewska\" \/>\n<meta name=\"twitter:card\" content=\"summary_large_image\" \/>\n<meta name=\"twitter:label1\" content=\"Napisane przez\" \/>\n\t<meta name=\"twitter:data1\" content=\"Ilona Gosiewska\" \/>\n\t<meta name=\"twitter:label2\" content=\"Szacowany czas czytania\" \/>\n\t<meta name=\"twitter:data2\" content=\"1 minuta\" \/>\n<script type=\"application\/ld+json\" class=\"yoast-schema-graph\">{\"@context\":\"https:\/\/schema.org\",\"@graph\":[{\"@type\":\"Article\",\"@id\":\"https:\/\/odraniemen.org\/polacy-na-swiecie\/2020\/07\/15\/zbiorka-dla-polakow-z-ukrainy\/#article\",\"isPartOf\":{\"@id\":\"https:\/\/odraniemen.org\/polacy-na-swiecie\/2020\/07\/15\/zbiorka-dla-polakow-z-ukrainy\/\"},\"author\":{\"name\":\"Ilona Gosiewska\",\"@id\":\"https:\/\/odraniemen.org\/polacy-na-swiecie\/#\/schema\/person\/85e3fc29d5c98d8d1ff079bb7dfcfd50\"},\"headline\":\"Zbi\u00f3rka dla Polak\u00f3w z Ukrainy\",\"datePublished\":\"2020-07-15T09:20:08+00:00\",\"dateModified\":\"2021-11-23T16:43:19+00:00\",\"mainEntityOfPage\":{\"@id\":\"https:\/\/odraniemen.org\/polacy-na-swiecie\/2020\/07\/15\/zbiorka-dla-polakow-z-ukrainy\/\"},\"wordCount\":144,\"publisher\":{\"@id\":\"https:\/\/odraniemen.org\/polacy-na-swiecie\/#organization\"},\"articleSection\":[\"Archiwum aktualno\u015bci\"],\"inLanguage\":\"pl-PL\"},{\"@type\":\"WebPage\",\"@id\":\"https:\/\/odraniemen.org\/polacy-na-swiecie\/2020\/07\/15\/zbiorka-dla-polakow-z-ukrainy\/\",\"url\":\"https:\/\/odraniemen.org\/polacy-na-swiecie\/2020\/07\/15\/zbiorka-dla-polakow-z-ukrainy\/\",\"name\":\"Zbi\u00f3rka dla Polak\u00f3w z Ukrainy - Polacy Ponad Granicami\",\"isPartOf\":{\"@id\":\"https:\/\/odraniemen.org\/polacy-na-swiecie\/#website\"},\"datePublished\":\"2020-07-15T09:20:08+00:00\",\"dateModified\":\"2021-11-23T16:43:19+00:00\",\"breadcrumb\":{\"@id\":\"https:\/\/odraniemen.org\/polacy-na-swiecie\/2020\/07\/15\/zbiorka-dla-polakow-z-ukrainy\/#breadcrumb\"},\"inLanguage\":\"pl-PL\",\"potentialAction\":[{\"@type\":\"ReadAction\",\"target\":[\"https:\/\/odraniemen.org\/polacy-na-swiecie\/2020\/07\/15\/zbiorka-dla-polakow-z-ukrainy\/\"]}]},{\"@type\":\"BreadcrumbList\",\"@id\":\"https:\/\/odraniemen.org\/polacy-na-swiecie\/2020\/07\/15\/zbiorka-dla-polakow-z-ukrainy\/#breadcrumb\",\"itemListElement\":[{\"@type\":\"ListItem\",\"position\":1,\"name\":\"Strona g\u0142\u00f3wna\",\"item\":\"https:\/\/odraniemen.org\/polacy-na-swiecie\/\"},{\"@type\":\"ListItem\",\"position\":2,\"name\":\"Zbi\u00f3rka dla Polak\u00f3w z Ukrainy\"}]},{\"@type\":\"WebSite\",\"@id\":\"https:\/\/odraniemen.org\/polacy-na-swiecie\/#website\",\"url\":\"https:\/\/odraniemen.org\/polacy-na-swiecie\/\",\"name\":\"Polacy Ponad Granicami\",\"description\":\"Kolejna witryna sieci \u201eOdra-Niemen Witryny\u201d\",\"publisher\":{\"@id\":\"https:\/\/odraniemen.org\/polacy-na-swiecie\/#organization\"},\"potentialAction\":[{\"@type\":\"SearchAction\",\"target\":{\"@type\":\"EntryPoint\",\"urlTemplate\":\"https:\/\/odraniemen.org\/polacy-na-swiecie\/?s={search_term_string}\"},\"query-input\":\"required name=search_term_string\"}],\"inLanguage\":\"pl-PL\"},{\"@type\":\"Organization\",\"@id\":\"https:\/\/odraniemen.org\/polacy-na-swiecie\/#organization\",\"name\":\"Polacy Ponad Granicami\",\"url\":\"https:\/\/odraniemen.org\/polacy-na-swiecie\/\",\"logo\":{\"@type\":\"ImageObject\",\"inLanguage\":\"pl-PL\",\"@id\":\"https:\/\/odraniemen.org\/polacy-na-swiecie\/#\/schema\/logo\/image\/\",\"url\":\"https:\/\/odraniemen.org\/polacy-na-swiecie\/wp-content\/uploads\/sites\/10\/2025\/06\/cropped-Polacy-PONAD-GRANICAMI-logo.png\",\"contentUrl\":\"https:\/\/odraniemen.org\/polacy-na-swiecie\/wp-content\/uploads\/sites\/10\/2025\/06\/cropped-Polacy-PONAD-GRANICAMI-logo.png\",\"width\":1546,\"height\":454,\"caption\":\"Polacy Ponad Granicami\"},\"image\":{\"@id\":\"https:\/\/odraniemen.org\/polacy-na-swiecie\/#\/schema\/logo\/image\/\"}},{\"@type\":\"Person\",\"@id\":\"https:\/\/odraniemen.org\/polacy-na-swiecie\/#\/schema\/person\/85e3fc29d5c98d8d1ff079bb7dfcfd50\",\"name\":\"Ilona Gosiewska\",\"image\":{\"@type\":\"ImageObject\",\"inLanguage\":\"pl-PL\",\"@id\":\"https:\/\/odraniemen.org\/polacy-na-swiecie\/#\/schema\/person\/image\/\",\"url\":\"https:\/\/secure.gravatar.com\/avatar\/3d19ad97584bcf1e751bb6463745fd62?s=96&d=mm&r=g\",\"contentUrl\":\"https:\/\/secure.gravatar.com\/avatar\/3d19ad97584bcf1e751bb6463745fd62?s=96&d=mm&r=g\",\"caption\":\"Ilona Gosiewska\"},\"url\":\"https:\/\/odraniemen.org\/polacy-na-swiecie\/author\/igosiewska\/\"}]}<\/script>\n<!-- \/ Yoast SEO plugin. -->","yoast_head_json":{"title":"Zbi\u00f3rka dla Polak\u00f3w z Ukrainy - Polacy Ponad Granicami","robots":{"index":"index","follow":"follow","max-snippet":"max-snippet:-1","max-image-preview":"max-image-preview:large","max-video-preview":"max-video-preview:-1"},"canonical":"https:\/\/odraniemen.org\/polacy-na-swiecie\/2020\/07\/15\/zbiorka-dla-polakow-z-ukrainy\/","og_locale":"pl_PL","og_type":"article","og_title":"Zbi\u00f3rka dla Polak\u00f3w z Ukrainy - Polacy Ponad Granicami","og_description":"Szanowni Pa\u0144stwo, w kwietniu bie\u017c\u0105cego roku uda\u0142o nam si\u0119, dzi\u0119ki Pa\u0144stwa niezwyk\u0142ej hojno\u015bci, wesprze\u0107 polskie \u015brodowiska na Bia\u0142orusi. Wszystkie \u015brodki finansowe dotar\u0142y do Polak\u00f3w na Grodzie\u0144szczy\u017anie i w Iwie\u0144cu. Dzi\u0119kujemy za to z ca\u0142ego serca!&nbsp;\u2764\ufe0f Niestety, sytuacja naszych Rodak\u00f3w w niekt\u00f3rych regionach Kres\u00f3w dalej jest nieciekawa. Od naszego oddzia\u0142u ze Lwowa, Centrum Polskiej Kultury Odra-Niemen-Dniestr, &hellip; Zbi\u00f3rka dla Polak\u00f3w z Ukrainy Read More &raquo;","og_url":"https:\/\/odraniemen.org\/polacy-na-swiecie\/2020\/07\/15\/zbiorka-dla-polakow-z-ukrainy\/","og_site_name":"Polacy Ponad Granicami","article_published_time":"2020-07-15T09:20:08+00:00","article_modified_time":"2021-11-23T16:43:19+00:00","og_image":[{"width":960,"height":720,"url":"https:\/\/odraniemen.org\/polacy-na-swiecie\/wp-content\/uploads\/sites\/10\/2020\/04\/79343225_2748973188474668_1084516398002077696_n.jpg","type":"image\/jpeg"}],"author":"Ilona Gosiewska","twitter_card":"summary_large_image","twitter_misc":{"Napisane przez":"Ilona Gosiewska","Szacowany czas czytania":"1 minuta"},"schema":{"@context":"https:\/\/schema.org","@graph":[{"@type":"Article","@id":"https:\/\/odraniemen.org\/polacy-na-swiecie\/2020\/07\/15\/zbiorka-dla-polakow-z-ukrainy\/#article","isPartOf":{"@id":"https:\/\/odraniemen.org\/polacy-na-swiecie\/2020\/07\/15\/zbiorka-dla-polakow-z-ukrainy\/"},"author":{"name":"Ilona Gosiewska","@id":"https:\/\/odraniemen.org\/polacy-na-swiecie\/#\/schema\/person\/85e3fc29d5c98d8d1ff079bb7dfcfd50"},"headline":"Zbi\u00f3rka dla Polak\u00f3w z Ukrainy","datePublished":"2020-07-15T09:20:08+00:00","dateModified":"2021-11-23T16:43:19+00:00","mainEntityOfPage":{"@id":"https:\/\/odraniemen.org\/polacy-na-swiecie\/2020\/07\/15\/zbiorka-dla-polakow-z-ukrainy\/"},"wordCount":144,"publisher":{"@id":"https:\/\/odraniemen.org\/polacy-na-swiecie\/#organization"},"articleSection":["Archiwum aktualno\u015bci"],"inLanguage":"pl-PL"},{"@type":"WebPage","@id":"https:\/\/odraniemen.org\/polacy-na-swiecie\/2020\/07\/15\/zbiorka-dla-polakow-z-ukrainy\/","url":"https:\/\/odraniemen.org\/polacy-na-swiecie\/2020\/07\/15\/zbiorka-dla-polakow-z-ukrainy\/","name":"Zbi\u00f3rka dla Polak\u00f3w z Ukrainy - Polacy Ponad Granicami","isPartOf":{"@id":"https:\/\/odraniemen.org\/polacy-na-swiecie\/#website"},"datePublished":"2020-07-15T09:20:08+00:00","dateModified":"2021-11-23T16:43:19+00:00","breadcrumb":{"@id":"https:\/\/odraniemen.org\/polacy-na-swiecie\/2020\/07\/15\/zbiorka-dla-polakow-z-ukrainy\/#breadcrumb"},"inLanguage":"pl-PL","potentialAction":[{"@type":"ReadAction","target":["https:\/\/odraniemen.org\/polacy-na-swiecie\/2020\/07\/15\/zbiorka-dla-polakow-z-ukrainy\/"]}]},{"@type":"BreadcrumbList","@id":"https:\/\/odraniemen.org\/polacy-na-swiecie\/2020\/07\/15\/zbiorka-dla-polakow-z-ukrainy\/#breadcrumb","itemListElement":[{"@type":"ListItem","position":1,"name":"Strona g\u0142\u00f3wna","item":"https:\/\/odraniemen.org\/polacy-na-swiecie\/"},{"@type":"ListItem","position":2,"name":"Zbi\u00f3rka dla Polak\u00f3w z Ukrainy"}]},{"@type":"WebSite","@id":"https:\/\/odraniemen.org\/polacy-na-swiecie\/#website","url":"https:\/\/odraniemen.org\/polacy-na-swiecie\/","name":"Polacy Ponad Granicami","description":"Kolejna witryna sieci \u201eOdra-Niemen Witryny\u201d","publisher":{"@id":"https:\/\/odraniemen.org\/polacy-na-swiecie\/#organization"},"potentialAction":[{"@type":"SearchAction","target":{"@type":"EntryPoint","urlTemplate":"https:\/\/odraniemen.org\/polacy-na-swiecie\/?s={search_term_string}"},"query-input":"required name=search_term_string"}],"inLanguage":"pl-PL"},{"@type":"Organization","@id":"https:\/\/odraniemen.org\/polacy-na-swiecie\/#organization","name":"Polacy Ponad Granicami","url":"https:\/\/odraniemen.org\/polacy-na-swiecie\/","logo":{"@type":"ImageObject","inLanguage":"pl-PL","@id":"https:\/\/odraniemen.org\/polacy-na-swiecie\/#\/schema\/logo\/image\/","url":"https:\/\/odraniemen.org\/polacy-na-swiecie\/wp-content\/uploads\/sites\/10\/2025\/06\/cropped-Polacy-PONAD-GRANICAMI-logo.png","contentUrl":"https:\/\/odraniemen.org\/polacy-na-swiecie\/wp-content\/uploads\/sites\/10\/2025\/06\/cropped-Polacy-PONAD-GRANICAMI-logo.png","width":1546,"height":454,"caption":"Polacy Ponad Granicami"},"image":{"@id":"https:\/\/odraniemen.org\/polacy-na-swiecie\/#\/schema\/logo\/image\/"}},{"@type":"Person","@id":"https:\/\/odraniemen.org\/polacy-na-swiecie\/#\/schema\/person\/85e3fc29d5c98d8d1ff079bb7dfcfd50","name":"Ilona Gosiewska","image":{"@type":"ImageObject","inLanguage":"pl-PL","@id":"https:\/\/odraniemen.org\/polacy-na-swiecie\/#\/schema\/person\/image\/","url":"https:\/\/secure.gravatar.com\/avatar\/3d19ad97584bcf1e751bb6463745fd62?s=96&d=mm&r=g","contentUrl":"https:\/\/secure.gravatar.com\/avatar\/3d19ad97584bcf1e751bb6463745fd62?s=96&d=mm&r=g","caption":"Ilona Gosiewska"},"url":"https:\/\/odraniemen.org\/polacy-na-swiecie\/author\/igosiewska\/"}]}},"_links":{"self":[{"href":"https:\/\/odraniemen.org\/polacy-na-swiecie\/wp-json\/wp\/v2\/posts\/777"}],"collection":[{"href":"https:\/\/odraniemen.org\/polacy-na-swiecie\/wp-json\/wp\/v2\/posts"}],"about":[{"href":"https:\/\/odraniemen.org\/polacy-na-swiecie\/wp-json\/wp\/v2\/types\/post"}],"author":[{"embeddable":true,"href":"https:\/\/odraniemen.org\/polacy-na-swiecie\/wp-json\/wp\/v2\/users\/9"}],"replies":[{"embeddable":true,"href":"https:\/\/odraniemen.org\/polacy-na-swiecie\/wp-json\/wp\/v2\/comments?post=777"}],"version-history":[{"count":1,"href":"https:\/\/odraniemen.org\/polacy-na-swiecie\/wp-json\/wp\/v2\/posts\/777\/revisions"}],"predecessor-version":[{"id":964,"href":"https:\/\/odraniemen.org\/polacy-na-swiecie\/wp-json\/wp\/v2\/posts\/777\/revisions\/964"}],"wp:featuredmedia":[{"embeddable":true,"href":"https:\/\/odraniemen.org\/polacy-na-swiecie\/wp-json\/wp\/v2\/media\/594"}],"wp:attachment":[{"href":"https:\/\/odraniemen.org\/polacy-na-swiecie\/wp-json\/wp\/v2\/media?parent=777"}],"wp:term":[{"taxonomy":"category","embeddable":true,"href":"https:\/\/odraniemen.org\/polacy-na-swiecie\/wp-json\/wp\/v2\/categories?post=777"},{"taxonomy":"post_tag","embeddable":true,"href":"https:\/\/odraniemen.org\/polacy-na-swiecie\/wp-json\/wp\/v2\/tags?post=777"}],"curies":[{"name":"wp","href":"https:\/\/api.w.org\/{rel}","templated":true}]}}