
{"id":795,"date":"2020-07-24T17:31:28","date_gmt":"2020-07-24T15:31:28","guid":{"rendered":"https:\/\/odraniemen.org\/polacy-na-swiecie\/2020\/07\/24\/odeszla-jadwiga-zappe-ze-lwowa\/"},"modified":"2020-12-10T23:07:45","modified_gmt":"2020-12-10T22:07:45","slug":"odeszla-jadwiga-zappe-ze-lwowa","status":"publish","type":"post","link":"https:\/\/odraniemen.org\/polacy-na-swiecie\/2020\/07\/24\/odeszla-jadwiga-zappe-ze-lwowa\/","title":{"rendered":"Odesz\u0142a Jadwiga Zappe ze Lwowa"},"content":{"rendered":"<p><img loading=\"lazy\" decoding=\"async\" width=\"1024\" height=\"683\" src=\"https:\/\/odraniemen.org\/polacy-na-swiecie\/wp-content\/uploads\/sites\/10\/2020\/07\/Zappe-1024x683.jpg\" alt=\"\"><\/p>\n<p>Odesz\u0142a Pani Jadwiga Zappe ze Lwowa. Ostatnia z ostatnich, wielka Polka, kochaj\u0105ca Polsk\u0119, Lw\u00f3w i m\u0142odzie\u017c. Ka\u017cdy nasz pobyt we Lwowie to wzruszaj\u0105ce spotkanie z Pani\u0105 Jadwig\u0105, wiele m\u0105drych s\u0142\u00f3w, opowie\u015bci, znakomita wiedza historyczna i ogromna \u017cyczliwo\u015b\u0107 dla m\u0142odzie\u017cy.&nbsp;&nbsp;<\/p>\n<p>Lwowski Oddzia\u0142 Odry-Niemen by\u0142 w sta\u0142ym kontakcie z Pani\u0105 Jadwig\u0105 a wiele grup z Polski, w ramach akcji Rodacy-Bohaterom, zawsze pami\u0119ta\u0142y o siostrach Zappe.&nbsp;<\/p>\n<p>Zrobi\u0142o si\u0119 pusto we Lwowie.&nbsp;<\/p>\n","protected":false},"excerpt":{"rendered":"<p>Odesz\u0142a Pani Jadwiga Zappe ze Lwowa. Ostatnia z ostatnich, wielka Polka, kochaj\u0105ca Polsk\u0119, Lw\u00f3w i m\u0142odzie\u017c. Ka\u017cdy nasz pobyt we Lwowie to wzruszaj\u0105ce spotkanie z Pani\u0105 Jadwig\u0105, wiele m\u0105drych s\u0142\u00f3w, opowie\u015bci, znakomita wiedza historyczna i ogromna \u017cyczliwo\u015b\u0107 dla m\u0142odzie\u017cy.&nbsp;&nbsp; Lwowski Oddzia\u0142 Odry-Niemen by\u0142 w sta\u0142ym kontakcie z Pani\u0105 Jadwig\u0105 a wiele grup z Polski, w &hellip;<\/p>\n<p class=\"read-more\"> <a class=\"\" href=\"https:\/\/odraniemen.org\/polacy-na-swiecie\/2020\/07\/24\/odeszla-jadwiga-zappe-ze-lwowa\/\"> <span class=\"screen-reader-text\">Odesz\u0142a Jadwiga Zappe ze Lwowa<\/span> Read More &raquo;<\/a><\/p>\n","protected":false},"author":9,"featured_media":796,"comment_status":"closed","ping_status":"closed","sticky":false,"template":"","format":"standard","meta":{"site-sidebar-layout":"default","site-content-layout":"default","ast-site-content-layout":"","site-content-style":"default","site-sidebar-style":"default","ast-global-header-display":"","ast-banner-title-visibility":"","ast-main-header-display":"","ast-hfb-above-header-display":"","ast-hfb-below-header-display":"","ast-hfb-mobile-header-display":"","site-post-title":"","ast-breadcrumbs-content":"","ast-featured-img":"","footer-sml-layout":"","theme-transparent-header-meta":"default","adv-header-id-meta":"","stick-header-meta":"","header-above-stick-meta":"","header-main-stick-meta":"","header-below-stick-meta":"","astra-migrate-meta-layouts":"","ast-page-background-enabled":"default","ast-page-background-meta":{"desktop":{"background-color":"","background-image":"","background-repeat":"repeat","background-position":"center center","background-size":"auto","background-attachment":"scroll","background-type":"","background-media":"","overlay-type":"","overlay-color":"","overlay-gradient":""},"tablet":{"background-color":"","background-image":"","background-repeat":"repeat","background-position":"center center","background-size":"auto","background-attachment":"scroll","background-type":"","background-media":"","overlay-type":"","overlay-color":"","overlay-gradient":""},"mobile":{"background-color":"","background-image":"","background-repeat":"repeat","background-position":"center center","background-size":"auto","background-attachment":"scroll","background-type":"","background-media":"","overlay-type":"","overlay-color":"","overlay-gradient":""}},"ast-content-background-meta":{"desktop":{"background-color":"var(--ast-global-color-5)","background-image":"","background-repeat":"repeat","background-position":"center center","background-size":"auto","background-attachment":"scroll","background-type":"","background-media":"","overlay-type":"","overlay-color":"","overlay-gradient":""},"tablet":{"background-color":"var(--ast-global-color-5)","background-image":"","background-repeat":"repeat","background-position":"center center","background-size":"auto","background-attachment":"scroll","background-type":"","background-media":"","overlay-type":"","overlay-color":"","overlay-gradient":""},"mobile":{"background-color":"var(--ast-global-color-5)","background-image":"","background-repeat":"repeat","background-position":"center center","background-size":"auto","background-attachment":"scroll","background-type":"","background-media":"","overlay-type":"","overlay-color":"","overlay-gradient":""}},"footnotes":""},"categories":[17],"tags":[],"yoast_head":"<!-- This site is optimized with the Yoast SEO plugin v21.6 - https:\/\/yoast.com\/wordpress\/plugins\/seo\/ -->\n<title>Odesz\u0142a Jadwiga Zappe ze Lwowa - Polacy Ponad Granicami<\/title>\n<meta name=\"robots\" content=\"index, follow, max-snippet:-1, max-image-preview:large, max-video-preview:-1\" \/>\n<link rel=\"canonical\" href=\"https:\/\/odraniemen.org\/polacy-na-swiecie\/2020\/07\/24\/odeszla-jadwiga-zappe-ze-lwowa\/\" \/>\n<meta property=\"og:locale\" content=\"pl_PL\" \/>\n<meta property=\"og:type\" content=\"article\" \/>\n<meta property=\"og:title\" content=\"Odesz\u0142a Jadwiga Zappe ze Lwowa - Polacy Ponad Granicami\" \/>\n<meta property=\"og:description\" content=\"Odesz\u0142a Pani Jadwiga Zappe ze Lwowa. Ostatnia z ostatnich, wielka Polka, kochaj\u0105ca Polsk\u0119, Lw\u00f3w i m\u0142odzie\u017c. Ka\u017cdy nasz pobyt we Lwowie to wzruszaj\u0105ce spotkanie z Pani\u0105 Jadwig\u0105, wiele m\u0105drych s\u0142\u00f3w, opowie\u015bci, znakomita wiedza historyczna i ogromna \u017cyczliwo\u015b\u0107 dla m\u0142odzie\u017cy.&nbsp;&nbsp; Lwowski Oddzia\u0142 Odry-Niemen by\u0142 w sta\u0142ym kontakcie z Pani\u0105 Jadwig\u0105 a wiele grup z Polski, w &hellip; Odesz\u0142a Jadwiga Zappe ze Lwowa Read More &raquo;\" \/>\n<meta property=\"og:url\" content=\"https:\/\/odraniemen.org\/polacy-na-swiecie\/2020\/07\/24\/odeszla-jadwiga-zappe-ze-lwowa\/\" \/>\n<meta property=\"og:site_name\" content=\"Polacy Ponad Granicami\" \/>\n<meta property=\"article:published_time\" content=\"2020-07-24T15:31:28+00:00\" \/>\n<meta property=\"article:modified_time\" content=\"2020-12-10T22:07:45+00:00\" \/>\n<meta property=\"og:image\" content=\"https:\/\/odraniemen.org\/polacy-na-swiecie\/wp-content\/uploads\/sites\/10\/2020\/07\/Zappe.jpg\" \/>\n\t<meta property=\"og:image:width\" content=\"1944\" \/>\n\t<meta property=\"og:image:height\" content=\"1296\" \/>\n\t<meta property=\"og:image:type\" content=\"image\/jpeg\" \/>\n<meta name=\"author\" content=\"Ilona Gosiewska\" \/>\n<meta name=\"twitter:card\" content=\"summary_large_image\" \/>\n<meta name=\"twitter:label1\" content=\"Napisane przez\" \/>\n\t<meta name=\"twitter:data1\" content=\"Ilona Gosiewska\" \/>\n<script type=\"application\/ld+json\" class=\"yoast-schema-graph\">{\"@context\":\"https:\/\/schema.org\",\"@graph\":[{\"@type\":\"Article\",\"@id\":\"https:\/\/odraniemen.org\/polacy-na-swiecie\/2020\/07\/24\/odeszla-jadwiga-zappe-ze-lwowa\/#article\",\"isPartOf\":{\"@id\":\"https:\/\/odraniemen.org\/polacy-na-swiecie\/2020\/07\/24\/odeszla-jadwiga-zappe-ze-lwowa\/\"},\"author\":{\"name\":\"Ilona Gosiewska\",\"@id\":\"https:\/\/odraniemen.org\/polacy-na-swiecie\/#\/schema\/person\/85e3fc29d5c98d8d1ff079bb7dfcfd50\"},\"headline\":\"Odesz\u0142a Jadwiga Zappe ze Lwowa\",\"datePublished\":\"2020-07-24T15:31:28+00:00\",\"dateModified\":\"2020-12-10T22:07:45+00:00\",\"mainEntityOfPage\":{\"@id\":\"https:\/\/odraniemen.org\/polacy-na-swiecie\/2020\/07\/24\/odeszla-jadwiga-zappe-ze-lwowa\/\"},\"wordCount\":93,\"publisher\":{\"@id\":\"https:\/\/odraniemen.org\/polacy-na-swiecie\/#organization\"},\"articleSection\":[\"Aktualno\u015bci\"],\"inLanguage\":\"pl-PL\"},{\"@type\":\"WebPage\",\"@id\":\"https:\/\/odraniemen.org\/polacy-na-swiecie\/2020\/07\/24\/odeszla-jadwiga-zappe-ze-lwowa\/\",\"url\":\"https:\/\/odraniemen.org\/polacy-na-swiecie\/2020\/07\/24\/odeszla-jadwiga-zappe-ze-lwowa\/\",\"name\":\"Odesz\u0142a Jadwiga Zappe ze Lwowa - Polacy Ponad Granicami\",\"isPartOf\":{\"@id\":\"https:\/\/odraniemen.org\/polacy-na-swiecie\/#website\"},\"datePublished\":\"2020-07-24T15:31:28+00:00\",\"dateModified\":\"2020-12-10T22:07:45+00:00\",\"breadcrumb\":{\"@id\":\"https:\/\/odraniemen.org\/polacy-na-swiecie\/2020\/07\/24\/odeszla-jadwiga-zappe-ze-lwowa\/#breadcrumb\"},\"inLanguage\":\"pl-PL\",\"potentialAction\":[{\"@type\":\"ReadAction\",\"target\":[\"https:\/\/odraniemen.org\/polacy-na-swiecie\/2020\/07\/24\/odeszla-jadwiga-zappe-ze-lwowa\/\"]}]},{\"@type\":\"BreadcrumbList\",\"@id\":\"https:\/\/odraniemen.org\/polacy-na-swiecie\/2020\/07\/24\/odeszla-jadwiga-zappe-ze-lwowa\/#breadcrumb\",\"itemListElement\":[{\"@type\":\"ListItem\",\"position\":1,\"name\":\"Strona g\u0142\u00f3wna\",\"item\":\"https:\/\/odraniemen.org\/polacy-na-swiecie\/\"},{\"@type\":\"ListItem\",\"position\":2,\"name\":\"Odesz\u0142a Jadwiga Zappe ze Lwowa\"}]},{\"@type\":\"WebSite\",\"@id\":\"https:\/\/odraniemen.org\/polacy-na-swiecie\/#website\",\"url\":\"https:\/\/odraniemen.org\/polacy-na-swiecie\/\",\"name\":\"Polacy Ponad Granicami\",\"description\":\"Kolejna witryna sieci \u201eOdra-Niemen Witryny\u201d\",\"publisher\":{\"@id\":\"https:\/\/odraniemen.org\/polacy-na-swiecie\/#organization\"},\"potentialAction\":[{\"@type\":\"SearchAction\",\"target\":{\"@type\":\"EntryPoint\",\"urlTemplate\":\"https:\/\/odraniemen.org\/polacy-na-swiecie\/?s={search_term_string}\"},\"query-input\":\"required name=search_term_string\"}],\"inLanguage\":\"pl-PL\"},{\"@type\":\"Organization\",\"@id\":\"https:\/\/odraniemen.org\/polacy-na-swiecie\/#organization\",\"name\":\"Polacy Ponad Granicami\",\"url\":\"https:\/\/odraniemen.org\/polacy-na-swiecie\/\",\"logo\":{\"@type\":\"ImageObject\",\"inLanguage\":\"pl-PL\",\"@id\":\"https:\/\/odraniemen.org\/polacy-na-swiecie\/#\/schema\/logo\/image\/\",\"url\":\"https:\/\/odraniemen.org\/polacy-na-swiecie\/wp-content\/uploads\/sites\/10\/2025\/06\/cropped-Polacy-PONAD-GRANICAMI-logo.png\",\"contentUrl\":\"https:\/\/odraniemen.org\/polacy-na-swiecie\/wp-content\/uploads\/sites\/10\/2025\/06\/cropped-Polacy-PONAD-GRANICAMI-logo.png\",\"width\":1546,\"height\":454,\"caption\":\"Polacy Ponad Granicami\"},\"image\":{\"@id\":\"https:\/\/odraniemen.org\/polacy-na-swiecie\/#\/schema\/logo\/image\/\"}},{\"@type\":\"Person\",\"@id\":\"https:\/\/odraniemen.org\/polacy-na-swiecie\/#\/schema\/person\/85e3fc29d5c98d8d1ff079bb7dfcfd50\",\"name\":\"Ilona Gosiewska\",\"image\":{\"@type\":\"ImageObject\",\"inLanguage\":\"pl-PL\",\"@id\":\"https:\/\/odraniemen.org\/polacy-na-swiecie\/#\/schema\/person\/image\/\",\"url\":\"https:\/\/secure.gravatar.com\/avatar\/3d19ad97584bcf1e751bb6463745fd62?s=96&d=mm&r=g\",\"contentUrl\":\"https:\/\/secure.gravatar.com\/avatar\/3d19ad97584bcf1e751bb6463745fd62?s=96&d=mm&r=g\",\"caption\":\"Ilona Gosiewska\"},\"url\":\"https:\/\/odraniemen.org\/polacy-na-swiecie\/author\/igosiewska\/\"}]}<\/script>\n<!-- \/ Yoast SEO plugin. -->","yoast_head_json":{"title":"Odesz\u0142a Jadwiga Zappe ze Lwowa - Polacy Ponad Granicami","robots":{"index":"index","follow":"follow","max-snippet":"max-snippet:-1","max-image-preview":"max-image-preview:large","max-video-preview":"max-video-preview:-1"},"canonical":"https:\/\/odraniemen.org\/polacy-na-swiecie\/2020\/07\/24\/odeszla-jadwiga-zappe-ze-lwowa\/","og_locale":"pl_PL","og_type":"article","og_title":"Odesz\u0142a Jadwiga Zappe ze Lwowa - Polacy Ponad Granicami","og_description":"Odesz\u0142a Pani Jadwiga Zappe ze Lwowa. Ostatnia z ostatnich, wielka Polka, kochaj\u0105ca Polsk\u0119, Lw\u00f3w i m\u0142odzie\u017c. Ka\u017cdy nasz pobyt we Lwowie to wzruszaj\u0105ce spotkanie z Pani\u0105 Jadwig\u0105, wiele m\u0105drych s\u0142\u00f3w, opowie\u015bci, znakomita wiedza historyczna i ogromna \u017cyczliwo\u015b\u0107 dla m\u0142odzie\u017cy.&nbsp;&nbsp; Lwowski Oddzia\u0142 Odry-Niemen by\u0142 w sta\u0142ym kontakcie z Pani\u0105 Jadwig\u0105 a wiele grup z Polski, w &hellip; Odesz\u0142a Jadwiga Zappe ze Lwowa Read More &raquo;","og_url":"https:\/\/odraniemen.org\/polacy-na-swiecie\/2020\/07\/24\/odeszla-jadwiga-zappe-ze-lwowa\/","og_site_name":"Polacy Ponad Granicami","article_published_time":"2020-07-24T15:31:28+00:00","article_modified_time":"2020-12-10T22:07:45+00:00","og_image":[{"width":1944,"height":1296,"url":"https:\/\/odraniemen.org\/polacy-na-swiecie\/wp-content\/uploads\/sites\/10\/2020\/07\/Zappe.jpg","type":"image\/jpeg"}],"author":"Ilona Gosiewska","twitter_card":"summary_large_image","twitter_misc":{"Napisane przez":"Ilona Gosiewska"},"schema":{"@context":"https:\/\/schema.org","@graph":[{"@type":"Article","@id":"https:\/\/odraniemen.org\/polacy-na-swiecie\/2020\/07\/24\/odeszla-jadwiga-zappe-ze-lwowa\/#article","isPartOf":{"@id":"https:\/\/odraniemen.org\/polacy-na-swiecie\/2020\/07\/24\/odeszla-jadwiga-zappe-ze-lwowa\/"},"author":{"name":"Ilona Gosiewska","@id":"https:\/\/odraniemen.org\/polacy-na-swiecie\/#\/schema\/person\/85e3fc29d5c98d8d1ff079bb7dfcfd50"},"headline":"Odesz\u0142a Jadwiga Zappe ze Lwowa","datePublished":"2020-07-24T15:31:28+00:00","dateModified":"2020-12-10T22:07:45+00:00","mainEntityOfPage":{"@id":"https:\/\/odraniemen.org\/polacy-na-swiecie\/2020\/07\/24\/odeszla-jadwiga-zappe-ze-lwowa\/"},"wordCount":93,"publisher":{"@id":"https:\/\/odraniemen.org\/polacy-na-swiecie\/#organization"},"articleSection":["Aktualno\u015bci"],"inLanguage":"pl-PL"},{"@type":"WebPage","@id":"https:\/\/odraniemen.org\/polacy-na-swiecie\/2020\/07\/24\/odeszla-jadwiga-zappe-ze-lwowa\/","url":"https:\/\/odraniemen.org\/polacy-na-swiecie\/2020\/07\/24\/odeszla-jadwiga-zappe-ze-lwowa\/","name":"Odesz\u0142a Jadwiga Zappe ze Lwowa - Polacy Ponad Granicami","isPartOf":{"@id":"https:\/\/odraniemen.org\/polacy-na-swiecie\/#website"},"datePublished":"2020-07-24T15:31:28+00:00","dateModified":"2020-12-10T22:07:45+00:00","breadcrumb":{"@id":"https:\/\/odraniemen.org\/polacy-na-swiecie\/2020\/07\/24\/odeszla-jadwiga-zappe-ze-lwowa\/#breadcrumb"},"inLanguage":"pl-PL","potentialAction":[{"@type":"ReadAction","target":["https:\/\/odraniemen.org\/polacy-na-swiecie\/2020\/07\/24\/odeszla-jadwiga-zappe-ze-lwowa\/"]}]},{"@type":"BreadcrumbList","@id":"https:\/\/odraniemen.org\/polacy-na-swiecie\/2020\/07\/24\/odeszla-jadwiga-zappe-ze-lwowa\/#breadcrumb","itemListElement":[{"@type":"ListItem","position":1,"name":"Strona g\u0142\u00f3wna","item":"https:\/\/odraniemen.org\/polacy-na-swiecie\/"},{"@type":"ListItem","position":2,"name":"Odesz\u0142a Jadwiga Zappe ze Lwowa"}]},{"@type":"WebSite","@id":"https:\/\/odraniemen.org\/polacy-na-swiecie\/#website","url":"https:\/\/odraniemen.org\/polacy-na-swiecie\/","name":"Polacy Ponad Granicami","description":"Kolejna witryna sieci \u201eOdra-Niemen Witryny\u201d","publisher":{"@id":"https:\/\/odraniemen.org\/polacy-na-swiecie\/#organization"},"potentialAction":[{"@type":"SearchAction","target":{"@type":"EntryPoint","urlTemplate":"https:\/\/odraniemen.org\/polacy-na-swiecie\/?s={search_term_string}"},"query-input":"required name=search_term_string"}],"inLanguage":"pl-PL"},{"@type":"Organization","@id":"https:\/\/odraniemen.org\/polacy-na-swiecie\/#organization","name":"Polacy Ponad Granicami","url":"https:\/\/odraniemen.org\/polacy-na-swiecie\/","logo":{"@type":"ImageObject","inLanguage":"pl-PL","@id":"https:\/\/odraniemen.org\/polacy-na-swiecie\/#\/schema\/logo\/image\/","url":"https:\/\/odraniemen.org\/polacy-na-swiecie\/wp-content\/uploads\/sites\/10\/2025\/06\/cropped-Polacy-PONAD-GRANICAMI-logo.png","contentUrl":"https:\/\/odraniemen.org\/polacy-na-swiecie\/wp-content\/uploads\/sites\/10\/2025\/06\/cropped-Polacy-PONAD-GRANICAMI-logo.png","width":1546,"height":454,"caption":"Polacy Ponad Granicami"},"image":{"@id":"https:\/\/odraniemen.org\/polacy-na-swiecie\/#\/schema\/logo\/image\/"}},{"@type":"Person","@id":"https:\/\/odraniemen.org\/polacy-na-swiecie\/#\/schema\/person\/85e3fc29d5c98d8d1ff079bb7dfcfd50","name":"Ilona Gosiewska","image":{"@type":"ImageObject","inLanguage":"pl-PL","@id":"https:\/\/odraniemen.org\/polacy-na-swiecie\/#\/schema\/person\/image\/","url":"https:\/\/secure.gravatar.com\/avatar\/3d19ad97584bcf1e751bb6463745fd62?s=96&d=mm&r=g","contentUrl":"https:\/\/secure.gravatar.com\/avatar\/3d19ad97584bcf1e751bb6463745fd62?s=96&d=mm&r=g","caption":"Ilona Gosiewska"},"url":"https:\/\/odraniemen.org\/polacy-na-swiecie\/author\/igosiewska\/"}]}},"_links":{"self":[{"href":"https:\/\/odraniemen.org\/polacy-na-swiecie\/wp-json\/wp\/v2\/posts\/795"}],"collection":[{"href":"https:\/\/odraniemen.org\/polacy-na-swiecie\/wp-json\/wp\/v2\/posts"}],"about":[{"href":"https:\/\/odraniemen.org\/polacy-na-swiecie\/wp-json\/wp\/v2\/types\/post"}],"author":[{"embeddable":true,"href":"https:\/\/odraniemen.org\/polacy-na-swiecie\/wp-json\/wp\/v2\/users\/9"}],"replies":[{"embeddable":true,"href":"https:\/\/odraniemen.org\/polacy-na-swiecie\/wp-json\/wp\/v2\/comments?post=795"}],"version-history":[{"count":3,"href":"https:\/\/odraniemen.org\/polacy-na-swiecie\/wp-json\/wp\/v2\/posts\/795\/revisions"}],"predecessor-version":[{"id":799,"href":"https:\/\/odraniemen.org\/polacy-na-swiecie\/wp-json\/wp\/v2\/posts\/795\/revisions\/799"}],"wp:featuredmedia":[{"embeddable":true,"href":"https:\/\/odraniemen.org\/polacy-na-swiecie\/wp-json\/wp\/v2\/media\/796"}],"wp:attachment":[{"href":"https:\/\/odraniemen.org\/polacy-na-swiecie\/wp-json\/wp\/v2\/media?parent=795"}],"wp:term":[{"taxonomy":"category","embeddable":true,"href":"https:\/\/odraniemen.org\/polacy-na-swiecie\/wp-json\/wp\/v2\/categories?post=795"},{"taxonomy":"post_tag","embeddable":true,"href":"https:\/\/odraniemen.org\/polacy-na-swiecie\/wp-json\/wp\/v2\/tags?post=795"}],"curies":[{"name":"wp","href":"https:\/\/api.w.org\/{rel}","templated":true}]}}