
{"id":896,"date":"2020-08-26T13:20:00","date_gmt":"2020-08-26T11:20:00","guid":{"rendered":"https:\/\/odraniemen.org\/polacy-na-swiecie\/2020\/08\/26\/podroze-z-misja-poszukiwanie-wlasnych-korzeni\/"},"modified":"2021-11-23T17:42:01","modified_gmt":"2021-11-23T16:42:01","slug":"podroze-z-misja-poszukiwanie-wlasnych-korzeni","status":"publish","type":"post","link":"https:\/\/odraniemen.org\/polacy-na-swiecie\/2020\/08\/26\/podroze-z-misja-poszukiwanie-wlasnych-korzeni\/","title":{"rendered":"Podr\u00f3\u017ce z misj\u0105 &#8211; poszukiwanie w\u0142asnych korzeni"},"content":{"rendered":"<p>W dzisiejszej ods\u0142onie naszego bloga podr\u00f3\u017cniczego <img loading=\"lazy\" decoding=\"async\" src=\"https:\/\/static.xx.fbcdn.net\/images\/emoji.php\/v9\/t21\/1.5\/16\/1f5fa.png\" alt=\"\ud83d\uddfa\" width=\"16\" height=\"16\"> zabierzemy Was w sentymentaln\u0105 podr\u00f3\u017c, jak\u0105 odby\u0142a debiutuj\u0105ca na naszych \u0142amach kole\u017canka Honorata ze Stowarzyszenie Odra-Niemen Oddzia\u0142 Wielkopolska<img loading=\"lazy\" decoding=\"async\" src=\"https:\/\/static.xx.fbcdn.net\/images\/emoji.php\/v9\/ta5\/1.5\/16\/1f642.png\" alt=\"\ud83d\ude42\" width=\"16\" height=\"16\">&nbsp;Wyruszy\u0142a ona na tereny dawnego wojew\u00f3dztwa wile\u0144skiego, w okolice miejscowo\u015bci G\u0142\u0119bokie na dzisiejszej Bia\u0142orusi, wraz ze swoim wujkiem, urodzonym tam, jeszcze w Polsce <img loading=\"lazy\" decoding=\"async\" src=\"https:\/\/static.xx.fbcdn.net\/images\/emoji.php\/v9\/t79\/1.5\/16\/1f1f5_1f1f1.png\" alt=\"\ud83c\uddf5\ud83c\uddf1\" width=\"16\" height=\"16\">.&nbsp;Wyjazd ten pe\u0142en by\u0142 wzrusze\u0144 i emocji, zapraszamy na relacj\u0119 z niego.<img loading=\"lazy\" decoding=\"async\" src=\"https:\/\/static.xx.fbcdn.net\/images\/emoji.php\/v9\/t1a\/1.5\/16\/1f50d.png\" alt=\"\ud83d\udd0d\" width=\"16\" height=\"16\">&nbsp;Dowiecie si\u0119 mi\u0119dzy innymi:<img loading=\"lazy\" decoding=\"async\" src=\"https:\/\/static.xx.fbcdn.net\/images\/emoji.php\/v9\/t15\/1.5\/16\/2139.png\" alt=\"\u2139\ufe0f\" width=\"16\" height=\"16\"> jak wygl\u0105da kwatera Wojska Polskiego w Zadro\u017cu <img loading=\"lazy\" decoding=\"async\" src=\"https:\/\/static.xx.fbcdn.net\/images\/emoji.php\/v9\/t8f\/1.5\/16\/2694.png\" alt=\"\u2694\ufe0f\" width=\"16\" height=\"16\"><img loading=\"lazy\" decoding=\"async\" src=\"https:\/\/static.xx.fbcdn.net\/images\/emoji.php\/v9\/t15\/1.5\/16\/2139.png\" alt=\"\u2139\ufe0f\" width=\"16\" height=\"16\"> jak prezentuj\u0105 si\u0119 charakterystyczne drewniane domy w G\u0142ebokim <img loading=\"lazy\" decoding=\"async\" src=\"https:\/\/static.xx.fbcdn.net\/images\/emoji.php\/v9\/t4f\/1.5\/16\/1f3e0.png\" alt=\"\ud83c\udfe0\" width=\"16\" height=\"16\"><img loading=\"lazy\" decoding=\"async\" src=\"https:\/\/static.xx.fbcdn.net\/images\/emoji.php\/v9\/t15\/1.5\/16\/2139.png\" alt=\"\u2139\ufe0f\" width=\"16\" height=\"16\"> ile wzruszenia mo\u017ce spowodowa\u0107 podr\u00f3\u017c do miejsc z dzieci\u0144stwa <img loading=\"lazy\" decoding=\"async\" src=\"https:\/\/static.xx.fbcdn.net\/images\/emoji.php\/v9\/tf3\/1.5\/16\/2764.png\" alt=\"\u2764\ufe0f\" width=\"16\" height=\"16\"><br \/>\n<img loading=\"lazy\" decoding=\"async\" width=\"1024\" height=\"576\" src=\"https:\/\/odraniemen.org\/polacy-na-swiecie\/wp-content\/uploads\/sites\/10\/2020\/09\/118349910_3386625341376113_2141402718236695862_o-1024x576.jpg\" alt=\"\"><br \/>\n&nbsp;<a href=\"https:\/\/odraniemen.org\/blog-podrozniczy\/?p=1315\"><strong>Zapraszamy do czytania! &#8211; Podr\u00f3\u017ce z misj\u0105<\/strong><\/a><\/p>\n","protected":false},"excerpt":{"rendered":"<p>W dzisiejszej ods\u0142onie naszego bloga podr\u00f3\u017cniczego zabierzemy Was w sentymentaln\u0105 podr\u00f3\u017c, jak\u0105 odby\u0142a debiutuj\u0105ca na naszych \u0142amach kole\u017canka Honorata ze Stowarzyszenie Odra-Niemen Oddzia\u0142 Wielkopolska&nbsp;Wyruszy\u0142a ona na tereny dawnego wojew\u00f3dztwa wile\u0144skiego, w okolice miejscowo\u015bci G\u0142\u0119bokie na dzisiejszej Bia\u0142orusi, wraz ze swoim wujkiem, urodzonym tam, jeszcze w Polsce .&nbsp;Wyjazd ten pe\u0142en by\u0142 wzrusze\u0144 i emocji, zapraszamy na &hellip;<\/p>\n<p class=\"read-more\"> <a class=\"\" href=\"https:\/\/odraniemen.org\/polacy-na-swiecie\/2020\/08\/26\/podroze-z-misja-poszukiwanie-wlasnych-korzeni\/\"> <span class=\"screen-reader-text\">Podr\u00f3\u017ce z misj\u0105 &#8211; poszukiwanie w\u0142asnych korzeni<\/span> Read More &raquo;<\/a><\/p>\n","protected":false},"author":9,"featured_media":897,"comment_status":"closed","ping_status":"closed","sticky":false,"template":"","format":"standard","meta":{"site-sidebar-layout":"default","site-content-layout":"default","ast-site-content-layout":"","site-content-style":"default","site-sidebar-style":"default","ast-global-header-display":"","ast-banner-title-visibility":"","ast-main-header-display":"","ast-hfb-above-header-display":"","ast-hfb-below-header-display":"","ast-hfb-mobile-header-display":"","site-post-title":"","ast-breadcrumbs-content":"","ast-featured-img":"","footer-sml-layout":"","theme-transparent-header-meta":"default","adv-header-id-meta":"","stick-header-meta":"","header-above-stick-meta":"","header-main-stick-meta":"","header-below-stick-meta":"","astra-migrate-meta-layouts":"","ast-page-background-enabled":"default","ast-page-background-meta":{"desktop":{"background-color":"","background-image":"","background-repeat":"repeat","background-position":"center center","background-size":"auto","background-attachment":"scroll","background-type":"","background-media":"","overlay-type":"","overlay-color":"","overlay-gradient":""},"tablet":{"background-color":"","background-image":"","background-repeat":"repeat","background-position":"center center","background-size":"auto","background-attachment":"scroll","background-type":"","background-media":"","overlay-type":"","overlay-color":"","overlay-gradient":""},"mobile":{"background-color":"","background-image":"","background-repeat":"repeat","background-position":"center center","background-size":"auto","background-attachment":"scroll","background-type":"","background-media":"","overlay-type":"","overlay-color":"","overlay-gradient":""}},"ast-content-background-meta":{"desktop":{"background-color":"var(--ast-global-color-5)","background-image":"","background-repeat":"repeat","background-position":"center center","background-size":"auto","background-attachment":"scroll","background-type":"","background-media":"","overlay-type":"","overlay-color":"","overlay-gradient":""},"tablet":{"background-color":"var(--ast-global-color-5)","background-image":"","background-repeat":"repeat","background-position":"center center","background-size":"auto","background-attachment":"scroll","background-type":"","background-media":"","overlay-type":"","overlay-color":"","overlay-gradient":""},"mobile":{"background-color":"var(--ast-global-color-5)","background-image":"","background-repeat":"repeat","background-position":"center center","background-size":"auto","background-attachment":"scroll","background-type":"","background-media":"","overlay-type":"","overlay-color":"","overlay-gradient":""}},"footnotes":""},"categories":[36],"tags":[],"yoast_head":"<!-- This site is optimized with the Yoast SEO plugin v21.6 - https:\/\/yoast.com\/wordpress\/plugins\/seo\/ -->\n<title>Podr\u00f3\u017ce z misj\u0105 - poszukiwanie w\u0142asnych korzeni - Polacy Ponad Granicami<\/title>\n<meta name=\"robots\" content=\"index, follow, max-snippet:-1, max-image-preview:large, max-video-preview:-1\" \/>\n<link rel=\"canonical\" href=\"https:\/\/odraniemen.org\/polacy-na-swiecie\/2020\/08\/26\/podroze-z-misja-poszukiwanie-wlasnych-korzeni\/\" \/>\n<meta property=\"og:locale\" content=\"pl_PL\" \/>\n<meta property=\"og:type\" content=\"article\" \/>\n<meta property=\"og:title\" content=\"Podr\u00f3\u017ce z misj\u0105 - poszukiwanie w\u0142asnych korzeni - Polacy Ponad Granicami\" \/>\n<meta property=\"og:description\" content=\"W dzisiejszej ods\u0142onie naszego bloga podr\u00f3\u017cniczego zabierzemy Was w sentymentaln\u0105 podr\u00f3\u017c, jak\u0105 odby\u0142a debiutuj\u0105ca na naszych \u0142amach kole\u017canka Honorata ze Stowarzyszenie Odra-Niemen Oddzia\u0142 Wielkopolska&nbsp;Wyruszy\u0142a ona na tereny dawnego wojew\u00f3dztwa wile\u0144skiego, w okolice miejscowo\u015bci G\u0142\u0119bokie na dzisiejszej Bia\u0142orusi, wraz ze swoim wujkiem, urodzonym tam, jeszcze w Polsce .&nbsp;Wyjazd ten pe\u0142en by\u0142 wzrusze\u0144 i emocji, zapraszamy na &hellip; Podr\u00f3\u017ce z misj\u0105 &#8211; poszukiwanie w\u0142asnych korzeni Read More &raquo;\" \/>\n<meta property=\"og:url\" content=\"https:\/\/odraniemen.org\/polacy-na-swiecie\/2020\/08\/26\/podroze-z-misja-poszukiwanie-wlasnych-korzeni\/\" \/>\n<meta property=\"og:site_name\" content=\"Polacy Ponad Granicami\" \/>\n<meta property=\"article:published_time\" content=\"2020-08-26T11:20:00+00:00\" \/>\n<meta property=\"article:modified_time\" content=\"2021-11-23T16:42:01+00:00\" \/>\n<meta property=\"og:image\" content=\"https:\/\/odraniemen.org\/polacy-na-swiecie\/wp-content\/uploads\/sites\/10\/2020\/09\/118349910_3386625341376113_2141402718236695862_o.jpg\" \/>\n\t<meta property=\"og:image:width\" content=\"1280\" \/>\n\t<meta property=\"og:image:height\" content=\"720\" \/>\n\t<meta property=\"og:image:type\" content=\"image\/jpeg\" \/>\n<meta name=\"author\" content=\"Ilona Gosiewska\" \/>\n<meta name=\"twitter:card\" content=\"summary_large_image\" \/>\n<meta name=\"twitter:label1\" content=\"Napisane przez\" \/>\n\t<meta name=\"twitter:data1\" content=\"Ilona Gosiewska\" \/>\n\t<meta name=\"twitter:label2\" content=\"Szacowany czas czytania\" \/>\n\t<meta name=\"twitter:data2\" content=\"1 minuta\" \/>\n<script type=\"application\/ld+json\" class=\"yoast-schema-graph\">{\"@context\":\"https:\/\/schema.org\",\"@graph\":[{\"@type\":\"Article\",\"@id\":\"https:\/\/odraniemen.org\/polacy-na-swiecie\/2020\/08\/26\/podroze-z-misja-poszukiwanie-wlasnych-korzeni\/#article\",\"isPartOf\":{\"@id\":\"https:\/\/odraniemen.org\/polacy-na-swiecie\/2020\/08\/26\/podroze-z-misja-poszukiwanie-wlasnych-korzeni\/\"},\"author\":{\"name\":\"Ilona Gosiewska\",\"@id\":\"https:\/\/odraniemen.org\/polacy-na-swiecie\/#\/schema\/person\/85e3fc29d5c98d8d1ff079bb7dfcfd50\"},\"headline\":\"Podr\u00f3\u017ce z misj\u0105 &#8211; poszukiwanie w\u0142asnych korzeni\",\"datePublished\":\"2020-08-26T11:20:00+00:00\",\"dateModified\":\"2021-11-23T16:42:01+00:00\",\"mainEntityOfPage\":{\"@id\":\"https:\/\/odraniemen.org\/polacy-na-swiecie\/2020\/08\/26\/podroze-z-misja-poszukiwanie-wlasnych-korzeni\/\"},\"wordCount\":126,\"publisher\":{\"@id\":\"https:\/\/odraniemen.org\/polacy-na-swiecie\/#organization\"},\"articleSection\":[\"Archiwum aktualno\u015bci\"],\"inLanguage\":\"pl-PL\"},{\"@type\":\"WebPage\",\"@id\":\"https:\/\/odraniemen.org\/polacy-na-swiecie\/2020\/08\/26\/podroze-z-misja-poszukiwanie-wlasnych-korzeni\/\",\"url\":\"https:\/\/odraniemen.org\/polacy-na-swiecie\/2020\/08\/26\/podroze-z-misja-poszukiwanie-wlasnych-korzeni\/\",\"name\":\"Podr\u00f3\u017ce z misj\u0105 - poszukiwanie w\u0142asnych korzeni - Polacy Ponad Granicami\",\"isPartOf\":{\"@id\":\"https:\/\/odraniemen.org\/polacy-na-swiecie\/#website\"},\"datePublished\":\"2020-08-26T11:20:00+00:00\",\"dateModified\":\"2021-11-23T16:42:01+00:00\",\"breadcrumb\":{\"@id\":\"https:\/\/odraniemen.org\/polacy-na-swiecie\/2020\/08\/26\/podroze-z-misja-poszukiwanie-wlasnych-korzeni\/#breadcrumb\"},\"inLanguage\":\"pl-PL\",\"potentialAction\":[{\"@type\":\"ReadAction\",\"target\":[\"https:\/\/odraniemen.org\/polacy-na-swiecie\/2020\/08\/26\/podroze-z-misja-poszukiwanie-wlasnych-korzeni\/\"]}]},{\"@type\":\"BreadcrumbList\",\"@id\":\"https:\/\/odraniemen.org\/polacy-na-swiecie\/2020\/08\/26\/podroze-z-misja-poszukiwanie-wlasnych-korzeni\/#breadcrumb\",\"itemListElement\":[{\"@type\":\"ListItem\",\"position\":1,\"name\":\"Strona g\u0142\u00f3wna\",\"item\":\"https:\/\/odraniemen.org\/polacy-na-swiecie\/\"},{\"@type\":\"ListItem\",\"position\":2,\"name\":\"Podr\u00f3\u017ce z misj\u0105 &#8211; poszukiwanie w\u0142asnych korzeni\"}]},{\"@type\":\"WebSite\",\"@id\":\"https:\/\/odraniemen.org\/polacy-na-swiecie\/#website\",\"url\":\"https:\/\/odraniemen.org\/polacy-na-swiecie\/\",\"name\":\"Polacy Ponad Granicami\",\"description\":\"Kolejna witryna sieci \u201eOdra-Niemen Witryny\u201d\",\"publisher\":{\"@id\":\"https:\/\/odraniemen.org\/polacy-na-swiecie\/#organization\"},\"potentialAction\":[{\"@type\":\"SearchAction\",\"target\":{\"@type\":\"EntryPoint\",\"urlTemplate\":\"https:\/\/odraniemen.org\/polacy-na-swiecie\/?s={search_term_string}\"},\"query-input\":\"required name=search_term_string\"}],\"inLanguage\":\"pl-PL\"},{\"@type\":\"Organization\",\"@id\":\"https:\/\/odraniemen.org\/polacy-na-swiecie\/#organization\",\"name\":\"Polacy Ponad Granicami\",\"url\":\"https:\/\/odraniemen.org\/polacy-na-swiecie\/\",\"logo\":{\"@type\":\"ImageObject\",\"inLanguage\":\"pl-PL\",\"@id\":\"https:\/\/odraniemen.org\/polacy-na-swiecie\/#\/schema\/logo\/image\/\",\"url\":\"https:\/\/odraniemen.org\/polacy-na-swiecie\/wp-content\/uploads\/sites\/10\/2025\/06\/cropped-Polacy-PONAD-GRANICAMI-logo.png\",\"contentUrl\":\"https:\/\/odraniemen.org\/polacy-na-swiecie\/wp-content\/uploads\/sites\/10\/2025\/06\/cropped-Polacy-PONAD-GRANICAMI-logo.png\",\"width\":1546,\"height\":454,\"caption\":\"Polacy Ponad Granicami\"},\"image\":{\"@id\":\"https:\/\/odraniemen.org\/polacy-na-swiecie\/#\/schema\/logo\/image\/\"}},{\"@type\":\"Person\",\"@id\":\"https:\/\/odraniemen.org\/polacy-na-swiecie\/#\/schema\/person\/85e3fc29d5c98d8d1ff079bb7dfcfd50\",\"name\":\"Ilona Gosiewska\",\"image\":{\"@type\":\"ImageObject\",\"inLanguage\":\"pl-PL\",\"@id\":\"https:\/\/odraniemen.org\/polacy-na-swiecie\/#\/schema\/person\/image\/\",\"url\":\"https:\/\/secure.gravatar.com\/avatar\/3d19ad97584bcf1e751bb6463745fd62?s=96&d=mm&r=g\",\"contentUrl\":\"https:\/\/secure.gravatar.com\/avatar\/3d19ad97584bcf1e751bb6463745fd62?s=96&d=mm&r=g\",\"caption\":\"Ilona Gosiewska\"},\"url\":\"https:\/\/odraniemen.org\/polacy-na-swiecie\/author\/igosiewska\/\"}]}<\/script>\n<!-- \/ Yoast SEO plugin. -->","yoast_head_json":{"title":"Podr\u00f3\u017ce z misj\u0105 - poszukiwanie w\u0142asnych korzeni - Polacy Ponad Granicami","robots":{"index":"index","follow":"follow","max-snippet":"max-snippet:-1","max-image-preview":"max-image-preview:large","max-video-preview":"max-video-preview:-1"},"canonical":"https:\/\/odraniemen.org\/polacy-na-swiecie\/2020\/08\/26\/podroze-z-misja-poszukiwanie-wlasnych-korzeni\/","og_locale":"pl_PL","og_type":"article","og_title":"Podr\u00f3\u017ce z misj\u0105 - poszukiwanie w\u0142asnych korzeni - Polacy Ponad Granicami","og_description":"W dzisiejszej ods\u0142onie naszego bloga podr\u00f3\u017cniczego zabierzemy Was w sentymentaln\u0105 podr\u00f3\u017c, jak\u0105 odby\u0142a debiutuj\u0105ca na naszych \u0142amach kole\u017canka Honorata ze Stowarzyszenie Odra-Niemen Oddzia\u0142 Wielkopolska&nbsp;Wyruszy\u0142a ona na tereny dawnego wojew\u00f3dztwa wile\u0144skiego, w okolice miejscowo\u015bci G\u0142\u0119bokie na dzisiejszej Bia\u0142orusi, wraz ze swoim wujkiem, urodzonym tam, jeszcze w Polsce .&nbsp;Wyjazd ten pe\u0142en by\u0142 wzrusze\u0144 i emocji, zapraszamy na &hellip; Podr\u00f3\u017ce z misj\u0105 &#8211; poszukiwanie w\u0142asnych korzeni Read More &raquo;","og_url":"https:\/\/odraniemen.org\/polacy-na-swiecie\/2020\/08\/26\/podroze-z-misja-poszukiwanie-wlasnych-korzeni\/","og_site_name":"Polacy Ponad Granicami","article_published_time":"2020-08-26T11:20:00+00:00","article_modified_time":"2021-11-23T16:42:01+00:00","og_image":[{"width":1280,"height":720,"url":"https:\/\/odraniemen.org\/polacy-na-swiecie\/wp-content\/uploads\/sites\/10\/2020\/09\/118349910_3386625341376113_2141402718236695862_o.jpg","type":"image\/jpeg"}],"author":"Ilona Gosiewska","twitter_card":"summary_large_image","twitter_misc":{"Napisane przez":"Ilona Gosiewska","Szacowany czas czytania":"1 minuta"},"schema":{"@context":"https:\/\/schema.org","@graph":[{"@type":"Article","@id":"https:\/\/odraniemen.org\/polacy-na-swiecie\/2020\/08\/26\/podroze-z-misja-poszukiwanie-wlasnych-korzeni\/#article","isPartOf":{"@id":"https:\/\/odraniemen.org\/polacy-na-swiecie\/2020\/08\/26\/podroze-z-misja-poszukiwanie-wlasnych-korzeni\/"},"author":{"name":"Ilona Gosiewska","@id":"https:\/\/odraniemen.org\/polacy-na-swiecie\/#\/schema\/person\/85e3fc29d5c98d8d1ff079bb7dfcfd50"},"headline":"Podr\u00f3\u017ce z misj\u0105 &#8211; poszukiwanie w\u0142asnych korzeni","datePublished":"2020-08-26T11:20:00+00:00","dateModified":"2021-11-23T16:42:01+00:00","mainEntityOfPage":{"@id":"https:\/\/odraniemen.org\/polacy-na-swiecie\/2020\/08\/26\/podroze-z-misja-poszukiwanie-wlasnych-korzeni\/"},"wordCount":126,"publisher":{"@id":"https:\/\/odraniemen.org\/polacy-na-swiecie\/#organization"},"articleSection":["Archiwum aktualno\u015bci"],"inLanguage":"pl-PL"},{"@type":"WebPage","@id":"https:\/\/odraniemen.org\/polacy-na-swiecie\/2020\/08\/26\/podroze-z-misja-poszukiwanie-wlasnych-korzeni\/","url":"https:\/\/odraniemen.org\/polacy-na-swiecie\/2020\/08\/26\/podroze-z-misja-poszukiwanie-wlasnych-korzeni\/","name":"Podr\u00f3\u017ce z misj\u0105 - poszukiwanie w\u0142asnych korzeni - Polacy Ponad Granicami","isPartOf":{"@id":"https:\/\/odraniemen.org\/polacy-na-swiecie\/#website"},"datePublished":"2020-08-26T11:20:00+00:00","dateModified":"2021-11-23T16:42:01+00:00","breadcrumb":{"@id":"https:\/\/odraniemen.org\/polacy-na-swiecie\/2020\/08\/26\/podroze-z-misja-poszukiwanie-wlasnych-korzeni\/#breadcrumb"},"inLanguage":"pl-PL","potentialAction":[{"@type":"ReadAction","target":["https:\/\/odraniemen.org\/polacy-na-swiecie\/2020\/08\/26\/podroze-z-misja-poszukiwanie-wlasnych-korzeni\/"]}]},{"@type":"BreadcrumbList","@id":"https:\/\/odraniemen.org\/polacy-na-swiecie\/2020\/08\/26\/podroze-z-misja-poszukiwanie-wlasnych-korzeni\/#breadcrumb","itemListElement":[{"@type":"ListItem","position":1,"name":"Strona g\u0142\u00f3wna","item":"https:\/\/odraniemen.org\/polacy-na-swiecie\/"},{"@type":"ListItem","position":2,"name":"Podr\u00f3\u017ce z misj\u0105 &#8211; poszukiwanie w\u0142asnych korzeni"}]},{"@type":"WebSite","@id":"https:\/\/odraniemen.org\/polacy-na-swiecie\/#website","url":"https:\/\/odraniemen.org\/polacy-na-swiecie\/","name":"Polacy Ponad Granicami","description":"Kolejna witryna sieci \u201eOdra-Niemen Witryny\u201d","publisher":{"@id":"https:\/\/odraniemen.org\/polacy-na-swiecie\/#organization"},"potentialAction":[{"@type":"SearchAction","target":{"@type":"EntryPoint","urlTemplate":"https:\/\/odraniemen.org\/polacy-na-swiecie\/?s={search_term_string}"},"query-input":"required name=search_term_string"}],"inLanguage":"pl-PL"},{"@type":"Organization","@id":"https:\/\/odraniemen.org\/polacy-na-swiecie\/#organization","name":"Polacy Ponad Granicami","url":"https:\/\/odraniemen.org\/polacy-na-swiecie\/","logo":{"@type":"ImageObject","inLanguage":"pl-PL","@id":"https:\/\/odraniemen.org\/polacy-na-swiecie\/#\/schema\/logo\/image\/","url":"https:\/\/odraniemen.org\/polacy-na-swiecie\/wp-content\/uploads\/sites\/10\/2025\/06\/cropped-Polacy-PONAD-GRANICAMI-logo.png","contentUrl":"https:\/\/odraniemen.org\/polacy-na-swiecie\/wp-content\/uploads\/sites\/10\/2025\/06\/cropped-Polacy-PONAD-GRANICAMI-logo.png","width":1546,"height":454,"caption":"Polacy Ponad Granicami"},"image":{"@id":"https:\/\/odraniemen.org\/polacy-na-swiecie\/#\/schema\/logo\/image\/"}},{"@type":"Person","@id":"https:\/\/odraniemen.org\/polacy-na-swiecie\/#\/schema\/person\/85e3fc29d5c98d8d1ff079bb7dfcfd50","name":"Ilona Gosiewska","image":{"@type":"ImageObject","inLanguage":"pl-PL","@id":"https:\/\/odraniemen.org\/polacy-na-swiecie\/#\/schema\/person\/image\/","url":"https:\/\/secure.gravatar.com\/avatar\/3d19ad97584bcf1e751bb6463745fd62?s=96&d=mm&r=g","contentUrl":"https:\/\/secure.gravatar.com\/avatar\/3d19ad97584bcf1e751bb6463745fd62?s=96&d=mm&r=g","caption":"Ilona Gosiewska"},"url":"https:\/\/odraniemen.org\/polacy-na-swiecie\/author\/igosiewska\/"}]}},"_links":{"self":[{"href":"https:\/\/odraniemen.org\/polacy-na-swiecie\/wp-json\/wp\/v2\/posts\/896"}],"collection":[{"href":"https:\/\/odraniemen.org\/polacy-na-swiecie\/wp-json\/wp\/v2\/posts"}],"about":[{"href":"https:\/\/odraniemen.org\/polacy-na-swiecie\/wp-json\/wp\/v2\/types\/post"}],"author":[{"embeddable":true,"href":"https:\/\/odraniemen.org\/polacy-na-swiecie\/wp-json\/wp\/v2\/users\/9"}],"replies":[{"embeddable":true,"href":"https:\/\/odraniemen.org\/polacy-na-swiecie\/wp-json\/wp\/v2\/comments?post=896"}],"version-history":[{"count":1,"href":"https:\/\/odraniemen.org\/polacy-na-swiecie\/wp-json\/wp\/v2\/posts\/896\/revisions"}],"predecessor-version":[{"id":898,"href":"https:\/\/odraniemen.org\/polacy-na-swiecie\/wp-json\/wp\/v2\/posts\/896\/revisions\/898"}],"wp:featuredmedia":[{"embeddable":true,"href":"https:\/\/odraniemen.org\/polacy-na-swiecie\/wp-json\/wp\/v2\/media\/897"}],"wp:attachment":[{"href":"https:\/\/odraniemen.org\/polacy-na-swiecie\/wp-json\/wp\/v2\/media?parent=896"}],"wp:term":[{"taxonomy":"category","embeddable":true,"href":"https:\/\/odraniemen.org\/polacy-na-swiecie\/wp-json\/wp\/v2\/categories?post=896"},{"taxonomy":"post_tag","embeddable":true,"href":"https:\/\/odraniemen.org\/polacy-na-swiecie\/wp-json\/wp\/v2\/tags?post=896"}],"curies":[{"name":"wp","href":"https:\/\/api.w.org\/{rel}","templated":true}]}}