
{"id":946,"date":"2020-11-23T20:51:00","date_gmt":"2020-11-23T19:51:00","guid":{"rendered":"https:\/\/odraniemen.org\/polacy-na-swiecie\/2020\/11\/23\/warsztaty-filmowe\/"},"modified":"2020-12-10T21:58:51","modified_gmt":"2020-12-10T20:58:51","slug":"warsztaty-filmowe","status":"publish","type":"post","link":"https:\/\/odraniemen.org\/polacy-na-swiecie\/2020\/11\/23\/warsztaty-filmowe\/","title":{"rendered":"Warsztaty filmowe"},"content":{"rendered":"<p>Projekt <strong>\u201eDla Niepodleg\u0142ej. Warsztaty filmowe on-line&#8221; <\/strong>jest g\u0142\u00f3wnie adresowany do polskiej m\u0142odzie\u017c y z Litwy, Ukrainy, Czech i Bia\u0142orusi\u201d, zapraszamy jednak wszystkich ch\u0119tnych do niezwyk\u0142ej przygody prowadzonej przez m\u0142odych, fantastycznych tw\u00f3rc\u00f3w.&nbsp; Zadanie ma kilka etap\u00f3w realizacji:<\/p>\n<ul>\n<li>\n\t\t\t\t\t\t\t\t\t\tKonkurs filmowy dla polskiej m\u0142odzie\u017cy, z atrakcyjnymi nagrodami<\/li>\n<li>\n\t\t\t\t\t\t\t\t\t\tPraktyczne szkolenie on-line \u201eTajniki tworzenia autorskiego filmu\u201d, wsparcie dla uczestnik\u00f3w konkursu i ch\u0119tnych m\u0142odych os\u00f3b<\/li>\n<li>\n\t\t\t\t\t<a href=\"https:\/\/odraniemen.org\/wp-content\/uploads\/2020\/09\/Warsztaty-filmowe_Pakiet-edukacyjny-dla-polskich-srodowisk-za-granica.pdf\"><br \/>\nProfesjonalny pakiet edukacyjny dla polskich \u015brodowisk, wzmacniaj\u0105cy edukacj\u0119 historyczn\u0105 i rozw\u00f3j artystycznych zainteresowa\u0144 uczni\u00f3w ZOBACZ<br \/>\n<\/a><\/li>\n<\/ul>\n<p><img decoding=\"async\" width=\"960\" height=\"720\" src=\"https:\/\/odraniemen.org\/polacy-na-swiecie\/wp-content\/uploads\/sites\/10\/2020\/11\/facebook_1606505775806_6738173601487364018.jpg\" alt=\"\" loading=\"lazy\"><\/p>\n<p>Projekt jest realizowany przez zesp\u00f3\u0142 Stowarzyszenia Odra-Niemen, Zarz\u0105d G\u0142\u00f3wny we Wroc\u0142awiu, koordynatorka Ilona Gosiewska oraz przez grup\u0119 m\u0142odych, profesjonalnych artyst\u00f3w multimedialnych, kt\u00f3remu przewodzi <strong>Pawe\u0142 (UNDER) Przewo\u017any.<\/strong> Od kilku lat prowadzi z sukcesem warsztaty filmowo-muzyczne, spotkanie motywacyjne dla doros\u0142ych i m\u0142odzie\u017cy.&nbsp; Tw\u00f3rca filmowy, re\u017cyser i raper, m\u00f3wca motywacyjny.&nbsp; Laureat wielu presti\u017cowych konkurs\u00f3w i festiwali filmowych. W\u0142a\u015bciciel agencji reklamowej produkuj\u0105cej kampanie dla krajowych i mi\u0119dzynarodowych korporacji, organizacji, instytucji pa\u0144stwowych.&nbsp;<\/p>\n<p><img decoding=\"async\" width=\"1024\" height=\"768\" src=\"https:\/\/odraniemen.org\/polacy-na-swiecie\/wp-content\/uploads\/sites\/10\/2020\/11\/IMG_20201120_122826-1024x768.jpg\" alt=\"\" loading=\"lazy\"><\/p>\n<h2>Konkurs filmowy &#8211; zaporszenie do udzia\u0142u<\/h2>\n<p><strong>!<\/strong> Konkurs filmowy polega na nagraniu filmu o wyj\u0105tkowej osobie ze swojej rodziny, b\u0105d\u017a kombatancie, \u015bwiadku historii, kogo\u015b kto ma wyj\u0105tkow\u0105 histori\u0119 swojego \u017cycia lub charyzm\u0119 w najbli\u017cszej okolicy. Dokument mo\u017ce dotyczy\u0107 te\u017c wydarzenia historycznego maj\u0105cego wp\u0142yw na lokaln\u0105 spo\u0142eczno\u015b\u0107. Innym tematem mo\u017ce by\u0107 nawi\u0105zanie do wydarze\u0144 z polskiej historii.<\/p>\n<p><strong>!! <\/strong>Uczestnikami konkursu s\u0105 uczniowie polskich klas w wieku od 13-18 lat<\/p>\n<p><strong>! ! !<\/strong> Zostanie wy\u0142onionych 5 laureat\u00f3w, a nagrod\u0105 b\u0119dzie bon na 500 PLN przeznaczony na zakup sprz\u0119tu do nagrywania prostych form filmowych. Nagrodzone materia\u0142y b\u0119d\u0105 pokazywane w Polsce, na r\u00f3\u017cnych wydarzeniach i pokazach&nbsp; Dodatkowo ka\u017cdy laureat otrzyma pakiet gier i materia\u0142\u00f3w o tematyce historycznej i p\u0142yt\u0119 Paw\u0142a UNDERA Przewo\u017anego \u201ePATRIOT. Opowie\u015b\u0107 historii Polski rapem\u201d.<\/p>\n<p><em><strong>Wyniki konkursu b\u0119d\u0105 podane na stronie Organizatora <a href=\"http:\/\/www.odarniemen.org\">www.odarniemen.org<\/a>&nbsp; w dniu&nbsp; 29.12.2020<\/strong><\/em><\/p>\n<div class=\"ast-oembed-container \" style=\"height: 100%;\"><iframe loading=\"lazy\" title=\"Zaproszenie do udzia\u0142u w konkursie filmowym! szczeg\u00f3\u0142y w opisie filmu\" width=\"500\" height=\"281\" src=\"https:\/\/www.youtube.com\/embed\/p0c3vi-Epk8?feature=oembed\" frameborder=\"0\" allow=\"accelerometer; autoplay; clipboard-write; encrypted-media; gyroscope; picture-in-picture\" allowfullscreen><\/iframe><\/div>\n<ul>\n<li>\n\t\t\t\t\t\t\t\t\t\tTermin nadsy\u0142ania film\u00f3w \u2013 do 21.12.2020<\/li>\n<li>\n\t\t\t\t\t\t\t\t\t\tCzas dokument\u00f3w \u2013 do 10 minut<\/li>\n<li>\n\t\t\t\t\t\t\t\t\t\tInformacje o filmie: tytu\u0142 filmu, kraj tworzenia dokumentu, czas trwania<\/li>\n<li>\n\t\t\t\t\t\t\t\t\t\tZg\u0142aszaj\u0105ca\/y film: Imi\u0119 i nazwisko, telefon, mail, adres zamieszkania, data urodzenia<\/li>\n<li>\n\t\t\t\t\t\t\t\t\t\tStreszczenie filmu: do 500 znak\u00f3w<\/li>\n<li>\n\t\t\t\t\t\t\t\t\t\t&nbsp;Filmy powinny by\u0107 tworzone w j\u0119zyku polskim<\/li>\n<\/ul>\n<p><em><strong>Materia\u0142y filmowe mo\u017cna przesy\u0142a\u0107 drog\u0105 mailow\u0105 na adres: <a href=\"mailto:i.gosiewska@odraniemen.org\">i.gosiewska@odraniemen.org&nbsp;<\/a><\/strong><\/em><em style=\"font-size: 16px\"><strong>(podanie linku do \u015bci\u0105gni\u0119cia filmu np. WeTransferem)&nbsp;<\/strong><\/em><\/p>\n<h2>Filmowe szkolenie on-line<\/h2>\n<p>Webinarium to wsparcie edukacyjne dla os\u00f3b, kt\u00f3re chc\u0105 wzi\u0105\u0107 udzia\u0142 w konkursie filmowym, ale te\u017c dla ch\u0119tnych, kt\u00f3rzy chc\u0105 pozna\u0107 techniki pracy m\u0142odego, utalentowanego artysty Paw\u0142a Przewo\u017anego.<\/p>\n<p>Warsztat to praktyczne zaj\u0119cia z&nbsp; podstaw tworzenia autorskiego filmu. Czas trwania szkolenia to 45 min. Tryb spotkania&nbsp; Q&amp;A &#8211; mo\u017cliwo\u015b\u0107 zadawania bezpo\u015brednich pyta\u0144 re\u017cyserowi. Zaj\u0119cia b\u0119d\u0105 prowadzone ze studia Paw\u0142a Przewo\u017anego.<\/p>\n<p style=\"text-align: center\"><strong>ZAPRASZAMY<\/strong><\/p>\n<div class=\"ast-oembed-container \" style=\"height: 100%;\"><iframe loading=\"lazy\" title=\"Zaproszenie na szkolenie filmowe on line dla m\u0142odych tw\u00f3rc\u00f3w\" width=\"500\" height=\"281\" src=\"https:\/\/www.youtube.com\/embed\/YqqpPS-ebcs?feature=oembed\" frameborder=\"0\" allow=\"accelerometer; autoplay; clipboard-write; encrypted-media; gyroscope; picture-in-picture\" allowfullscreen><\/iframe><\/div>\n<ul>\n<li>\n\t\t\t\t\t\t\t\t\t\tWarsztat jest adresowany do pierwszych zg\u0142oszonych 25&nbsp; os\u00f3b.<\/li>\n<li>\n\t\t\t\t\t\t\t\t\t\tTermin szkolenia: 4.12.2020 godzina 12.00<\/li>\n<li>\n\t\t\t\t\t\t\t\t\t\tZg\u0142oszenia uczestnik\u00f3w do 3.12.2020 na adres i.gosiewska@odraniemen.org<\/li>\n<\/ul>\n<p><em><strong>Projekt finansowany ze \u015brodk\u00f3w Kancelarii Prezesa Rady Ministr\u00f3w w ramach zadania publicznego dotycz\u0105cego pomocy Polonii i Polakom za granic\u0105.<\/strong><\/em><\/p>\n<p><img decoding=\"async\" width=\"1024\" height=\"341\" src=\"https:\/\/odraniemen.org\/wp-content\/uploads\/2020\/09\/logo-podstawowe-NEW_colored_on_blue-1024x341.png\" alt=\"\" loading=\"lazy\"><\/p>\n","protected":false},"excerpt":{"rendered":"<p>Konkurs filmowy, szkolenia on-line z re\u017cyserem, profesjonalny pakiet edukacyjny dla polskich \u015brodowisk zza granicy. ZG\u0141O\u015a SI\u0118! <\/p>\n","protected":false},"author":9,"featured_media":886,"comment_status":"closed","ping_status":"closed","sticky":false,"template":"","format":"standard","meta":{"site-sidebar-layout":"default","site-content-layout":"default","ast-site-content-layout":"","site-content-style":"default","site-sidebar-style":"default","ast-global-header-display":"","ast-banner-title-visibility":"","ast-main-header-display":"","ast-hfb-above-header-display":"","ast-hfb-below-header-display":"","ast-hfb-mobile-header-display":"","site-post-title":"","ast-breadcrumbs-content":"","ast-featured-img":"","footer-sml-layout":"","theme-transparent-header-meta":"default","adv-header-id-meta":"","stick-header-meta":"","header-above-stick-meta":"","header-main-stick-meta":"","header-below-stick-meta":"","astra-migrate-meta-layouts":"","ast-page-background-enabled":"default","ast-page-background-meta":{"desktop":{"background-color":"","background-image":"","background-repeat":"repeat","background-position":"center center","background-size":"auto","background-attachment":"scroll","background-type":"","background-media":"","overlay-type":"","overlay-color":"","overlay-gradient":""},"tablet":{"background-color":"","background-image":"","background-repeat":"repeat","background-position":"center center","background-size":"auto","background-attachment":"scroll","background-type":"","background-media":"","overlay-type":"","overlay-color":"","overlay-gradient":""},"mobile":{"background-color":"","background-image":"","background-repeat":"repeat","background-position":"center center","background-size":"auto","background-attachment":"scroll","background-type":"","background-media":"","overlay-type":"","overlay-color":"","overlay-gradient":""}},"ast-content-background-meta":{"desktop":{"background-color":"var(--ast-global-color-5)","background-image":"","background-repeat":"repeat","background-position":"center center","background-size":"auto","background-attachment":"scroll","background-type":"","background-media":"","overlay-type":"","overlay-color":"","overlay-gradient":""},"tablet":{"background-color":"var(--ast-global-color-5)","background-image":"","background-repeat":"repeat","background-position":"center center","background-size":"auto","background-attachment":"scroll","background-type":"","background-media":"","overlay-type":"","overlay-color":"","overlay-gradient":""},"mobile":{"background-color":"var(--ast-global-color-5)","background-image":"","background-repeat":"repeat","background-position":"center center","background-size":"auto","background-attachment":"scroll","background-type":"","background-media":"","overlay-type":"","overlay-color":"","overlay-gradient":""}},"footnotes":""},"categories":[17],"tags":[],"yoast_head":"<!-- This site is optimized with the Yoast SEO plugin v21.6 - https:\/\/yoast.com\/wordpress\/plugins\/seo\/ -->\n<title>Warsztaty filmowe - Polacy Ponad Granicami<\/title>\n<meta name=\"robots\" content=\"index, follow, max-snippet:-1, max-image-preview:large, max-video-preview:-1\" \/>\n<link rel=\"canonical\" href=\"https:\/\/odraniemen.org\/polacy-na-swiecie\/2020\/11\/23\/warsztaty-filmowe\/\" \/>\n<meta property=\"og:locale\" content=\"pl_PL\" \/>\n<meta property=\"og:type\" content=\"article\" \/>\n<meta property=\"og:title\" content=\"Warsztaty filmowe - Polacy Ponad Granicami\" \/>\n<meta property=\"og:description\" content=\"Konkurs filmowy, szkolenia on-line z re\u017cyserem, profesjonalny pakiet edukacyjny dla polskich \u015brodowisk zza granicy. ZG\u0141O\u015a SI\u0118!\" \/>\n<meta property=\"og:url\" content=\"https:\/\/odraniemen.org\/polacy-na-swiecie\/2020\/11\/23\/warsztaty-filmowe\/\" \/>\n<meta property=\"og:site_name\" content=\"Polacy Ponad Granicami\" \/>\n<meta property=\"article:published_time\" content=\"2020-11-23T19:51:00+00:00\" \/>\n<meta property=\"article:modified_time\" content=\"2020-12-10T20:58:51+00:00\" \/>\n<meta property=\"og:image\" content=\"https:\/\/odraniemen.org\/polacy-na-swiecie\/wp-content\/uploads\/sites\/10\/2020\/09\/20200820_0839333-scaled.jpg\" \/>\n\t<meta property=\"og:image:width\" content=\"2048\" \/>\n\t<meta property=\"og:image:height\" content=\"1536\" \/>\n\t<meta property=\"og:image:type\" content=\"image\/jpeg\" \/>\n<meta name=\"author\" content=\"Ilona Gosiewska\" \/>\n<meta name=\"twitter:card\" content=\"summary_large_image\" \/>\n<meta name=\"twitter:label1\" content=\"Napisane przez\" \/>\n\t<meta name=\"twitter:data1\" content=\"Ilona Gosiewska\" \/>\n\t<meta name=\"twitter:label2\" content=\"Szacowany czas czytania\" \/>\n\t<meta name=\"twitter:data2\" content=\"3 minuty\" \/>\n<script type=\"application\/ld+json\" class=\"yoast-schema-graph\">{\"@context\":\"https:\/\/schema.org\",\"@graph\":[{\"@type\":\"Article\",\"@id\":\"https:\/\/odraniemen.org\/polacy-na-swiecie\/2020\/11\/23\/warsztaty-filmowe\/#article\",\"isPartOf\":{\"@id\":\"https:\/\/odraniemen.org\/polacy-na-swiecie\/2020\/11\/23\/warsztaty-filmowe\/\"},\"author\":{\"name\":\"Ilona Gosiewska\",\"@id\":\"https:\/\/odraniemen.org\/polacy-na-swiecie\/#\/schema\/person\/85e3fc29d5c98d8d1ff079bb7dfcfd50\"},\"headline\":\"Warsztaty filmowe\",\"datePublished\":\"2020-11-23T19:51:00+00:00\",\"dateModified\":\"2020-12-10T20:58:51+00:00\",\"mainEntityOfPage\":{\"@id\":\"https:\/\/odraniemen.org\/polacy-na-swiecie\/2020\/11\/23\/warsztaty-filmowe\/\"},\"wordCount\":552,\"publisher\":{\"@id\":\"https:\/\/odraniemen.org\/polacy-na-swiecie\/#organization\"},\"articleSection\":[\"Aktualno\u015bci\"],\"inLanguage\":\"pl-PL\"},{\"@type\":\"WebPage\",\"@id\":\"https:\/\/odraniemen.org\/polacy-na-swiecie\/2020\/11\/23\/warsztaty-filmowe\/\",\"url\":\"https:\/\/odraniemen.org\/polacy-na-swiecie\/2020\/11\/23\/warsztaty-filmowe\/\",\"name\":\"Warsztaty filmowe - Polacy Ponad Granicami\",\"isPartOf\":{\"@id\":\"https:\/\/odraniemen.org\/polacy-na-swiecie\/#website\"},\"datePublished\":\"2020-11-23T19:51:00+00:00\",\"dateModified\":\"2020-12-10T20:58:51+00:00\",\"breadcrumb\":{\"@id\":\"https:\/\/odraniemen.org\/polacy-na-swiecie\/2020\/11\/23\/warsztaty-filmowe\/#breadcrumb\"},\"inLanguage\":\"pl-PL\",\"potentialAction\":[{\"@type\":\"ReadAction\",\"target\":[\"https:\/\/odraniemen.org\/polacy-na-swiecie\/2020\/11\/23\/warsztaty-filmowe\/\"]}]},{\"@type\":\"BreadcrumbList\",\"@id\":\"https:\/\/odraniemen.org\/polacy-na-swiecie\/2020\/11\/23\/warsztaty-filmowe\/#breadcrumb\",\"itemListElement\":[{\"@type\":\"ListItem\",\"position\":1,\"name\":\"Strona g\u0142\u00f3wna\",\"item\":\"https:\/\/odraniemen.org\/polacy-na-swiecie\/\"},{\"@type\":\"ListItem\",\"position\":2,\"name\":\"Warsztaty filmowe\"}]},{\"@type\":\"WebSite\",\"@id\":\"https:\/\/odraniemen.org\/polacy-na-swiecie\/#website\",\"url\":\"https:\/\/odraniemen.org\/polacy-na-swiecie\/\",\"name\":\"Polacy Ponad Granicami\",\"description\":\"Kolejna witryna sieci \u201eOdra-Niemen Witryny\u201d\",\"publisher\":{\"@id\":\"https:\/\/odraniemen.org\/polacy-na-swiecie\/#organization\"},\"potentialAction\":[{\"@type\":\"SearchAction\",\"target\":{\"@type\":\"EntryPoint\",\"urlTemplate\":\"https:\/\/odraniemen.org\/polacy-na-swiecie\/?s={search_term_string}\"},\"query-input\":\"required name=search_term_string\"}],\"inLanguage\":\"pl-PL\"},{\"@type\":\"Organization\",\"@id\":\"https:\/\/odraniemen.org\/polacy-na-swiecie\/#organization\",\"name\":\"Polacy Ponad Granicami\",\"url\":\"https:\/\/odraniemen.org\/polacy-na-swiecie\/\",\"logo\":{\"@type\":\"ImageObject\",\"inLanguage\":\"pl-PL\",\"@id\":\"https:\/\/odraniemen.org\/polacy-na-swiecie\/#\/schema\/logo\/image\/\",\"url\":\"https:\/\/odraniemen.org\/polacy-na-swiecie\/wp-content\/uploads\/sites\/10\/2025\/06\/cropped-Polacy-PONAD-GRANICAMI-logo.png\",\"contentUrl\":\"https:\/\/odraniemen.org\/polacy-na-swiecie\/wp-content\/uploads\/sites\/10\/2025\/06\/cropped-Polacy-PONAD-GRANICAMI-logo.png\",\"width\":1546,\"height\":454,\"caption\":\"Polacy Ponad Granicami\"},\"image\":{\"@id\":\"https:\/\/odraniemen.org\/polacy-na-swiecie\/#\/schema\/logo\/image\/\"}},{\"@type\":\"Person\",\"@id\":\"https:\/\/odraniemen.org\/polacy-na-swiecie\/#\/schema\/person\/85e3fc29d5c98d8d1ff079bb7dfcfd50\",\"name\":\"Ilona Gosiewska\",\"image\":{\"@type\":\"ImageObject\",\"inLanguage\":\"pl-PL\",\"@id\":\"https:\/\/odraniemen.org\/polacy-na-swiecie\/#\/schema\/person\/image\/\",\"url\":\"https:\/\/secure.gravatar.com\/avatar\/3d19ad97584bcf1e751bb6463745fd62?s=96&d=mm&r=g\",\"contentUrl\":\"https:\/\/secure.gravatar.com\/avatar\/3d19ad97584bcf1e751bb6463745fd62?s=96&d=mm&r=g\",\"caption\":\"Ilona Gosiewska\"},\"url\":\"https:\/\/odraniemen.org\/polacy-na-swiecie\/author\/igosiewska\/\"}]}<\/script>\n<!-- \/ Yoast SEO plugin. -->","yoast_head_json":{"title":"Warsztaty filmowe - Polacy Ponad Granicami","robots":{"index":"index","follow":"follow","max-snippet":"max-snippet:-1","max-image-preview":"max-image-preview:large","max-video-preview":"max-video-preview:-1"},"canonical":"https:\/\/odraniemen.org\/polacy-na-swiecie\/2020\/11\/23\/warsztaty-filmowe\/","og_locale":"pl_PL","og_type":"article","og_title":"Warsztaty filmowe - Polacy Ponad Granicami","og_description":"Konkurs filmowy, szkolenia on-line z re\u017cyserem, profesjonalny pakiet edukacyjny dla polskich \u015brodowisk zza granicy. ZG\u0141O\u015a SI\u0118!","og_url":"https:\/\/odraniemen.org\/polacy-na-swiecie\/2020\/11\/23\/warsztaty-filmowe\/","og_site_name":"Polacy Ponad Granicami","article_published_time":"2020-11-23T19:51:00+00:00","article_modified_time":"2020-12-10T20:58:51+00:00","og_image":[{"width":2048,"height":1536,"url":"https:\/\/odraniemen.org\/polacy-na-swiecie\/wp-content\/uploads\/sites\/10\/2020\/09\/20200820_0839333-scaled.jpg","type":"image\/jpeg"}],"author":"Ilona Gosiewska","twitter_card":"summary_large_image","twitter_misc":{"Napisane przez":"Ilona Gosiewska","Szacowany czas czytania":"3 minuty"},"schema":{"@context":"https:\/\/schema.org","@graph":[{"@type":"Article","@id":"https:\/\/odraniemen.org\/polacy-na-swiecie\/2020\/11\/23\/warsztaty-filmowe\/#article","isPartOf":{"@id":"https:\/\/odraniemen.org\/polacy-na-swiecie\/2020\/11\/23\/warsztaty-filmowe\/"},"author":{"name":"Ilona Gosiewska","@id":"https:\/\/odraniemen.org\/polacy-na-swiecie\/#\/schema\/person\/85e3fc29d5c98d8d1ff079bb7dfcfd50"},"headline":"Warsztaty filmowe","datePublished":"2020-11-23T19:51:00+00:00","dateModified":"2020-12-10T20:58:51+00:00","mainEntityOfPage":{"@id":"https:\/\/odraniemen.org\/polacy-na-swiecie\/2020\/11\/23\/warsztaty-filmowe\/"},"wordCount":552,"publisher":{"@id":"https:\/\/odraniemen.org\/polacy-na-swiecie\/#organization"},"articleSection":["Aktualno\u015bci"],"inLanguage":"pl-PL"},{"@type":"WebPage","@id":"https:\/\/odraniemen.org\/polacy-na-swiecie\/2020\/11\/23\/warsztaty-filmowe\/","url":"https:\/\/odraniemen.org\/polacy-na-swiecie\/2020\/11\/23\/warsztaty-filmowe\/","name":"Warsztaty filmowe - Polacy Ponad Granicami","isPartOf":{"@id":"https:\/\/odraniemen.org\/polacy-na-swiecie\/#website"},"datePublished":"2020-11-23T19:51:00+00:00","dateModified":"2020-12-10T20:58:51+00:00","breadcrumb":{"@id":"https:\/\/odraniemen.org\/polacy-na-swiecie\/2020\/11\/23\/warsztaty-filmowe\/#breadcrumb"},"inLanguage":"pl-PL","potentialAction":[{"@type":"ReadAction","target":["https:\/\/odraniemen.org\/polacy-na-swiecie\/2020\/11\/23\/warsztaty-filmowe\/"]}]},{"@type":"BreadcrumbList","@id":"https:\/\/odraniemen.org\/polacy-na-swiecie\/2020\/11\/23\/warsztaty-filmowe\/#breadcrumb","itemListElement":[{"@type":"ListItem","position":1,"name":"Strona g\u0142\u00f3wna","item":"https:\/\/odraniemen.org\/polacy-na-swiecie\/"},{"@type":"ListItem","position":2,"name":"Warsztaty filmowe"}]},{"@type":"WebSite","@id":"https:\/\/odraniemen.org\/polacy-na-swiecie\/#website","url":"https:\/\/odraniemen.org\/polacy-na-swiecie\/","name":"Polacy Ponad Granicami","description":"Kolejna witryna sieci \u201eOdra-Niemen Witryny\u201d","publisher":{"@id":"https:\/\/odraniemen.org\/polacy-na-swiecie\/#organization"},"potentialAction":[{"@type":"SearchAction","target":{"@type":"EntryPoint","urlTemplate":"https:\/\/odraniemen.org\/polacy-na-swiecie\/?s={search_term_string}"},"query-input":"required name=search_term_string"}],"inLanguage":"pl-PL"},{"@type":"Organization","@id":"https:\/\/odraniemen.org\/polacy-na-swiecie\/#organization","name":"Polacy Ponad Granicami","url":"https:\/\/odraniemen.org\/polacy-na-swiecie\/","logo":{"@type":"ImageObject","inLanguage":"pl-PL","@id":"https:\/\/odraniemen.org\/polacy-na-swiecie\/#\/schema\/logo\/image\/","url":"https:\/\/odraniemen.org\/polacy-na-swiecie\/wp-content\/uploads\/sites\/10\/2025\/06\/cropped-Polacy-PONAD-GRANICAMI-logo.png","contentUrl":"https:\/\/odraniemen.org\/polacy-na-swiecie\/wp-content\/uploads\/sites\/10\/2025\/06\/cropped-Polacy-PONAD-GRANICAMI-logo.png","width":1546,"height":454,"caption":"Polacy Ponad Granicami"},"image":{"@id":"https:\/\/odraniemen.org\/polacy-na-swiecie\/#\/schema\/logo\/image\/"}},{"@type":"Person","@id":"https:\/\/odraniemen.org\/polacy-na-swiecie\/#\/schema\/person\/85e3fc29d5c98d8d1ff079bb7dfcfd50","name":"Ilona Gosiewska","image":{"@type":"ImageObject","inLanguage":"pl-PL","@id":"https:\/\/odraniemen.org\/polacy-na-swiecie\/#\/schema\/person\/image\/","url":"https:\/\/secure.gravatar.com\/avatar\/3d19ad97584bcf1e751bb6463745fd62?s=96&d=mm&r=g","contentUrl":"https:\/\/secure.gravatar.com\/avatar\/3d19ad97584bcf1e751bb6463745fd62?s=96&d=mm&r=g","caption":"Ilona Gosiewska"},"url":"https:\/\/odraniemen.org\/polacy-na-swiecie\/author\/igosiewska\/"}]}},"_links":{"self":[{"href":"https:\/\/odraniemen.org\/polacy-na-swiecie\/wp-json\/wp\/v2\/posts\/946"}],"collection":[{"href":"https:\/\/odraniemen.org\/polacy-na-swiecie\/wp-json\/wp\/v2\/posts"}],"about":[{"href":"https:\/\/odraniemen.org\/polacy-na-swiecie\/wp-json\/wp\/v2\/types\/post"}],"author":[{"embeddable":true,"href":"https:\/\/odraniemen.org\/polacy-na-swiecie\/wp-json\/wp\/v2\/users\/9"}],"replies":[{"embeddable":true,"href":"https:\/\/odraniemen.org\/polacy-na-swiecie\/wp-json\/wp\/v2\/comments?post=946"}],"version-history":[{"count":1,"href":"https:\/\/odraniemen.org\/polacy-na-swiecie\/wp-json\/wp\/v2\/posts\/946\/revisions"}],"predecessor-version":[{"id":951,"href":"https:\/\/odraniemen.org\/polacy-na-swiecie\/wp-json\/wp\/v2\/posts\/946\/revisions\/951"}],"wp:featuredmedia":[{"embeddable":true,"href":"https:\/\/odraniemen.org\/polacy-na-swiecie\/wp-json\/wp\/v2\/media\/886"}],"wp:attachment":[{"href":"https:\/\/odraniemen.org\/polacy-na-swiecie\/wp-json\/wp\/v2\/media?parent=946"}],"wp:term":[{"taxonomy":"category","embeddable":true,"href":"https:\/\/odraniemen.org\/polacy-na-swiecie\/wp-json\/wp\/v2\/categories?post=946"},{"taxonomy":"post_tag","embeddable":true,"href":"https:\/\/odraniemen.org\/polacy-na-swiecie\/wp-json\/wp\/v2\/tags?post=946"}],"curies":[{"name":"wp","href":"https:\/\/api.w.org\/{rel}","templated":true}]}}