
{"id":966,"date":"2020-08-10T13:20:00","date_gmt":"2020-08-10T11:20:00","guid":{"rendered":"https:\/\/odraniemen.org\/polacy-na-swiecie\/2020\/12\/11\/zaduszki-kresowe\/"},"modified":"2021-11-23T17:42:33","modified_gmt":"2021-11-23T16:42:33","slug":"zaduszki-kresowe","status":"publish","type":"post","link":"https:\/\/odraniemen.org\/polacy-na-swiecie\/2020\/08\/10\/zaduszki-kresowe\/","title":{"rendered":"Wsparcie kombatant\u00f3w w czasie pandemii-podsumowanie dzia\u0142a\u0144"},"content":{"rendered":"<p>Od samego pocz\u0105tku trwania pandemii COVID19 Stowarzyszenie Odra-Niemen w\u0142\u0105czy\u0142o si\u0119 w pomoc kombatantom. Wszystkie nasze oddzia\u0142y aktywnie dzia\u0142a\u0142y i wci\u0105\u017c wspieraj\u0105 \u015brodowiska kombatanckie.<\/p>\n<p>Podsumowanie dzia\u0142a\u0144 dotyczy dw\u00f3ch etap\u00f3w: od III-V 2020 i druga faza od X-XII 2020. Jednocze\u015bnie dzi\u0119kujemy wszystkim darczy\u0144com, wspieraj\u0105cym nas organizacjom, a przede wszystkim setkom wolontariuszy.<\/p>\n<p><img decoding=\"async\" width=\"960\" height=\"716\" src=\"https:\/\/odraniemen.org\/wp-content\/uploads\/2020\/03\/90831778_2990340207671297_5067214119606681600_n.jpg\" alt=\"\" loading=\"lazy\"><\/p>\n<h3>Dzia\u0142ania Oddzia\u0142\u00f3w Stowarzyszenia Odra-Niemen III-V 2020:<\/h3>\n<ul>\n<li>\n\t\t\t\t\t\t\t\t\t\tprzekazywanie&nbsp; paczek \u017cywno\u015bciowych i pakiet\u00f3w ochronnych dla \u015brodowisk kombatanckich w swoim regionie<\/li>\n<li>\n\t\t\t\t\t\t\t\t\t\twsp\u00f3\u0142praca przy akcji Obiady dla Bohater\u00f3w<\/li>\n<li>\n\t\t\t\t\t\t\t\t\t\twsparcie os\u00f3b w kwarantannie, poprzez przekazanie O\u015brodkom Pomocy Spo\u0142ecznej paczek \u017cywno\u015bciowych<\/li>\n<li>\n\t\t\t\t\t\t\t\t\t\twsparcie szpitali, dowo\u017c\u0105c posi\u0142ki s\u0142u\u017cbie medycznej<\/li>\n<li>\n\t\t\t\t\t\t\t\t\t\tprodukcja maseczki wielorazowych, szytych przez wolontariuszy<\/li>\n<\/ul>\n<ul>\n<li>\n\t\t\t\t\t<a href=\"https:\/\/odraniemen.org\/aktualnosci\/koronawirus-dzialania-odry-niemen-2\/\"><br \/>\nWsparcie O\u015brodk\u00f3w Pomocy Spo\u0142ecznej<br \/>\n<\/a><\/li>\n<li>\n\t\t\t\t\t<a href=\"https:\/\/odraniemen.org\/aktualnosci\/koronawirus-kolejne-dzialania-odry-niemen\/\"><br \/>\nDzia\u0142ania Oddzia\u0142\u00f3w Stowarzyszenia Odra-Niemen<br \/>\n<\/a><\/li>\n<li>\n\t\t\t\t\t<a href=\"https:\/\/odraniemen.org\/aktualnosci\/obiady-dla-bohaterow-odra-niemen-mazowsze\/\"><br \/>\nPodsumowanie najwi\u0119kszej akcji &#8220;Obiady dla Bohater\u00f3w&#8221;, prowadzonej przez Mazowiecki Oddzia\u0142 Odry-Niemen<br \/>\n<\/a><\/li>\n<\/ul>\n<p>Oddzia\u0142y wspiera\u0142y na swoim terenie nast\u0119puj\u0105ce \u015brodowiska:<\/p>\n<p><strong>Stowarzyszenie Odra-Niemen Oddzia\u0142 Lubelski &#8211;&nbsp;<\/strong>\u015brodowisko 27 Wo\u0142y\u0144skiej Dywizji Piechoty AK, w Lublinie i Che\u0142mie, Sybirak\u00f3w<\/p>\n<p><strong>Stowarzyszenie Odra-Niemen Oddzia\u0142 Ma\u0142opolski &#8211; <\/strong>regularne&nbsp; wspieranie&nbsp; \u015brodowiska AK, WiN i niezrzeszonych weteran\u00f3w, samotnych senior\u00f3w na terenie Krakowa, Nowego S\u0105cza<\/p>\n<p><strong>Stowarzyszenie Odra-Niemen Oddzia\u0142 Mazowiecki &#8211;&nbsp;<\/strong> mocne wsparcie kombatant\u00f3w w Warszawie i na Mazowszu, g\u0142\u00f3wnie Powsta\u0144c\u00f3w Warszawskich, ale te\u017c \u017co\u0142nierzy AK, WiN<\/p>\n<p><strong>Stowarzyszenie Odra-Niemen Oddzia\u0142 Opolski &#8211; <\/strong>przy wsp\u00f3\u0142pracy z ZHR oddzia\u0142 otoczy\u0142 sta\u0142\u0105 opiek\u0105 kombatant\u00f3w AK i Sybirak\u00f3w<\/p>\n<p><strong>Stowarzyszenie Niemen Oddzia\u0142 Podlaski &#8211;&nbsp;<\/strong>\u015brodowisko AK w Augustowie, Sybirak\u00f3w i&nbsp; \u015bwiadk\u00f3w historii Ob\u0142awy Augustowskiej<\/p>\n<p><strong>Stowarzyszenie Odra-Niemen Oddzia\u0142 Wielkopolski &#8211; <\/strong>wsparcie r\u00f3\u017cnych \u015brodowisk, od kombatant\u00f3w Armii Krajowej, przez rodziny Katy\u0144skie, uczestnik\u00f3w Pozna\u0144skiego Czerwca &#8217;56, represjonowane w wi\u0119zieniach stalinowskich, po cz\u0142onk\u00f3w Solidarno\u015bci Walcz\u0105cej<\/p>\n<figure class=\"gallery-item\">\n\t\t\t\t<a data-elementor-open-lightbox=\"yes\" data-elementor-lightbox-slideshow=\"a18c953\" data-elementor-lightbox-title=\"Dozowniki z p\u0142ynem do dezynfekcji\" href=\"https:\/\/odraniemen.org\/wp-content\/uploads\/2020\/04\/IMG_20200427_185755-scaled.jpg\"><img decoding=\"async\" width=\"150\" height=\"150\" src=\"https:\/\/odraniemen.org\/wp-content\/uploads\/2020\/04\/IMG_20200427_185755-150x150.jpg\" alt=\"\" loading=\"lazy\"><\/a><\/figure>\n<figure class=\"gallery-item\">\n\t\t\t\t<a data-elementor-open-lightbox=\"yes\" data-elementor-lightbox-slideshow=\"a18c953\" data-elementor-lightbox-title=\"IMG_20200423_144701\" href=\"https:\/\/odraniemen.org\/wp-content\/uploads\/2020\/04\/IMG_20200423_144701-scaled.jpg\"><img decoding=\"async\" width=\"150\" height=\"150\" src=\"https:\/\/odraniemen.org\/wp-content\/uploads\/2020\/04\/IMG_20200423_144701-150x150.jpg\" alt=\"\" loading=\"lazy\"><\/a><\/figure>\n<figure class=\"gallery-item\">\n\t\t\t\t<a data-elementor-open-lightbox=\"yes\" data-elementor-lightbox-slideshow=\"a18c953\" data-elementor-lightbox-title=\"IMG_20200423_144427\" href=\"https:\/\/odraniemen.org\/wp-content\/uploads\/2020\/04\/IMG_20200423_144427-scaled.jpg\"><img decoding=\"async\" width=\"150\" height=\"150\" src=\"https:\/\/odraniemen.org\/wp-content\/uploads\/2020\/04\/IMG_20200423_144427-150x150.jpg\" alt=\"\" loading=\"lazy\"><\/a><\/figure>\n<figure class=\"gallery-item\">\n\t\t\t\t<a data-elementor-open-lightbox=\"yes\" data-elementor-lightbox-slideshow=\"a18c953\" data-elementor-lightbox-title=\"IMG_20200411_203509\" href=\"https:\/\/odraniemen.org\/wp-content\/uploads\/2020\/04\/IMG_20200411_203509-scaled.jpg\"><img decoding=\"async\" width=\"150\" height=\"150\" src=\"https:\/\/odraniemen.org\/wp-content\/uploads\/2020\/04\/IMG_20200411_203509-150x150.jpg\" alt=\"\" loading=\"lazy\"><\/a><\/figure>\n<figure class=\"gallery-item\">\n\t\t\t\t<a data-elementor-open-lightbox=\"yes\" data-elementor-lightbox-slideshow=\"a18c953\" data-elementor-lightbox-title=\"Kombatanci z pakietem\" href=\"https:\/\/odraniemen.org\/wp-content\/uploads\/2020\/04\/95092546_231227041546894_4312396183092854784_n-1.jpg\"><img decoding=\"async\" width=\"150\" height=\"150\" src=\"https:\/\/odraniemen.org\/wp-content\/uploads\/2020\/04\/95092546_231227041546894_4312396183092854784_n-1-150x150.jpg\" alt=\"\" loading=\"lazy\"><\/a><\/figure>\n<figure class=\"gallery-item\">\n\t\t\t\t<a data-elementor-open-lightbox=\"yes\" data-elementor-lightbox-slideshow=\"a18c953\" data-elementor-lightbox-title=\"Czas pandemii - wolontariat\" href=\"https:\/\/odraniemen.org\/wp-content\/uploads\/2020\/03\/90493497_226671658525189_1762942903727947776_n-1.jpg\"><img decoding=\"async\" width=\"150\" height=\"150\" src=\"https:\/\/odraniemen.org\/wp-content\/uploads\/2020\/03\/90493497_226671658525189_1762942903727947776_n-1-150x150.jpg\" alt=\"\" loading=\"lazy\"><\/a><\/figure>\n<figure class=\"gallery-item\">\n\t\t\t\t<a data-elementor-open-lightbox=\"yes\" data-elementor-lightbox-slideshow=\"a18c953\" data-elementor-lightbox-title=\"Czas pandemii - wolontariat\" href=\"https:\/\/odraniemen.org\/wp-content\/uploads\/2020\/03\/90441842_1383467561836924_4337554125827866624_o.jpg\"><img decoding=\"async\" width=\"150\" height=\"150\" src=\"https:\/\/odraniemen.org\/wp-content\/uploads\/2020\/03\/90441842_1383467561836924_4337554125827866624_o-150x150.jpg\" alt=\"\" loading=\"lazy\"><\/a><\/figure>\n<figure class=\"gallery-item\">\n\t\t\t\t<a data-elementor-open-lightbox=\"yes\" data-elementor-lightbox-slideshow=\"a18c953\" data-elementor-lightbox-title=\"Czas pandemii - wolontariat\" href=\"https:\/\/odraniemen.org\/wp-content\/uploads\/2020\/03\/90357539_663488521079823_1941190424538382336_o.jpg\"><img decoding=\"async\" width=\"150\" height=\"150\" src=\"https:\/\/odraniemen.org\/wp-content\/uploads\/2020\/03\/90357539_663488521079823_1941190424538382336_o-150x150.jpg\" alt=\"\" loading=\"lazy\"><\/a><\/figure>\n<figure class=\"gallery-item\">\n\t\t\t\t<a data-elementor-open-lightbox=\"yes\" data-elementor-lightbox-slideshow=\"a18c953\" data-elementor-lightbox-title=\"90493497_226671658525189_1762942903727947776_n (1)\" href=\"https:\/\/odraniemen.org\/polacy-na-swiecie\/wp-content\/uploads\/sites\/10\/2020\/12\/90493497_226671658525189_1762942903727947776_n-1.jpg\"><img decoding=\"async\" width=\"150\" height=\"150\" src=\"https:\/\/odraniemen.org\/polacy-na-swiecie\/wp-content\/uploads\/sites\/10\/2020\/12\/90493497_226671658525189_1762942903727947776_n-1-150x150.jpg\" alt=\"\" loading=\"lazy\"><\/a><\/figure>\n<figure class=\"gallery-item\">\n\t\t\t\t<a data-elementor-open-lightbox=\"yes\" data-elementor-lightbox-slideshow=\"a18c953\" data-elementor-lightbox-title=\"Obiady dla Bohater\u00f3w\" href=\"https:\/\/odraniemen.org\/polacy-na-swiecie\/wp-content\/uploads\/sites\/10\/2020\/12\/Obiady-dla-Bohaterow.jpg\"><img decoding=\"async\" width=\"150\" height=\"150\" src=\"https:\/\/odraniemen.org\/polacy-na-swiecie\/wp-content\/uploads\/sites\/10\/2020\/12\/Obiady-dla-Bohaterow-150x150.jpg\" alt=\"\" loading=\"lazy\"><\/a><\/figure>\n<figure class=\"gallery-item\">\n\t\t\t\t<a data-elementor-open-lightbox=\"yes\" data-elementor-lightbox-slideshow=\"a18c953\" data-elementor-lightbox-title=\"Obiady dla ma\u0142opolskich weteran\u00f3w\" href=\"https:\/\/odraniemen.org\/polacy-na-swiecie\/wp-content\/uploads\/sites\/10\/2020\/12\/Obiady-dla-malopolskich-weteranow.jpg\"><img decoding=\"async\" width=\"150\" height=\"150\" src=\"https:\/\/odraniemen.org\/polacy-na-swiecie\/wp-content\/uploads\/sites\/10\/2020\/12\/Obiady-dla-malopolskich-weteranow-150x150.jpg\" alt=\"\" loading=\"lazy\"><\/a><\/figure>\n<figure class=\"gallery-item\">\n\t\t\t\t<a data-elementor-open-lightbox=\"yes\" data-elementor-lightbox-slideshow=\"a18c953\" data-elementor-lightbox-title=\"paczki przygotowane przez SON Lubelski\" href=\"https:\/\/odraniemen.org\/polacy-na-swiecie\/wp-content\/uploads\/sites\/10\/2020\/12\/paczki-przygotowane-przez-SON-Lubelski.jpg\"><img decoding=\"async\" width=\"150\" height=\"150\" src=\"https:\/\/odraniemen.org\/polacy-na-swiecie\/wp-content\/uploads\/sites\/10\/2020\/12\/paczki-przygotowane-przez-SON-Lubelski-150x150.jpg\" alt=\"\" loading=\"lazy\"><\/a><\/figure>\n<figure class=\"gallery-item\">\n\t\t\t\t<a data-elementor-open-lightbox=\"yes\" data-elementor-lightbox-slideshow=\"a18c953\" data-elementor-lightbox-title=\"SON Mazowsze wsparcie Obiady dla Bohater\u00f3w\" href=\"https:\/\/odraniemen.org\/polacy-na-swiecie\/wp-content\/uploads\/sites\/10\/2020\/12\/SON-Mazowsze-wsparcie-Obiady-dla-Bohaterow.jpg\"><img decoding=\"async\" width=\"150\" height=\"150\" src=\"https:\/\/odraniemen.org\/polacy-na-swiecie\/wp-content\/uploads\/sites\/10\/2020\/12\/SON-Mazowsze-wsparcie-Obiady-dla-Bohaterow-150x150.jpg\" alt=\"\" loading=\"lazy\"><\/a><\/figure>\n<figure class=\"gallery-item\">\n\t\t\t\t<a data-elementor-open-lightbox=\"yes\" data-elementor-lightbox-slideshow=\"a18c953\" data-elementor-lightbox-title=\"SON Mazowsze wsparcie\" href=\"https:\/\/odraniemen.org\/polacy-na-swiecie\/wp-content\/uploads\/sites\/10\/2020\/12\/SON-Mazowsze-wsparcie.jpg\"><img decoding=\"async\" width=\"150\" height=\"150\" src=\"https:\/\/odraniemen.org\/polacy-na-swiecie\/wp-content\/uploads\/sites\/10\/2020\/12\/SON-Mazowsze-wsparcie-150x150.jpg\" alt=\"\" loading=\"lazy\"><\/a><\/figure>\n<figure class=\"gallery-item\">\n\t\t\t\t<a data-elementor-open-lightbox=\"yes\" data-elementor-lightbox-slideshow=\"a18c953\" data-elementor-lightbox-title=\"SON Opole przekazuje uszyte przez wolontariuszy do centarli Odry-Niemen\" href=\"https:\/\/odraniemen.org\/polacy-na-swiecie\/wp-content\/uploads\/sites\/10\/2020\/12\/SON-Opole-przekazuje-uszyte-przez-wolontariuszy-do-centarli-Odry-Niemen.jpg\"><img decoding=\"async\" width=\"150\" height=\"150\" src=\"https:\/\/odraniemen.org\/polacy-na-swiecie\/wp-content\/uploads\/sites\/10\/2020\/12\/SON-Opole-przekazuje-uszyte-przez-wolontariuszy-do-centarli-Odry-Niemen-150x150.jpg\" alt=\"\" loading=\"lazy\"><\/a><\/figure>\n<figure class=\"gallery-item\">\n\t\t\t\t<a data-elementor-open-lightbox=\"yes\" data-elementor-lightbox-slideshow=\"a18c953\" data-elementor-lightbox-title=\"SON Opole\" href=\"https:\/\/odraniemen.org\/polacy-na-swiecie\/wp-content\/uploads\/sites\/10\/2020\/12\/SON-Opole.jpg\"><img decoding=\"async\" width=\"150\" height=\"150\" src=\"https:\/\/odraniemen.org\/polacy-na-swiecie\/wp-content\/uploads\/sites\/10\/2020\/12\/SON-Opole-150x150.jpg\" alt=\"\" loading=\"lazy\"><\/a><\/figure>\n<figure class=\"gallery-item\">\n\t\t\t\t<a data-elementor-open-lightbox=\"yes\" data-elementor-lightbox-slideshow=\"a18c953\" data-elementor-lightbox-title=\"zakupy dla kombatant\u00f3w\" href=\"https:\/\/odraniemen.org\/polacy-na-swiecie\/wp-content\/uploads\/sites\/10\/2020\/12\/zakupy-dla-kombatantow.jpg\"><img decoding=\"async\" width=\"150\" height=\"150\" src=\"https:\/\/odraniemen.org\/polacy-na-swiecie\/wp-content\/uploads\/sites\/10\/2020\/12\/zakupy-dla-kombatantow-150x150.jpg\" alt=\"\" loading=\"lazy\"><\/a><\/figure>\n<figure class=\"gallery-item\">\n\t\t\t\t<a data-elementor-open-lightbox=\"yes\" data-elementor-lightbox-slideshow=\"a18c953\" data-elementor-lightbox-title=\"zakupy dla kombatant\u00f3w2\" href=\"https:\/\/odraniemen.org\/polacy-na-swiecie\/wp-content\/uploads\/sites\/10\/2020\/12\/zakupy-dla-kombatantow2.jpg\"><img decoding=\"async\" width=\"150\" height=\"150\" src=\"https:\/\/odraniemen.org\/polacy-na-swiecie\/wp-content\/uploads\/sites\/10\/2020\/12\/zakupy-dla-kombatantow2-150x150.jpg\" alt=\"\" loading=\"lazy\"><\/a><\/figure>\n<figure class=\"gallery-item\">\n\t\t\t\t<a data-elementor-open-lightbox=\"yes\" data-elementor-lightbox-slideshow=\"a18c953\" data-elementor-lightbox-title=\"zakupy dla kombatant\u00f3w3\" href=\"https:\/\/odraniemen.org\/polacy-na-swiecie\/wp-content\/uploads\/sites\/10\/2020\/12\/zakupy-dla-kombatantow3.jpg\"><img decoding=\"async\" width=\"150\" height=\"150\" src=\"https:\/\/odraniemen.org\/polacy-na-swiecie\/wp-content\/uploads\/sites\/10\/2020\/12\/zakupy-dla-kombatantow3-150x150.jpg\" alt=\"\" loading=\"lazy\"><\/a><\/figure>\n<figure class=\"gallery-item\">\n\t\t\t\t<a data-elementor-open-lightbox=\"yes\" data-elementor-lightbox-slideshow=\"a18c953\" data-elementor-lightbox-title=\"Kombatanci z pakietem\" href=\"https:\/\/odraniemen.org\/wp-content\/uploads\/2020\/04\/93962833_3184020354963243_5149797334162341888_n-1.jpg\"><img decoding=\"async\" width=\"150\" height=\"150\" src=\"https:\/\/odraniemen.org\/wp-content\/uploads\/2020\/04\/93962833_3184020354963243_5149797334162341888_n-1-150x150.jpg\" alt=\"\" loading=\"lazy\"><\/a><\/figure>\n<h3>Dzia\u0142ania Zarz\u0105du G\u0142\u00f3wnego Stowarzyszenia Odra-Niemen III-V 2020:<\/h3>\n<p>Zarz\u0105d G\u0142\u00f3wny organizacji mie\u015bci si\u0119 we Wroc\u0142awiu, dlatego te\u017c cz\u0119\u015b\u0107 zada\u0144 zwi\u0105zana by\u0142a ze wsp\u00f3\u0142prac\u0105 z dolno\u015bl\u0105skimi \u015brodowiskami: \u017co\u0142nierze AK&lt; NSZ, Jaworzniacy, Sybiracy, seniorzy Solidarno\u015bci i Solidarno\u015bci&nbsp; Walcz\u0105cej, rodziny \u017bo\u0142nierzy Wykl\u0119tych.&nbsp; Opr\u00f3cz bie\u017c\u0105cej pomocy, kt\u00f3r\u0105 Zarz\u0105d prowadzi\u0142 podobnie jak oddzia\u0142y koordynowa\u0142 wsp\u00f3\u0142prac\u0119 z O\u015brodkami Pomocy Spo\u0142ecznej, prowadzi\u0142 sp\u00f3jne dzia\u0142ania medialne i promocyjne, zabiega\u0142 o celowe dotacje na zakup wi\u0119kszej ilo\u015bci potrzebnych \u015brodk\u00f3w ochronnych. <a href=\"https:\/\/odraniemen.org\/aktualnosci\/podsumowanie-prac-centrali-odra-niemen-w-czasie-pandemii\/\"><strong>PODSUMOWANIE DZIA\u0141A\u0143<\/strong><\/a><\/p>\n<p><strong>Uda\u0142o si\u0119 pozyska\u0107 wsparcie od instytucji:<\/strong><\/p>\n<ul>\n<li>\n\t\t\t\t\t\t\t\t\t\tNarodowy Instytut Wolno\u015bci &#8211; Centrum Rozwoju Spo\u0142ecznego<\/li>\n<li>\n\t\t\t\t\t<a href=\"https:\/\/odraniemen.org\/aktualnosci\/dzialamy-w-czasach-pandemii\/\"><br \/>\nUM Wroc\u0142aw i Fundacja KGHM<br \/>\n<\/a><\/li>\n<\/ul>\n<figure class=\"gallery-item\">\n\t\t\t\t<a data-elementor-open-lightbox=\"yes\" data-elementor-lightbox-slideshow=\"831d70d\" data-elementor-lightbox-title=\"stolik podr\u0119czny z artyku\u0142ami ochronnymi dzi\u0119ki dotacji NIW\" href=\"https:\/\/odraniemen.org\/wp-content\/uploads\/2020\/12\/stolik-podreczny-z-artykulami-ochronnymi-scaled.jpg\"><img decoding=\"async\" width=\"150\" height=\"150\" src=\"https:\/\/odraniemen.org\/polacy-na-swiecie\/wp-content\/uploads\/sites\/10\/2020\/12\/stolik-podreczny-z-artykulami-ochronnymi-150x150.jpg\" alt=\"\" loading=\"lazy\"><\/a><\/figure>\n<figure class=\"gallery-item\">\n\t\t\t\t<a data-elementor-open-lightbox=\"yes\" data-elementor-lightbox-slideshow=\"831d70d\" data-elementor-lightbox-title=\"pakiety zakupione z dotacji UM Wroc\u0142aw\" href=\"https:\/\/odraniemen.org\/wp-content\/uploads\/2020\/04\/IMG_20200423_144526-scaled.jpg\"><img decoding=\"async\" width=\"150\" height=\"150\" src=\"https:\/\/odraniemen.org\/wp-content\/uploads\/2020\/04\/IMG_20200423_144526-150x150.jpg\" alt=\"\" loading=\"lazy\"><\/a><\/figure>\n<figure class=\"gallery-item\">\n\t\t\t\t<a data-elementor-open-lightbox=\"yes\" data-elementor-lightbox-slideshow=\"831d70d\" data-elementor-lightbox-title=\"Wolontariat dla kombatanta\" href=\"https:\/\/odraniemen.org\/wp-content\/uploads\/2020\/04\/IMG_20200423_144421-scaled.jpg\"><img decoding=\"async\" width=\"150\" height=\"150\" src=\"https:\/\/odraniemen.org\/wp-content\/uploads\/2020\/04\/IMG_20200423_144421-150x150.jpg\" alt=\"\" loading=\"lazy\"><\/a><\/figure>\n","protected":false},"excerpt":{"rendered":"<p>Od samego pocz\u0105tku trwania pandemii COVID19 Stowarzyszenie Odra-Niemen w\u0142\u0105czy\u0142o si\u0119 w pomoc kombatantom. Wszystkie nasze oddzia\u0142y aktywnie dzia\u0142a\u0142y i wci\u0105\u017c wspieraj\u0105 \u015brodowiska kombatanckie. Podsumowanie dzia\u0142a\u0144 dotyczy dw\u00f3ch etap\u00f3w: od III-V 2020 i druga faza od X-XII 2020. Jednocze\u015bnie dzi\u0119kujemy wszystkim darczy\u0144com, wspieraj\u0105cym nas organizacjom, a przede wszystkim setkom wolontariuszy. Dzia\u0142ania Oddzia\u0142\u00f3w Stowarzyszenia Odra-Niemen III-V 2020: &hellip;<\/p>\n<p class=\"read-more\"> <a class=\"\" href=\"https:\/\/odraniemen.org\/polacy-na-swiecie\/2020\/08\/10\/zaduszki-kresowe\/\"> <span class=\"screen-reader-text\">Wsparcie kombatant\u00f3w w czasie pandemii-podsumowanie dzia\u0142a\u0144<\/span> Read More &raquo;<\/a><\/p>\n","protected":false},"author":9,"featured_media":0,"comment_status":"closed","ping_status":"closed","sticky":false,"template":"","format":"standard","meta":{"site-sidebar-layout":"default","site-content-layout":"","ast-site-content-layout":"","site-content-style":"default","site-sidebar-style":"default","ast-global-header-display":"","ast-banner-title-visibility":"","ast-main-header-display":"","ast-hfb-above-header-display":"","ast-hfb-below-header-display":"","ast-hfb-mobile-header-display":"","site-post-title":"","ast-breadcrumbs-content":"","ast-featured-img":"","footer-sml-layout":"","theme-transparent-header-meta":"","adv-header-id-meta":"","stick-header-meta":"","header-above-stick-meta":"","header-main-stick-meta":"","header-below-stick-meta":"","astra-migrate-meta-layouts":"","ast-page-background-enabled":"default","ast-page-background-meta":{"desktop":{"background-color":"","background-image":"","background-repeat":"repeat","background-position":"center center","background-size":"auto","background-attachment":"scroll","background-type":"","background-media":"","overlay-type":"","overlay-color":"","overlay-gradient":""},"tablet":{"background-color":"","background-image":"","background-repeat":"repeat","background-position":"center center","background-size":"auto","background-attachment":"scroll","background-type":"","background-media":"","overlay-type":"","overlay-color":"","overlay-gradient":""},"mobile":{"background-color":"","background-image":"","background-repeat":"repeat","background-position":"center center","background-size":"auto","background-attachment":"scroll","background-type":"","background-media":"","overlay-type":"","overlay-color":"","overlay-gradient":""}},"ast-content-background-meta":{"desktop":{"background-color":"var(--ast-global-color-5)","background-image":"","background-repeat":"repeat","background-position":"center center","background-size":"auto","background-attachment":"scroll","background-type":"","background-media":"","overlay-type":"","overlay-color":"","overlay-gradient":""},"tablet":{"background-color":"var(--ast-global-color-5)","background-image":"","background-repeat":"repeat","background-position":"center center","background-size":"auto","background-attachment":"scroll","background-type":"","background-media":"","overlay-type":"","overlay-color":"","overlay-gradient":""},"mobile":{"background-color":"var(--ast-global-color-5)","background-image":"","background-repeat":"repeat","background-position":"center center","background-size":"auto","background-attachment":"scroll","background-type":"","background-media":"","overlay-type":"","overlay-color":"","overlay-gradient":""}},"footnotes":""},"categories":[36],"tags":[],"yoast_head":"<!-- This site is optimized with the Yoast SEO plugin v21.6 - https:\/\/yoast.com\/wordpress\/plugins\/seo\/ -->\n<title>Wsparcie kombatant\u00f3w w czasie pandemii-podsumowanie dzia\u0142a\u0144 - Polacy Ponad Granicami<\/title>\n<meta name=\"robots\" content=\"index, follow, max-snippet:-1, max-image-preview:large, max-video-preview:-1\" \/>\n<link rel=\"canonical\" href=\"https:\/\/odraniemen.org\/polacy-na-swiecie\/2020\/08\/10\/zaduszki-kresowe\/\" \/>\n<meta property=\"og:locale\" content=\"pl_PL\" \/>\n<meta property=\"og:type\" content=\"article\" \/>\n<meta property=\"og:title\" content=\"Wsparcie kombatant\u00f3w w czasie pandemii-podsumowanie dzia\u0142a\u0144 - Polacy Ponad Granicami\" \/>\n<meta property=\"og:description\" content=\"Od samego pocz\u0105tku trwania pandemii COVID19 Stowarzyszenie Odra-Niemen w\u0142\u0105czy\u0142o si\u0119 w pomoc kombatantom. Wszystkie nasze oddzia\u0142y aktywnie dzia\u0142a\u0142y i wci\u0105\u017c wspieraj\u0105 \u015brodowiska kombatanckie. Podsumowanie dzia\u0142a\u0144 dotyczy dw\u00f3ch etap\u00f3w: od III-V 2020 i druga faza od X-XII 2020. Jednocze\u015bnie dzi\u0119kujemy wszystkim darczy\u0144com, wspieraj\u0105cym nas organizacjom, a przede wszystkim setkom wolontariuszy. Dzia\u0142ania Oddzia\u0142\u00f3w Stowarzyszenia Odra-Niemen III-V 2020: &hellip; Wsparcie kombatant\u00f3w w czasie pandemii-podsumowanie dzia\u0142a\u0144 Read More &raquo;\" \/>\n<meta property=\"og:url\" content=\"https:\/\/odraniemen.org\/polacy-na-swiecie\/2020\/08\/10\/zaduszki-kresowe\/\" \/>\n<meta property=\"og:site_name\" content=\"Polacy Ponad Granicami\" \/>\n<meta property=\"article:published_time\" content=\"2020-08-10T11:20:00+00:00\" \/>\n<meta property=\"article:modified_time\" content=\"2021-11-23T16:42:33+00:00\" \/>\n<meta property=\"og:image\" content=\"https:\/\/odraniemen.org\/wp-content\/uploads\/2020\/03\/90831778_2990340207671297_5067214119606681600_n.jpg\" \/>\n<meta name=\"author\" content=\"Ilona Gosiewska\" \/>\n<meta name=\"twitter:card\" content=\"summary_large_image\" \/>\n<meta name=\"twitter:label1\" content=\"Napisane przez\" \/>\n\t<meta name=\"twitter:data1\" content=\"Ilona Gosiewska\" \/>\n\t<meta name=\"twitter:label2\" content=\"Szacowany czas czytania\" \/>\n\t<meta name=\"twitter:data2\" content=\"2 minuty\" \/>\n<script type=\"application\/ld+json\" class=\"yoast-schema-graph\">{\"@context\":\"https:\/\/schema.org\",\"@graph\":[{\"@type\":\"Article\",\"@id\":\"https:\/\/odraniemen.org\/polacy-na-swiecie\/2020\/08\/10\/zaduszki-kresowe\/#article\",\"isPartOf\":{\"@id\":\"https:\/\/odraniemen.org\/polacy-na-swiecie\/2020\/08\/10\/zaduszki-kresowe\/\"},\"author\":{\"name\":\"Ilona Gosiewska\",\"@id\":\"https:\/\/odraniemen.org\/polacy-na-swiecie\/#\/schema\/person\/85e3fc29d5c98d8d1ff079bb7dfcfd50\"},\"headline\":\"Wsparcie kombatant\u00f3w w czasie pandemii-podsumowanie dzia\u0142a\u0144\",\"datePublished\":\"2020-08-10T11:20:00+00:00\",\"dateModified\":\"2021-11-23T16:42:33+00:00\",\"mainEntityOfPage\":{\"@id\":\"https:\/\/odraniemen.org\/polacy-na-swiecie\/2020\/08\/10\/zaduszki-kresowe\/\"},\"wordCount\":444,\"publisher\":{\"@id\":\"https:\/\/odraniemen.org\/polacy-na-swiecie\/#organization\"},\"articleSection\":[\"Archiwum aktualno\u015bci\"],\"inLanguage\":\"pl-PL\"},{\"@type\":\"WebPage\",\"@id\":\"https:\/\/odraniemen.org\/polacy-na-swiecie\/2020\/08\/10\/zaduszki-kresowe\/\",\"url\":\"https:\/\/odraniemen.org\/polacy-na-swiecie\/2020\/08\/10\/zaduszki-kresowe\/\",\"name\":\"Wsparcie kombatant\u00f3w w czasie pandemii-podsumowanie dzia\u0142a\u0144 - Polacy Ponad Granicami\",\"isPartOf\":{\"@id\":\"https:\/\/odraniemen.org\/polacy-na-swiecie\/#website\"},\"datePublished\":\"2020-08-10T11:20:00+00:00\",\"dateModified\":\"2021-11-23T16:42:33+00:00\",\"breadcrumb\":{\"@id\":\"https:\/\/odraniemen.org\/polacy-na-swiecie\/2020\/08\/10\/zaduszki-kresowe\/#breadcrumb\"},\"inLanguage\":\"pl-PL\",\"potentialAction\":[{\"@type\":\"ReadAction\",\"target\":[\"https:\/\/odraniemen.org\/polacy-na-swiecie\/2020\/08\/10\/zaduszki-kresowe\/\"]}]},{\"@type\":\"BreadcrumbList\",\"@id\":\"https:\/\/odraniemen.org\/polacy-na-swiecie\/2020\/08\/10\/zaduszki-kresowe\/#breadcrumb\",\"itemListElement\":[{\"@type\":\"ListItem\",\"position\":1,\"name\":\"Strona g\u0142\u00f3wna\",\"item\":\"https:\/\/odraniemen.org\/polacy-na-swiecie\/\"},{\"@type\":\"ListItem\",\"position\":2,\"name\":\"Wsparcie kombatant\u00f3w w czasie pandemii-podsumowanie dzia\u0142a\u0144\"}]},{\"@type\":\"WebSite\",\"@id\":\"https:\/\/odraniemen.org\/polacy-na-swiecie\/#website\",\"url\":\"https:\/\/odraniemen.org\/polacy-na-swiecie\/\",\"name\":\"Polacy Ponad Granicami\",\"description\":\"Kolejna witryna sieci \u201eOdra-Niemen Witryny\u201d\",\"publisher\":{\"@id\":\"https:\/\/odraniemen.org\/polacy-na-swiecie\/#organization\"},\"potentialAction\":[{\"@type\":\"SearchAction\",\"target\":{\"@type\":\"EntryPoint\",\"urlTemplate\":\"https:\/\/odraniemen.org\/polacy-na-swiecie\/?s={search_term_string}\"},\"query-input\":\"required name=search_term_string\"}],\"inLanguage\":\"pl-PL\"},{\"@type\":\"Organization\",\"@id\":\"https:\/\/odraniemen.org\/polacy-na-swiecie\/#organization\",\"name\":\"Polacy Ponad Granicami\",\"url\":\"https:\/\/odraniemen.org\/polacy-na-swiecie\/\",\"logo\":{\"@type\":\"ImageObject\",\"inLanguage\":\"pl-PL\",\"@id\":\"https:\/\/odraniemen.org\/polacy-na-swiecie\/#\/schema\/logo\/image\/\",\"url\":\"https:\/\/odraniemen.org\/polacy-na-swiecie\/wp-content\/uploads\/sites\/10\/2025\/06\/cropped-Polacy-PONAD-GRANICAMI-logo.png\",\"contentUrl\":\"https:\/\/odraniemen.org\/polacy-na-swiecie\/wp-content\/uploads\/sites\/10\/2025\/06\/cropped-Polacy-PONAD-GRANICAMI-logo.png\",\"width\":1546,\"height\":454,\"caption\":\"Polacy Ponad Granicami\"},\"image\":{\"@id\":\"https:\/\/odraniemen.org\/polacy-na-swiecie\/#\/schema\/logo\/image\/\"}},{\"@type\":\"Person\",\"@id\":\"https:\/\/odraniemen.org\/polacy-na-swiecie\/#\/schema\/person\/85e3fc29d5c98d8d1ff079bb7dfcfd50\",\"name\":\"Ilona Gosiewska\",\"image\":{\"@type\":\"ImageObject\",\"inLanguage\":\"pl-PL\",\"@id\":\"https:\/\/odraniemen.org\/polacy-na-swiecie\/#\/schema\/person\/image\/\",\"url\":\"https:\/\/secure.gravatar.com\/avatar\/3d19ad97584bcf1e751bb6463745fd62?s=96&d=mm&r=g\",\"contentUrl\":\"https:\/\/secure.gravatar.com\/avatar\/3d19ad97584bcf1e751bb6463745fd62?s=96&d=mm&r=g\",\"caption\":\"Ilona Gosiewska\"},\"url\":\"https:\/\/odraniemen.org\/polacy-na-swiecie\/author\/igosiewska\/\"}]}<\/script>\n<!-- \/ Yoast SEO plugin. -->","yoast_head_json":{"title":"Wsparcie kombatant\u00f3w w czasie pandemii-podsumowanie dzia\u0142a\u0144 - Polacy Ponad Granicami","robots":{"index":"index","follow":"follow","max-snippet":"max-snippet:-1","max-image-preview":"max-image-preview:large","max-video-preview":"max-video-preview:-1"},"canonical":"https:\/\/odraniemen.org\/polacy-na-swiecie\/2020\/08\/10\/zaduszki-kresowe\/","og_locale":"pl_PL","og_type":"article","og_title":"Wsparcie kombatant\u00f3w w czasie pandemii-podsumowanie dzia\u0142a\u0144 - Polacy Ponad Granicami","og_description":"Od samego pocz\u0105tku trwania pandemii COVID19 Stowarzyszenie Odra-Niemen w\u0142\u0105czy\u0142o si\u0119 w pomoc kombatantom. Wszystkie nasze oddzia\u0142y aktywnie dzia\u0142a\u0142y i wci\u0105\u017c wspieraj\u0105 \u015brodowiska kombatanckie. Podsumowanie dzia\u0142a\u0144 dotyczy dw\u00f3ch etap\u00f3w: od III-V 2020 i druga faza od X-XII 2020. Jednocze\u015bnie dzi\u0119kujemy wszystkim darczy\u0144com, wspieraj\u0105cym nas organizacjom, a przede wszystkim setkom wolontariuszy. Dzia\u0142ania Oddzia\u0142\u00f3w Stowarzyszenia Odra-Niemen III-V 2020: &hellip; Wsparcie kombatant\u00f3w w czasie pandemii-podsumowanie dzia\u0142a\u0144 Read More &raquo;","og_url":"https:\/\/odraniemen.org\/polacy-na-swiecie\/2020\/08\/10\/zaduszki-kresowe\/","og_site_name":"Polacy Ponad Granicami","article_published_time":"2020-08-10T11:20:00+00:00","article_modified_time":"2021-11-23T16:42:33+00:00","og_image":[{"url":"https:\/\/odraniemen.org\/wp-content\/uploads\/2020\/03\/90831778_2990340207671297_5067214119606681600_n.jpg"}],"author":"Ilona Gosiewska","twitter_card":"summary_large_image","twitter_misc":{"Napisane przez":"Ilona Gosiewska","Szacowany czas czytania":"2 minuty"},"schema":{"@context":"https:\/\/schema.org","@graph":[{"@type":"Article","@id":"https:\/\/odraniemen.org\/polacy-na-swiecie\/2020\/08\/10\/zaduszki-kresowe\/#article","isPartOf":{"@id":"https:\/\/odraniemen.org\/polacy-na-swiecie\/2020\/08\/10\/zaduszki-kresowe\/"},"author":{"name":"Ilona Gosiewska","@id":"https:\/\/odraniemen.org\/polacy-na-swiecie\/#\/schema\/person\/85e3fc29d5c98d8d1ff079bb7dfcfd50"},"headline":"Wsparcie kombatant\u00f3w w czasie pandemii-podsumowanie dzia\u0142a\u0144","datePublished":"2020-08-10T11:20:00+00:00","dateModified":"2021-11-23T16:42:33+00:00","mainEntityOfPage":{"@id":"https:\/\/odraniemen.org\/polacy-na-swiecie\/2020\/08\/10\/zaduszki-kresowe\/"},"wordCount":444,"publisher":{"@id":"https:\/\/odraniemen.org\/polacy-na-swiecie\/#organization"},"articleSection":["Archiwum aktualno\u015bci"],"inLanguage":"pl-PL"},{"@type":"WebPage","@id":"https:\/\/odraniemen.org\/polacy-na-swiecie\/2020\/08\/10\/zaduszki-kresowe\/","url":"https:\/\/odraniemen.org\/polacy-na-swiecie\/2020\/08\/10\/zaduszki-kresowe\/","name":"Wsparcie kombatant\u00f3w w czasie pandemii-podsumowanie dzia\u0142a\u0144 - Polacy Ponad Granicami","isPartOf":{"@id":"https:\/\/odraniemen.org\/polacy-na-swiecie\/#website"},"datePublished":"2020-08-10T11:20:00+00:00","dateModified":"2021-11-23T16:42:33+00:00","breadcrumb":{"@id":"https:\/\/odraniemen.org\/polacy-na-swiecie\/2020\/08\/10\/zaduszki-kresowe\/#breadcrumb"},"inLanguage":"pl-PL","potentialAction":[{"@type":"ReadAction","target":["https:\/\/odraniemen.org\/polacy-na-swiecie\/2020\/08\/10\/zaduszki-kresowe\/"]}]},{"@type":"BreadcrumbList","@id":"https:\/\/odraniemen.org\/polacy-na-swiecie\/2020\/08\/10\/zaduszki-kresowe\/#breadcrumb","itemListElement":[{"@type":"ListItem","position":1,"name":"Strona g\u0142\u00f3wna","item":"https:\/\/odraniemen.org\/polacy-na-swiecie\/"},{"@type":"ListItem","position":2,"name":"Wsparcie kombatant\u00f3w w czasie pandemii-podsumowanie dzia\u0142a\u0144"}]},{"@type":"WebSite","@id":"https:\/\/odraniemen.org\/polacy-na-swiecie\/#website","url":"https:\/\/odraniemen.org\/polacy-na-swiecie\/","name":"Polacy Ponad Granicami","description":"Kolejna witryna sieci \u201eOdra-Niemen Witryny\u201d","publisher":{"@id":"https:\/\/odraniemen.org\/polacy-na-swiecie\/#organization"},"potentialAction":[{"@type":"SearchAction","target":{"@type":"EntryPoint","urlTemplate":"https:\/\/odraniemen.org\/polacy-na-swiecie\/?s={search_term_string}"},"query-input":"required name=search_term_string"}],"inLanguage":"pl-PL"},{"@type":"Organization","@id":"https:\/\/odraniemen.org\/polacy-na-swiecie\/#organization","name":"Polacy Ponad Granicami","url":"https:\/\/odraniemen.org\/polacy-na-swiecie\/","logo":{"@type":"ImageObject","inLanguage":"pl-PL","@id":"https:\/\/odraniemen.org\/polacy-na-swiecie\/#\/schema\/logo\/image\/","url":"https:\/\/odraniemen.org\/polacy-na-swiecie\/wp-content\/uploads\/sites\/10\/2025\/06\/cropped-Polacy-PONAD-GRANICAMI-logo.png","contentUrl":"https:\/\/odraniemen.org\/polacy-na-swiecie\/wp-content\/uploads\/sites\/10\/2025\/06\/cropped-Polacy-PONAD-GRANICAMI-logo.png","width":1546,"height":454,"caption":"Polacy Ponad Granicami"},"image":{"@id":"https:\/\/odraniemen.org\/polacy-na-swiecie\/#\/schema\/logo\/image\/"}},{"@type":"Person","@id":"https:\/\/odraniemen.org\/polacy-na-swiecie\/#\/schema\/person\/85e3fc29d5c98d8d1ff079bb7dfcfd50","name":"Ilona Gosiewska","image":{"@type":"ImageObject","inLanguage":"pl-PL","@id":"https:\/\/odraniemen.org\/polacy-na-swiecie\/#\/schema\/person\/image\/","url":"https:\/\/secure.gravatar.com\/avatar\/3d19ad97584bcf1e751bb6463745fd62?s=96&d=mm&r=g","contentUrl":"https:\/\/secure.gravatar.com\/avatar\/3d19ad97584bcf1e751bb6463745fd62?s=96&d=mm&r=g","caption":"Ilona Gosiewska"},"url":"https:\/\/odraniemen.org\/polacy-na-swiecie\/author\/igosiewska\/"}]}},"_links":{"self":[{"href":"https:\/\/odraniemen.org\/polacy-na-swiecie\/wp-json\/wp\/v2\/posts\/966"}],"collection":[{"href":"https:\/\/odraniemen.org\/polacy-na-swiecie\/wp-json\/wp\/v2\/posts"}],"about":[{"href":"https:\/\/odraniemen.org\/polacy-na-swiecie\/wp-json\/wp\/v2\/types\/post"}],"author":[{"embeddable":true,"href":"https:\/\/odraniemen.org\/polacy-na-swiecie\/wp-json\/wp\/v2\/users\/9"}],"replies":[{"embeddable":true,"href":"https:\/\/odraniemen.org\/polacy-na-swiecie\/wp-json\/wp\/v2\/comments?post=966"}],"version-history":[{"count":8,"href":"https:\/\/odraniemen.org\/polacy-na-swiecie\/wp-json\/wp\/v2\/posts\/966\/revisions"}],"predecessor-version":[{"id":992,"href":"https:\/\/odraniemen.org\/polacy-na-swiecie\/wp-json\/wp\/v2\/posts\/966\/revisions\/992"}],"wp:attachment":[{"href":"https:\/\/odraniemen.org\/polacy-na-swiecie\/wp-json\/wp\/v2\/media?parent=966"}],"wp:term":[{"taxonomy":"category","embeddable":true,"href":"https:\/\/odraniemen.org\/polacy-na-swiecie\/wp-json\/wp\/v2\/categories?post=966"},{"taxonomy":"post_tag","embeddable":true,"href":"https:\/\/odraniemen.org\/polacy-na-swiecie\/wp-json\/wp\/v2\/tags?post=966"}],"curies":[{"name":"wp","href":"https:\/\/api.w.org\/{rel}","templated":true}]}}